
{"id":60832,"date":"2016-11-18T01:18:41","date_gmt":"2016-11-17T23:18:41","guid":{"rendered":"http:\/\/www.gdapress.it\/it\/?p=60832"},"modified":"2016-11-18T01:18:41","modified_gmt":"2016-11-17T23:18:41","slug":"pacta-salone-milano-uno-nessuno-centomila","status":"publish","type":"post","link":"https:\/\/www.gdapress.it\/it\/index.php\/60832\/teatro\/pacta-salone-milano-uno-nessuno-centomila.html","title":{"rendered":"PACTA SALONE MILANO UNO, NESSUNO, CENTOMILA"},"content":{"rendered":"<p><img loading=\"lazy\" decoding=\"async\" class=\"alignnone size-medium wp-image-60833\" src=\"http:\/\/www.gdapress.it\/it\/..\/public\/it\/2016\/11\/UnoNessunoCentomila_A.Pazzi_MEDAquino_RMagherini_fotoFulvioMich_b-300x200.jpg\" alt=\"UnoNessunoCentomila_A.Pazzi_MEDAquino_RMagherini_fotoFulvioMich_b\" width=\"300\" height=\"200\" srcset=\"https:\/\/www.gdapress.it\/it\/..\/public\/it\/2016\/11\/UnoNessunoCentomila_A.Pazzi_MEDAquino_RMagherini_fotoFulvioMich_b-300x200.jpg 300w, https:\/\/www.gdapress.it\/it\/..\/public\/it\/2016\/11\/UnoNessunoCentomila_A.Pazzi_MEDAquino_RMagherini_fotoFulvioMich_b-768x512.jpg 768w, https:\/\/www.gdapress.it\/it\/..\/public\/it\/2016\/11\/UnoNessunoCentomila_A.Pazzi_MEDAquino_RMagherini_fotoFulvioMich_b-500x334.jpg 500w, https:\/\/www.gdapress.it\/it\/..\/public\/it\/2016\/11\/UnoNessunoCentomila_A.Pazzi_MEDAquino_RMagherini_fotoFulvioMich_b-720x480.jpg 720w, https:\/\/www.gdapress.it\/it\/..\/public\/it\/2016\/11\/UnoNessunoCentomila_A.Pazzi_MEDAquino_RMagherini_fotoFulvioMich_b-272x182.jpg 272w, https:\/\/www.gdapress.it\/it\/..\/public\/it\/2016\/11\/UnoNessunoCentomila_A.Pazzi_MEDAquino_RMagherini_fotoFulvioMich_b.jpg 1772w\" sizes=\"auto, (max-width: 300px) 100vw, 300px\" \/><\/p>\n<p><strong>UNO, NESSUNO, CENTOMILA<\/strong><\/p>\n<p><strong>di Luigi Pirandello<\/strong><\/p>\n<p>Dal 17 novembre in prima assoluta al PACTA SALONE con la regia di Annig Raimondi<\/p>\n<p>in collaborazione con <em>Ri-Costruzione<\/em>, il progetto riabilitativo del Dipartimento di Salute Mentale dell\u2019ASST di Lodi<\/p>\n<p>Dal <strong>17 novembre al 4 dicembre<\/strong> 2016 al <strong>PACTA SALONE di Via Ulisse Dini<\/strong>, primo Teatro metropolitano di Milano, in <strong>prima assoluta<\/strong> <strong>UNO NESSUNO CENTOMILA di Luigi Pirandello <\/strong>produzione PACTA dei Teatri: una delle pi\u00f9 famose opere dello scrittore rivisitata in collaborazione con <em>Ri-Costruzione<\/em>, il progetto riabilitativo del Dipartimento di Salute Mentale dell\u2019ASST di Lodi, in collaborazione con la Cooperativa Sociale il Mosaico Servizi e finanziato da Regione Lombardia, con la regia di Annig Raimondi, in scena assieme a <strong>Maria Eugenia D\u2019Aquino, Riccardo Magherini<\/strong> e Alessandro Pazzi.<\/p>\n<p><strong>Vitangelo Moscarda<\/strong> (<strong>Geng\u00e9<\/strong> per gli amici) \u00e8 un uomo <strong>comune<\/strong> e <strong>normale<\/strong>. Conduce una vita agiata e priva di problemi grazie alla banca (e alla connessa attivit\u00e0 di usuraio) ereditata dal padre. Un giorno questa tranquillit\u00e0 viene turbata da un commento della moglie Dida: i<strong>l suo naso<\/strong> pende un po\u2019 da una parte. Da questo momento la vita di Geng\u00e9 cambia completamente, poich\u00e9\u00a0si rende conto di apparire agli altri diverso da come si \u00e8 sempre percepito. Cos\u00ec decide di trasformare la sua vita, e, nella speranza di scoprire chi sia veramente, compie azioni che vanno contro a quella che era stata la sua natura sino a quel momento.<\/p>\n<p>\u201cIl relativismo dei punti di vista (a partire dall\u2019opinione che gli altri hanno del naso di Vitangelo&#8230;) spiega come la pazzia sia semplicemente uno dei modi possibili di stare al mondo, e come ogni narrazione umana non possa\u00a0\u2018concludere\u2019\u00a0assolutamente nulla\u201d spiega la regista Annig Raimondi. L&#8217;opera \u00e8 concepita come il diario di un uomo che subisce direttamente le conseguenze dei processi evolutivi in corso nel mondo contemporaneo, avvertendo la propria identit\u00e0 sfaldarsi e perdersi nella corsa verso il progresso.<\/p>\n<p>L\u2019idea registica ha coinvolto nell\u2019allestimento <em>Ri-Costruzione<\/em>, il progetto riabilitativo del Dipartimento di Salute Mentale dell\u2019ASST di Lodi, voluto 10 anni fa in collaborazione con la Cooperativa Sociale il Mosaico Servizi e finanziato da Regione Lombardia: un progetto che ricrea percorsi lavorativi possibili che utilizzino le capacit\u00e0 ideative di soggetti cosiddetti \u2018altri\u2019. Partendo dai disegni preparatori, i creativi del laboratorio <em>Ri-Costruzione<\/em> hanno ideato e realizzato le macchine di scena teatrali. Il lavoro ha portato alla realizzazione di due macchine alchemiche, una realizzata con colori caldi rappresenta il fuoco e il maschile ed \u00e8 alimentata a energia elettrica. L\u2019altra creata con colori freddi simboleggia l\u2019acqua e la femminilit\u00e0 ed \u00e8 una macchina idraulica. Assieme simboleggiano la complessit\u00e0 della natura umana.<\/p>\n<p><strong>PACTA SALONE<\/strong><\/p>\n<p><strong>Dal 17 novembre al 4 dicembre 2016<\/strong>\u00a0\u00a0\u00a0\u00a0\u00a0\u00a0\u00a0\u00a0 \u00a0\u00a0\u00a0\u00a0\u00a0\u00a0\u00a0\u00a0\u00a0\u00a0\u00a0\u00a0\u00a0\u00a0\u00a0\u00a0\u00a0\u00a0\u00a0\u00a0\u00a0\u00a0\u00a0\u00a0\u00a0\u00a0\u00a0\u00a0\u00a0\u00a0\u00a0\u00a0\u00a0\u00a0\u00a0\u00a0\u00a0\u00a0\u00a0\u00a0\u00a0\u00a0\u00a0\u00a0\u00a0\u00a0\u00a0<strong><em>New Classic<\/em><\/strong><\/p>\n<p><strong>UNO NESSUNO CENTOMILA\u00a0\u00a0\u00a0\u00a0\u00a0\u00a0\u00a0\u00a0\u00a0\u00a0\u00a0\u00a0\u00a0\u00a0\u00a0\u00a0\u00a0\u00a0\u00a0\u00a0\u00a0\u00a0\u00a0\u00a0\u00a0\u00a0\u00a0\u00a0\u00a0\u00a0\u00a0\u00a0\u00a0\u00a0\u00a0\u00a0\u00a0\u00a0\u00a0\u00a0\u00a0\u00a0\u00a0 prima assoluta<\/strong><\/p>\n<p>Di Luigi Pirandello<\/p>\n<p>Con <strong>Maria Eugenia D\u2019Aquino, Riccardo Magherini<\/strong><strong>,<\/strong> Alessandro Pazzi, Annig Raimondi<\/p>\n<p>Drammaturgia e regia Annig Raimondi<\/p>\n<p>Musiche originali Maurizio Pisati<\/p>\n<p>Scene Massimo Scheurer<\/p>\n<p>Disegno luci Fulvio Michelazzi<\/p>\n<p>Costumi Nir Lagziel<\/p>\n<p>Produzione PACTA . dei Teatri<\/p>\n<p>in collaborazione con <em>Ri-Costruzione<\/em>, il progetto riabilitativo del Dipartimento di Salute Mentale dell\u2019ASST di Lodi, in collaborazione con la Cooperativa Sociale il Mosaico Servizi e finanziato da Regione Lombardia<\/p>\n<p><strong>Spettacolo inserito in <em>Invito a Teatro<\/em><\/strong><\/p>\n<p><strong>INFO<\/strong><\/p>\n<p><strong>PACTA SALONE<\/strong><\/p>\n<p>via Ulisse Dini 7, 20142 Milano<\/p>\n<p>MM2 P.zza Abbiategrasso-Chiesa Rossa, tram 3 e 15<\/p>\n<p><strong>Per informazioni: <\/strong><a href=\"http:\/\/www.pacta.org\/\">www.pacta.org<\/a><strong> &#8211;<\/strong> mail <a href=\"mailto:biglietteria@pacta.org\">biglietteria@pacta.org<\/a> &#8211; <a href=\"mailto:promozione@pacta.org\">promozione@pacta.org<\/a> &#8211; tel. 0236503740 \u2013 ufficio scuole: <a href=\"mailto:ufficioscuole@pacta.org\">ufficioscuole@pacta.org<\/a><\/p>\n<p><strong>Orari biglietteria:<\/strong> via Ulisse Dini 7, 20142 Milano<\/p>\n<p>dal lun al ven dalle ore 16.00 alle ore 19.00<\/p>\n<p>nei giorni di spettacolo: dal mar al sab dalle 16 \u2013 dom dalle 15<\/p>\n<p><strong>Biglietti<\/strong>: Intero \u20ac24 | Rid. Convenzioni \u20ac18 | Under 25\/over 60 \u20ac12 | CRAL e gruppi \u20ac10 (min. 10 persone) | gruppi scuola \u20ac9 | Prevendita \u20ac1,50 &#8211; <strong>ABBONAMENTI: ALL YOU CAN SEE ingressi illimitati \u20ac130,00 &#8211; CARTA AMICI DI PACTA 6 spettacoli \u20ac60,00 &#8211; CARTA TANDEM 2 ingressi a 2 spettacoli \u20ac38,00<\/strong><strong> \u2013 CARTA FAMIGLIA (minimo 3 persone) <\/strong><strong>\u20ac24,00 <\/strong><\/p>\n<p><strong>Orari spettacoli <\/strong>da marted\u00ec a sabato ore 20.45, domenica ore 17.00, luned\u00ec riposo<\/p>\n<p><strong>\u00a0<\/strong><\/p>\n","protected":false},"excerpt":{"rendered":"<p>UNO, NESSUNO, CENTOMILA di Luigi Pirandello Dal 17 novembre in prima assoluta al PACTA SALONE con la regia di Annig Raimondi in collaborazione con Ri-Costruzione, il progetto riabilitativo del Dipartimento di Salute Mentale dell\u2019ASST di Lodi Dal 17 novembre al 4 dicembre 2016 al PACTA SALONE di Via Ulisse Dini, primo Teatro metropolitano di Milano, &hellip; <a href=\"https:\/\/www.gdapress.it\/it\/index.php\/60832\/teatro\/pacta-salone-milano-uno-nessuno-centomila.html\" class=\"more-link\">Read more <span class=\"screen-reader-text\">PACTA SALONE MILANO UNO, NESSUNO, CENTOMILA<\/span><\/a><\/p>\n","protected":false},"author":3,"featured_media":60833,"comment_status":"closed","ping_status":"open","sticky":false,"template":"","format":"standard","meta":{"footnotes":""},"categories":[1],"tags":[17,19033,19034],"class_list":["post-60832","post","type-post","status-publish","format-standard","has-post-thumbnail","hentry","category-teatro","tag-milano","tag-pacta-salone","tag-uno-nessuno-centomila"],"_links":{"self":[{"href":"https:\/\/www.gdapress.it\/it\/index.php\/wp-json\/wp\/v2\/posts\/60832","targetHints":{"allow":["GET"]}}],"collection":[{"href":"https:\/\/www.gdapress.it\/it\/index.php\/wp-json\/wp\/v2\/posts"}],"about":[{"href":"https:\/\/www.gdapress.it\/it\/index.php\/wp-json\/wp\/v2\/types\/post"}],"author":[{"embeddable":true,"href":"https:\/\/www.gdapress.it\/it\/index.php\/wp-json\/wp\/v2\/users\/3"}],"replies":[{"embeddable":true,"href":"https:\/\/www.gdapress.it\/it\/index.php\/wp-json\/wp\/v2\/comments?post=60832"}],"version-history":[{"count":1,"href":"https:\/\/www.gdapress.it\/it\/index.php\/wp-json\/wp\/v2\/posts\/60832\/revisions"}],"predecessor-version":[{"id":60834,"href":"https:\/\/www.gdapress.it\/it\/index.php\/wp-json\/wp\/v2\/posts\/60832\/revisions\/60834"}],"wp:featuredmedia":[{"embeddable":true,"href":"https:\/\/www.gdapress.it\/it\/index.php\/wp-json\/wp\/v2\/media\/60833"}],"wp:attachment":[{"href":"https:\/\/www.gdapress.it\/it\/index.php\/wp-json\/wp\/v2\/media?parent=60832"}],"wp:term":[{"taxonomy":"category","embeddable":true,"href":"https:\/\/www.gdapress.it\/it\/index.php\/wp-json\/wp\/v2\/categories?post=60832"},{"taxonomy":"post_tag","embeddable":true,"href":"https:\/\/www.gdapress.it\/it\/index.php\/wp-json\/wp\/v2\/tags?post=60832"}],"curies":[{"name":"wp","href":"https:\/\/api.w.org\/{rel}","templated":true}]}}