
{"id":60735,"date":"2016-11-15T10:13:49","date_gmt":"2016-11-15T08:13:49","guid":{"rendered":"http:\/\/www.gdapress.it\/it\/?p=60735"},"modified":"2016-11-15T10:13:49","modified_gmt":"2016-11-15T08:13:49","slug":"al-piccolo-teatro-strehler-the-pride-luca-zingaretti","status":"publish","type":"post","link":"https:\/\/www.gdapress.it\/it\/index.php\/60735\/teatro\/al-piccolo-teatro-strehler-the-pride-luca-zingaretti.html","title":{"rendered":"al Piccolo Teatro Strehler  The Pride, Luca Zingaretti"},"content":{"rendered":"<p><img loading=\"lazy\" decoding=\"async\" class=\"alignnone size-medium wp-image-60736\" src=\"http:\/\/www.gdapress.it\/it\/..\/public\/it\/2016\/11\/1478695443_THE-PRIDE-1-300x211.jpg\" alt=\"1478695443_THE PRIDE 1\" width=\"300\" height=\"211\" srcset=\"https:\/\/www.gdapress.it\/it\/..\/public\/it\/2016\/11\/1478695443_THE-PRIDE-1-300x211.jpg 300w, https:\/\/www.gdapress.it\/it\/..\/public\/it\/2016\/11\/1478695443_THE-PRIDE-1-768x540.jpg 768w, https:\/\/www.gdapress.it\/it\/..\/public\/it\/2016\/11\/1478695443_THE-PRIDE-1-500x352.jpg 500w\" sizes=\"auto, (max-width: 300px) 100vw, 300px\" \/><\/p>\n<p><em>Dal 15 novembre al 4 dicembre <\/em><em>al Piccolo Teatro Strehler<\/em><\/p>\n<p><strong><em>The Pride<\/em><\/strong><strong>, Luca Zingaretti<\/strong><\/p>\n<p><strong>Due storie distinte, \u00a0ambientate in anni diversi e apparentemente senza nulla in comune, che, nel loro dipanarsi, generano riflessi e rimandi intorno al tema centrale dell\u2019identit\u00e0.<\/strong><\/p>\n<p>Luca Zingaretti dirige e interpreta <em>The Pride<\/em> &#8211; al Piccolo Teatro Strehler dal 15 novembre al 4 dicembre &#8211; un testo costruito su un\u2019alternanza tra due storie distinte che si svolgono in periodi diversi: il 1958 e il 2015.<\/p>\n<p><strong>Londra 1958<\/strong> \u00c8 una serata speciale. Sylvia, una ex attrice reduce da un esaurimento nervoso, sta lavorando alle illustrazioni del libro di Oliver, uno scrittore per ragazzi. Non vede l\u2019ora di presentarlo al marito Philip e quella sera, finalmente, usciranno a cena insieme. Quel lavoro \u00e8 un\u2019occasione importante per lei e ci tiene che i due uomini pi\u00f9 importanti della sua vita vadano d\u2019accordo.<\/p>\n<p><strong>Londra 2015<\/strong> \u00c8 una serata da incubo. Oliver, un giornalista gay, ha appena rotto con Philip, un photoreporter con il quale ha avuto una storia di due anni. Sylvia, amica di entrambi, cercher\u00e0 di indagare i motivi per cui Oliver sta cercando di sabotare una relazione importante come quella che ha con Philip.<\/p>\n<p>A prima vista, i due episodi sembrano non avere nulla in comune, a parte i nomi dei personaggi. Ma via via che ci si inoltra nelle due vicende, si scoprono echi, rimandi e problematiche affini. In entrambe, i tre ruoli principali, oltre a condividere gli stessi nomi, sono interpretati dagli stessi attori, a sottolineare come i personaggi di una storia siano le ombre di quelli dell\u2019altra.<\/p>\n<p>The Pride esplora temi come il destino, l\u2019amore, la fedelt\u00e0 e il perdono. Pone la grande questione dell\u2019identit\u00e0 e delle scelte che determinano il nostro io pi\u00f9 profondo. Perch\u00e9 nella vita, tutti, prima o poi, ci troviamo ad affrontare lo stesso dilemma: scoprire chi siamo veramente, cosa veramente vogliamo dalla vita e rispondere all\u2019interrogativo se saremo capaci di raggiungerlo.<\/p>\n<p><strong><u>LA SCHEDA DELLO SPETTACOLO<\/u><\/strong><br \/>\n<strong>Piccolo Teatro Strehler <\/strong>(Largo Greppi \u2013 M2 Lanza)<strong> dal 15 novembre al 4 dicembre 2016<br \/>\n<\/strong><strong>The Pride<\/strong><strong><br \/>\n<\/strong>di\u00a0Alexi Kaye Campbell,\u00a0traduzione\u00a0Monica Capuani<br \/>\ncon\u00a0Luca Zingaretti<br \/>\ne con\u00a0Valeria Milillo, Maurizio Lombardi, Alex Cendron<br \/>\nscene\u00a0Andr\u00e9\u00a0Benaim,\u00a0luci\u00a0Pasquale Mari<br \/>\ncostumi\u00a0Chiara Ferrantini,\u00a0musiche\u00a0Arturo Annecchino<br \/>\nregia\u00a0Luca Zingaretti<br \/>\n<em>produzione\u00a0Zocotoco srl<\/em><\/p>\n<p>Orari: marted\u00ec, gioved\u00ec e sabato, 19.30; mercoled\u00ec e venerd\u00ec 20.30; domenica 16. Luned\u00ec riposo.<\/p>\n<p>Durata: 2 ore e 25 minuti compreso intervallo<\/p>\n<p>Prezzi: platea 33 euro, balconata 26 euro<\/p>\n<p>Informazioni e prenotazioni 0242411889 &#8211; <a href=\"http:\/\/www.piccoloteatro.org\/\">www.piccoloteatro.org<\/a><\/p>\n<p>&nbsp;<\/p>\n<p>&nbsp;<\/p>\n","protected":false},"excerpt":{"rendered":"<p>Dal 15 novembre al 4 dicembre al Piccolo Teatro Strehler The Pride, Luca Zingaretti Due storie distinte, \u00a0ambientate in anni diversi e apparentemente senza nulla in comune, che, nel loro dipanarsi, generano riflessi e rimandi intorno al tema centrale dell\u2019identit\u00e0. Luca Zingaretti dirige e interpreta The Pride &#8211; al Piccolo Teatro Strehler dal 15 novembre &hellip; <a href=\"https:\/\/www.gdapress.it\/it\/index.php\/60735\/teatro\/al-piccolo-teatro-strehler-the-pride-luca-zingaretti.html\" class=\"more-link\">Read more <span class=\"screen-reader-text\">al Piccolo Teatro Strehler  The Pride, Luca Zingaretti<\/span><\/a><\/p>\n","protected":false},"author":3,"featured_media":60736,"comment_status":"closed","ping_status":"open","sticky":false,"template":"","format":"standard","meta":{"footnotes":""},"categories":[1],"tags":[19004,18691,19003],"class_list":["post-60735","post","type-post","status-publish","format-standard","has-post-thumbnail","hentry","category-teatro","tag-luca-zingaretti","tag-piccolo-teatro-strehler","tag-the-pride"],"_links":{"self":[{"href":"https:\/\/www.gdapress.it\/it\/index.php\/wp-json\/wp\/v2\/posts\/60735","targetHints":{"allow":["GET"]}}],"collection":[{"href":"https:\/\/www.gdapress.it\/it\/index.php\/wp-json\/wp\/v2\/posts"}],"about":[{"href":"https:\/\/www.gdapress.it\/it\/index.php\/wp-json\/wp\/v2\/types\/post"}],"author":[{"embeddable":true,"href":"https:\/\/www.gdapress.it\/it\/index.php\/wp-json\/wp\/v2\/users\/3"}],"replies":[{"embeddable":true,"href":"https:\/\/www.gdapress.it\/it\/index.php\/wp-json\/wp\/v2\/comments?post=60735"}],"version-history":[{"count":1,"href":"https:\/\/www.gdapress.it\/it\/index.php\/wp-json\/wp\/v2\/posts\/60735\/revisions"}],"predecessor-version":[{"id":60737,"href":"https:\/\/www.gdapress.it\/it\/index.php\/wp-json\/wp\/v2\/posts\/60735\/revisions\/60737"}],"wp:featuredmedia":[{"embeddable":true,"href":"https:\/\/www.gdapress.it\/it\/index.php\/wp-json\/wp\/v2\/media\/60736"}],"wp:attachment":[{"href":"https:\/\/www.gdapress.it\/it\/index.php\/wp-json\/wp\/v2\/media?parent=60735"}],"wp:term":[{"taxonomy":"category","embeddable":true,"href":"https:\/\/www.gdapress.it\/it\/index.php\/wp-json\/wp\/v2\/categories?post=60735"},{"taxonomy":"post_tag","embeddable":true,"href":"https:\/\/www.gdapress.it\/it\/index.php\/wp-json\/wp\/v2\/tags?post=60735"}],"curies":[{"name":"wp","href":"https:\/\/api.w.org\/{rel}","templated":true}]}}