
{"id":60684,"date":"2016-11-11T12:24:32","date_gmt":"2016-11-11T10:24:32","guid":{"rendered":"http:\/\/www.gdapress.it\/it\/?p=60684"},"modified":"2016-11-15T19:02:32","modified_gmt":"2016-11-15T17:02:32","slug":"laverdi-mahler-binomio-perfetto","status":"publish","type":"post","link":"https:\/\/www.gdapress.it\/it\/index.php\/60684\/musica\/laverdi-mahler-binomio-perfetto.html","title":{"rendered":"laVerdi e Mahler, binomio perfetto"},"content":{"rendered":"<p><img loading=\"lazy\" decoding=\"async\" class=\"alignnone size-medium wp-image-60685\" src=\"http:\/\/www.gdapress.it\/it\/..\/public\/it\/2016\/11\/Claus-Peter-Flor-prove-credits-Marco-Biancardi-7-200x300.jpg\" alt=\"Claus Peter Flor - prove - credits Marco Biancardi (7)\" width=\"200\" height=\"300\" srcset=\"https:\/\/www.gdapress.it\/it\/..\/public\/it\/2016\/11\/Claus-Peter-Flor-prove-credits-Marco-Biancardi-7-200x300.jpg 200w, https:\/\/www.gdapress.it\/it\/..\/public\/it\/2016\/11\/Claus-Peter-Flor-prove-credits-Marco-Biancardi-7-266x400.jpg 266w, https:\/\/www.gdapress.it\/it\/..\/public\/it\/2016\/11\/Claus-Peter-Flor-prove-credits-Marco-Biancardi-7.jpg 567w\" sizes=\"auto, (max-width: 200px) 100vw, 200px\" \/><\/p>\n<p>Stagione sinfonica 2016<\/p>\n<p><strong>laVerdi e Mahler, binomio perfetto<\/strong><\/p>\n<p>Claus Peter Flor torna sul podio dell\u2019Auditorium di Milano<\/p>\n<p>per dirigere la Quinta sinfonia del grande boemo<\/p>\n<p><strong>venerd\u00ec 11 <\/strong>e<strong> domenica 13 Novembre<\/strong><\/p>\n<p>Auditorium di Milano, largo Mahler<\/p>\n<p><strong>Orchestra Sinfonica di Milano Giuseppe Verdi <\/strong><\/p>\n<p>Direttore <strong>Claus Peter Flor<\/strong><\/p>\n<p>Dopo il \u201csold out\u201d di ottobre, con l\u2019accoppiata Terza sinfonia di Beethoven (<em>Eroica<\/em>) e Terza di Schumann (<em>Renana)<\/em>, <strong>Claus Peter Flor<\/strong> torna alla guida dell\u2019<strong>Orchestra Sinfonica d Milano Giuseppe Verdi<\/strong> con un capolavoro del sinfonismo universale e un <em>must<\/em> de laVerdi stessa: la Quinta sinfonia di <strong>Gustav Mahler<\/strong>, vero e proprio affresco musicale che riporta laVerdi sulle corde del suo autore d\u2019elezione e che ritorna all\u2019Auditorium dopo quattro anni.<\/p>\n<p>Doppio appuntamento <strong>venerd\u00ec 11 (ore 20.00)<\/strong> e <strong>domenica 13 novembre (ore 16.00)<\/strong>, all\u2019<strong>Auditorium di Milano <\/strong>in largo Mahler per un classico appuntamento \u201cda non perdere\u201d.<\/p>\n<p><strong>Venerd\u00ec 11 novembre<\/strong>, sempre in Auditorium (ore 18.00, ingresso libero, Foyer del balconata), si terr\u00e0 la tradizionale conferenza di introduzione al programma, dal titolo: \u201c<em>La Quinta di Mahler, una sinfonia di passaggio<\/em>\u201d; <strong>Lorenzo Casati<\/strong> approfondir\u00e0 genesi e caratteristiche di una composizione che ha segnato un punto di svolta nella produzione mahleriana.<\/p>\n<p>(<strong>Biglietti<\/strong>: euro 35,00\/15,00; <strong>info e prenotazioni<\/strong>: Auditorium di Milano Fondazione Cariplo, largo Mahler, orari apertura: mar \u2013 dom ore 14.30 \u2013 19.00, tel. 02.83389401\/2\/3; on line: <a href=\"http:\/\/www.laverdi.org\/\">www.laverdi.org<\/a> o <a href=\"http:\/\/www.vivaticket.it\/\">www.vivaticket.it<\/a> ).<\/p>\n<p><strong>Programma<\/strong><\/p>\n<p>La Sinfonia n 5 in Do diesis minore di <strong>Gustav Mahler<\/strong> fu composta tra il 1901 e il 1902, mentre la prima esecuzione \u00e8 del 18 ottobre 1904 a Colonia, sotto la direzione dello stesso autore. Scritta nel periodo di piena maturit\u00e0 artistica del compositore, la Quinta ha molti aspetti particolari: prima di tutto, il compositore scelse di non specificare alcuna tonalit\u00e0, vista la differenza di ognuno dei cinque movimenti di cui \u00e8 composta; in secondo luogo, l\u2019organico denso e ricco inserisce appieno questa composizione nella grande tradizione sinfonica tedesca. Le sonorit\u00e0 ricche di tensione portano l\u2019intero impianto orchestrale a toccare picchi di estrema drammaticit\u00e0 con un inevitabile coinvolgimento emotivo. Opposta a questa musicalit\u00e0 disperata, una molto pi\u00f9 dolce e serena a conferma della molteplicit\u00e0 di stili che Mahler adottava nelle sue opere. A partire dalla Quinta, la musica di Mahler si sposta verso una maggiore astrazione, dichiarando l\u2019impossibilit\u00e0 di una visione limpida dell\u2019universo. Nonostante il chiaramente distinguibili grazie ai temi e alle atmosfere carattere profondamente frammentario, questa sinfonia presenta comunque una straordinaria compattezza formale con i cinque movimenti espressive.<\/p>\n<p><strong>Biografie<\/strong><\/p>\n<p><strong>Claus Peter Flor<\/strong>, <em>Direttore<\/em>. Rispettato dai musicisti di tutto il mondo per il grandissimo talento e l\u2019istinto musicale, Claus Peter Flor continua la sua carriera ad alti livelli internazionali: di rilievo il suo recente ritorno all&#8217;Orchestre Philharmonique de Strasbourg, alla Royal Liverpool Philharmonic Orchestra, all&#8217;Orchestra Verdi di Milano e alla Vienna Tonk\u00fcnstler Orchestra, per citarne alcuni. La scorsa stagione ha diretto orchestre quali la Singapore Symphony Orchestra, Russian National Orchestra, China National Symphony, Frankfurter Museumsorchester ed \u00e8 tornato alla Residentie Orkest. Questa estate, il M\u00b0 Flor ha diretto nuovamente la Vienna Symphony per concerti al Festival di Bregenz e si \u00e8 esibito con l&#8217;Orchestra Sinfonica KBS di Seoul. Nella Stagione 2014\/15, Flor ha diretto l\u2019Orquestra Sinf\u00f4nica Brasileira di Rio de Janeiro e alcuni concerti con la Sapporo Symphony Orchestra in Giappone.<\/p>\n<p>Come direttore d&#8217;opera, continua il suo rapporto con il Theatre du Capitole di Tolos, dove la scorsa stagione ha diretto un revival di <em>Madama Butterfly<\/em> di Puccini mentre nelle stagioni precedenti ha diretto nuove produzioni di <em>Die Zauberfl\u00f6te<\/em> di Mozart e <em>Hansel e Gretel<\/em> di Humperdinck. Nel 2015 \u00e8 tornato per una nuova produzione di <em>Tristano e Isotta<\/em>.<\/p>\n<p>Precedenti collaborazioni operistiche includono la produzione di <em>Siegfried<\/em> di Wagner, per la regia di David McVicar, con l\u2019Op\u00e9ra di Strasburgo nel 2008 e altre produzioni con la Staatsoper di Berlino, Deutsche Oper di Berlino e di Monaco e con i teatri d&#8217;opera di Dresda, Amburgo e Colonia.<\/p>\n<p>Ha diretto <em>Le Nozze di Figaro<\/em> di Mozart e <em>Die Meistersinger<\/em> di Wagner a La Monnaie di Bruxelles, con quest\u2019ultima in tour a Tokyo, <em>Die Zauberfl\u00f6te<\/em> di Mozart per la Houston Grand Opera, <em>Euryanthe<\/em> di Weber per la Netherlands Opera con la Royal Concertgebouw Orchestra e <em>La Boh\u00e8me<\/em> di Puccini per la Dallas Opera<\/p>\n<p>Flor ha prodotto una ricca discografia, tra cui una serie acclamata di registrazioni di Mendelssohn con i Bamberger Symphoniker, che sono state recentemente ripubblicate dalla Sony\/BMG. Pi\u00f9 di recente ha registrato tre cd con la Malaysian Philharmonic per l&#8217;etichetta BIS: Asrael Symphony di Suk uscito nel 2009 e le Sinfonie No.7 e No. 8 di Dvorak nel 2012.<\/p>\n<p>Nato a Lipsia nel 1953, Flor ha iniziato la sua carriera musicale con lo studio del violino a Weimar e Lipsia, prima di concentrarsi sulla direzione d&#8217;orchestra con Rolf Reuter e successivamente con Rafael Kubelik e Kurt Sanderling. All&#8217;et\u00e0 di 31 anni \u00e8 diventato Direttore Musicale Generale della Konzerthausorchester di Berlino e ha iniziato collaborazioni regolari con le maggiori orchestre tedesche: Leipzig Gewandhaus e Dresden Staatskapelle. Nel 1988 ha fatto il suo debutto con la Filarmonica di Berlino, dove ha fatto ritorno per due volte.<\/p>\n<p>Prima della sua posizione di Direttore Musicale della Malaysian Philharmonic Orchestra dal 2008 al 2014, Flor ha ricoperto la carica di Direttore Ospite Principale dell&#8217;Orchestra Sinfonica di Milano Giuseppe Verdi (2003-2008), su invito personale dell\u2019allora direttore musicale Riccardo Chailly, con il compito di sviluppare il lavoro dell&#8217;orchestra nel repertorio dell\u2019Europa centrale. Dal 1999-2008 \u00e8 stato anche Direttore Ospite della Dallas Symphony Orchestra. Inoltre, \u00e8 stato Direttore Ospite Principale dell&#8217;Orchestra Philharmonia (1991-1994) e Consulente Artistico al Z\u00fcrich Tonhalle Orchestra (1991-1996).<\/p>\n<p>Nell\u2019aprile del 2015 ha diretto laVerdi nella spettacolare Terza Sinfonia di Mahler e nel 2016, sempre con laVerdi, lo <em>Stabat Mater<\/em> di Dvo\u0159\u00e1k e la <em>Sinfonia Fantastica<\/em> di Berlioz.<\/p>\n<p><strong>\u00a0<\/strong><\/p>\n<p class=\"x_MsoNormal\"><b>Fondazione Orchestra Sinfonica e Coro Sinfonico<\/b><\/p>\n<p class=\"x_MsoNormal\"><b>di Milano Giuseppe Verdi<\/b><\/p>\n<p class=\"x_MsoNormal\">Piazza Tito Lucrezio Caro<\/p>\n<p class=\"x_MsoNormal\">20136 Milano<\/p>\n<p class=\"x_MsoNormal\"><a href=\"http:\/\/www.laverdi.org\/\" target=\"_blank\">www.laverdi.org<\/a><\/p>\n<p><strong>\u00a0Crediti foto: Marco Biancardi<\/strong><\/p>\n<p><strong>\u00a0<\/strong><\/p>\n<p>&nbsp;<\/p>\n","protected":false},"excerpt":{"rendered":"<p>Stagione sinfonica 2016 laVerdi e Mahler, binomio perfetto Claus Peter Flor torna sul podio dell\u2019Auditorium di Milano per dirigere la Quinta sinfonia del grande boemo venerd\u00ec 11 e domenica 13 Novembre Auditorium di Milano, largo Mahler Orchestra Sinfonica di Milano Giuseppe Verdi Direttore Claus Peter Flor Dopo il \u201csold out\u201d di ottobre, con l\u2019accoppiata Terza &hellip; <a href=\"https:\/\/www.gdapress.it\/it\/index.php\/60684\/musica\/laverdi-mahler-binomio-perfetto.html\" class=\"more-link\">Read more <span class=\"screen-reader-text\">laVerdi e Mahler, binomio perfetto<\/span><\/a><\/p>\n","protected":false},"author":3,"featured_media":60685,"comment_status":"closed","ping_status":"open","sticky":false,"template":"","format":"standard","meta":{"footnotes":""},"categories":[19],"tags":[1494,1519],"class_list":["post-60684","post","type-post","status-publish","format-standard","has-post-thumbnail","hentry","category-musica","tag-laverdi","tag-mahler"],"_links":{"self":[{"href":"https:\/\/www.gdapress.it\/it\/index.php\/wp-json\/wp\/v2\/posts\/60684","targetHints":{"allow":["GET"]}}],"collection":[{"href":"https:\/\/www.gdapress.it\/it\/index.php\/wp-json\/wp\/v2\/posts"}],"about":[{"href":"https:\/\/www.gdapress.it\/it\/index.php\/wp-json\/wp\/v2\/types\/post"}],"author":[{"embeddable":true,"href":"https:\/\/www.gdapress.it\/it\/index.php\/wp-json\/wp\/v2\/users\/3"}],"replies":[{"embeddable":true,"href":"https:\/\/www.gdapress.it\/it\/index.php\/wp-json\/wp\/v2\/comments?post=60684"}],"version-history":[{"count":3,"href":"https:\/\/www.gdapress.it\/it\/index.php\/wp-json\/wp\/v2\/posts\/60684\/revisions"}],"predecessor-version":[{"id":60767,"href":"https:\/\/www.gdapress.it\/it\/index.php\/wp-json\/wp\/v2\/posts\/60684\/revisions\/60767"}],"wp:featuredmedia":[{"embeddable":true,"href":"https:\/\/www.gdapress.it\/it\/index.php\/wp-json\/wp\/v2\/media\/60685"}],"wp:attachment":[{"href":"https:\/\/www.gdapress.it\/it\/index.php\/wp-json\/wp\/v2\/media?parent=60684"}],"wp:term":[{"taxonomy":"category","embeddable":true,"href":"https:\/\/www.gdapress.it\/it\/index.php\/wp-json\/wp\/v2\/categories?post=60684"},{"taxonomy":"post_tag","embeddable":true,"href":"https:\/\/www.gdapress.it\/it\/index.php\/wp-json\/wp\/v2\/tags?post=60684"}],"curies":[{"name":"wp","href":"https:\/\/api.w.org\/{rel}","templated":true}]}}