
{"id":60628,"date":"2016-11-08T19:44:12","date_gmt":"2016-11-08T17:44:12","guid":{"rendered":"http:\/\/www.gdapress.it\/it\/?p=60628"},"modified":"2016-11-08T19:44:12","modified_gmt":"2016-11-08T17:44:12","slug":"al-piccolo-teatro-strehler-vangelo-pippo-delbono","status":"publish","type":"post","link":"https:\/\/www.gdapress.it\/it\/index.php\/60628\/teatro\/al-piccolo-teatro-strehler-vangelo-pippo-delbono.html","title":{"rendered":"Al Piccolo Teatro Strehler  Il Vangelo di Pippo Delbono"},"content":{"rendered":"<p><img loading=\"lazy\" decoding=\"async\" class=\"alignnone size-medium wp-image-60630\" src=\"http:\/\/www.gdapress.it\/it\/..\/public\/it\/2016\/11\/1477045701_Delbono-1-bassa-300x200.jpg\" alt=\"1477045701_Delbono 1 bassa\" width=\"300\" height=\"200\" srcset=\"https:\/\/www.gdapress.it\/it\/..\/public\/it\/2016\/11\/1477045701_Delbono-1-bassa-300x200.jpg 300w, https:\/\/www.gdapress.it\/it\/..\/public\/it\/2016\/11\/1477045701_Delbono-1-bassa-768x512.jpg 768w, https:\/\/www.gdapress.it\/it\/..\/public\/it\/2016\/11\/1477045701_Delbono-1-bassa-500x333.jpg 500w, https:\/\/www.gdapress.it\/it\/..\/public\/it\/2016\/11\/1477045701_Delbono-1-bassa-720x480.jpg 720w, https:\/\/www.gdapress.it\/it\/..\/public\/it\/2016\/11\/1477045701_Delbono-1-bassa-272x182.jpg 272w, https:\/\/www.gdapress.it\/it\/..\/public\/it\/2016\/11\/1477045701_Delbono-1-bassa.jpg 1200w\" sizes=\"auto, (max-width: 300px) 100vw, 300px\" \/><\/p>\n<p><em>Dall\u20198 al 13 novembre <\/em><em>al Piccolo Teatro Strehler<\/em><\/p>\n<p><strong>Il <em>Vangelo<\/em> di Pippo Delbono<\/strong><\/p>\n<p><u>La suggestione delle musiche di Enzo Avitabile, memorie<\/u><\/p>\n<p><u>e immagini di una delle guerre pi\u00f9 feroci della storia contemporanea<\/u><\/p>\n<p><strong><em>Vangelo<\/em><\/strong><strong>\u00a0\u00e8 un lavoro corale, creato a Zagabria con l\u2019orchestra, il coro, i danzatori e gli attori del Teatro Nazionale Croato insieme agli attori della compagnia che da anni segue Pippo Delbono. <\/strong><\/p>\n<p>Pippo Delbono da molti anni abita la scena come luogo di ricerca, lavorando negli spazi fertili tra pubblico e personale, tra autobiografia e storia. <em>Vangelo<\/em> segna un nuovo passo in questo percorso sovrapponendo, sul tracciato musicale di un compositore, Enzo Avitabile, che abita da sempre geografie sonore liminari, un\u2019esperienza artistica intensamente collettiva con un\u2019esperienza umana tragicamente collettiva, quella della guerra. Lo spettacolo si nutre della memoria forte degli attori che hanno attraversato una guerra che ha cambiato la storia, i luoghi e i confini del loro paese. Confini che, proprio durante la creazione di Vangelo, sono stati sconvolti dall\u2019arrivo di diecimila persone tra donne, uomini e bambini alla ricerca disperata di una terra promessa.<\/p>\n<p><em>Qualche giorno prima di morire mia madre, fervente cattolica, mi ha detto: &#8220;Perch\u00e9 non fai uno spettacolo sul Vangelo? Cos\u00ec dai un messaggio d\u2019amore. C\u2019\u00e8 n\u2019\u00e8 cos\u00ec tanto bisogno di questi tempi&#8221;. Cos\u00ec ho iniziato a filmare e a fotografare le immagini che ho incontrato nei miei viaggi. Immagini di Madonne, di Cristi, di martiri. Ovunque ho visto Cristi dai volti dolorosi, seri. Molto poco ho visto la gioia nei loro volti. Mi sono sentito come in prigione. E cos\u00ec mi sono perduto, come faccio sempre quando costruisco i miei spettacoli, dimenticando quel Vangelo, o forse portandomi dietro di quel Vangelo solo il nome. Sono finito a incontrare persone che erano arrivate in mare dall\u2019Africa e dal Medio Oriente, attraversando oceani ma anche deserti, frontiere, carceri, muri. Ho incontrato anche degli zingari, che abitavano in luoghi di totale degradazione e ho iniziato a stare con quei profughi, a conoscerli, a condividere con loro la vita. Li ho ospitati da me, e loro mi hanno ospitato nel loro centro di accoglienza. Abbiamo condiviso le storie, il cibo, il tempo.<\/em><\/p>\n<p><em>Ho iniziato a cercare paesaggi, mari, tramonti, cieli che mi raccontassero miracoli, luce. Poi mi sono trovato a guardare per dieci giorni un crocifisso appeso a un muro bianco, io, inchiodato in un letto di ospedale per una malattia agli occhi. Vedevo doppio e cercavo di mettere a fuoco quell\u2019immagine davanti a me. Vagavo per i corridoi dell\u2019ospedale, cercando di raccontare quel mio disperato e grottesco vedere doppio. Come vedo doppio, disperato e grottesco questo tempo che attraversiamo, dove non riconosci pi\u00f9 il vero dal falso, il reale dall\u2019irreale, dove l\u2019esasperazione del moderno ci ha fatto dimenticare qualcosa di sacro, di antico.<\/em><\/p>\n<p><em>Alla fine mi sono rimaste dentro quelle immagini, quelle voci, quei suoni, quegli echi, quei silenzi sentiti nei campi di zingari e di profughi, nelle corsie d\u2019ospedale, ma anche quella forza vitale, quella inspiegabile gioia trovata nei luoghi deputati al dolore.<\/em><\/p>\n<p><strong>Pippo Delbono<\/strong><\/p>\n<h4>LA SCHEDA DELLO SPETTACOLO<br \/>\n<strong>Piccolo Teatro Strehler<\/strong> (Largo Greppi \u2013 M2 Lanza), <strong>dall\u20198 al 13 novembre 2016<\/strong><br \/>\n<strong>Vangelo<\/strong><br \/>\nuno spettacolo di\u00a0Pippo Delbono<br \/>\ncon\u00a0Gianluca Ballar\u00e8, Bob\u00f2, Margherita Clemente, Pippo Delbono, Ilaria Distante, Simone Goggiano, Mario Intruglio, Nelson Lariccia, Gianni Parenti, Alma Prica, Pepe Robledo, Grazia Spinella, Nina Violi\u0107, Safi Zakria, Mirta Ze\u010devi\u0107<br \/>\ncon la partecipazione nel film dei rifugiati del centro di accoglienza PIAM di Asti<br \/>\nimmagini e film\u00a0Pippo Delbono<br \/>\nmusiche originali digitali per orchestra e coro polifonico\u00a0Enzo Avitabile<br \/>\nscene\u00a0Claude Santerre,\u00a0costumi\u00a0Antonella Cannarozzi,\u00a0disegno luci\u00a0Fabio Sajiz<br \/>\n<em>produzione\u00a0Emilia Romagna Teatro Fondazione, Hrvatsko Narodno Kazali\u0161te- Zagabria<br \/>\ncoproduzione\u00a0Th\u00e9\u00e2tre Vidy- Lausanne,<\/em><\/h4>\n<p><em>Maison de la Culture d&#8217;Amiens &#8211; Centre de Cr\u00e9ation et de Production, Th\u00e9\u00e2tre de Li\u00e8ge<\/em><\/p>\n<p>Orari: marted\u00ec, gioved\u00ec e sabato, 19.30; mercoled\u00ec e venerd\u00ec 20.30; domenica 16. Luned\u00ec riposo.<\/p>\n<p>Durata: 1 ora e 40 minuti<\/p>\n<p>Prezzi: platea 33 euro, balconata 26 euro<\/p>\n<p>Informazioni e prenotazioni 0242411889 &#8211; <a href=\"http:\/\/www.piccoloteatro.org\/\">www.piccoloteatro.org<\/a><\/p>\n","protected":false},"excerpt":{"rendered":"<p>Dall\u20198 al 13 novembre al Piccolo Teatro Strehler Il Vangelo di Pippo Delbono La suggestione delle musiche di Enzo Avitabile, memorie e immagini di una delle guerre pi\u00f9 feroci della storia contemporanea Vangelo\u00a0\u00e8 un lavoro corale, creato a Zagabria con l\u2019orchestra, il coro, i danzatori e gli attori del Teatro Nazionale Croato insieme agli attori &hellip; <a href=\"https:\/\/www.gdapress.it\/it\/index.php\/60628\/teatro\/al-piccolo-teatro-strehler-vangelo-pippo-delbono.html\" class=\"more-link\">Read more <span class=\"screen-reader-text\">Al Piccolo Teatro Strehler  Il Vangelo di Pippo Delbono<\/span><\/a><\/p>\n","protected":false},"author":3,"featured_media":60630,"comment_status":"closed","ping_status":"open","sticky":false,"template":"","format":"standard","meta":{"footnotes":""},"categories":[1],"tags":[18962,18691,18963],"class_list":["post-60628","post","type-post","status-publish","format-standard","has-post-thumbnail","hentry","category-teatro","tag-il-vangelo","tag-piccolo-teatro-strehler","tag-pippo-delbono"],"_links":{"self":[{"href":"https:\/\/www.gdapress.it\/it\/index.php\/wp-json\/wp\/v2\/posts\/60628","targetHints":{"allow":["GET"]}}],"collection":[{"href":"https:\/\/www.gdapress.it\/it\/index.php\/wp-json\/wp\/v2\/posts"}],"about":[{"href":"https:\/\/www.gdapress.it\/it\/index.php\/wp-json\/wp\/v2\/types\/post"}],"author":[{"embeddable":true,"href":"https:\/\/www.gdapress.it\/it\/index.php\/wp-json\/wp\/v2\/users\/3"}],"replies":[{"embeddable":true,"href":"https:\/\/www.gdapress.it\/it\/index.php\/wp-json\/wp\/v2\/comments?post=60628"}],"version-history":[{"count":1,"href":"https:\/\/www.gdapress.it\/it\/index.php\/wp-json\/wp\/v2\/posts\/60628\/revisions"}],"predecessor-version":[{"id":60631,"href":"https:\/\/www.gdapress.it\/it\/index.php\/wp-json\/wp\/v2\/posts\/60628\/revisions\/60631"}],"wp:featuredmedia":[{"embeddable":true,"href":"https:\/\/www.gdapress.it\/it\/index.php\/wp-json\/wp\/v2\/media\/60630"}],"wp:attachment":[{"href":"https:\/\/www.gdapress.it\/it\/index.php\/wp-json\/wp\/v2\/media?parent=60628"}],"wp:term":[{"taxonomy":"category","embeddable":true,"href":"https:\/\/www.gdapress.it\/it\/index.php\/wp-json\/wp\/v2\/categories?post=60628"},{"taxonomy":"post_tag","embeddable":true,"href":"https:\/\/www.gdapress.it\/it\/index.php\/wp-json\/wp\/v2\/tags?post=60628"}],"curies":[{"name":"wp","href":"https:\/\/api.w.org\/{rel}","templated":true}]}}