
{"id":60602,"date":"2016-11-08T03:32:47","date_gmt":"2016-11-08T01:32:47","guid":{"rendered":"http:\/\/www.gdapress.it\/it\/?p=60602"},"modified":"2016-11-08T03:32:47","modified_gmt":"2016-11-08T01:32:47","slug":"premio-eleonora-duse-2016-elena-bucci","status":"publish","type":"post","link":"https:\/\/www.gdapress.it\/it\/index.php\/60602\/teatro\/premio-eleonora-duse-2016-elena-bucci.html","title":{"rendered":"PREMIO ELEONORA DUSE 2016 A ELENA BUCCI"},"content":{"rendered":"<p><img loading=\"lazy\" decoding=\"async\" class=\"alignnone size-medium wp-image-60603\" src=\"http:\/\/www.gdapress.it\/it\/..\/public\/it\/2016\/11\/1478549314_Bucci3-200x300.jpg\" alt=\"1478549314_Bucci3\" width=\"200\" height=\"300\" srcset=\"https:\/\/www.gdapress.it\/it\/..\/public\/it\/2016\/11\/1478549314_Bucci3-200x300.jpg 200w, https:\/\/www.gdapress.it\/it\/..\/public\/it\/2016\/11\/1478549314_Bucci3-768x1151.jpg 768w, https:\/\/www.gdapress.it\/it\/..\/public\/it\/2016\/11\/1478549314_Bucci3-267x400.jpg 267w, https:\/\/www.gdapress.it\/it\/..\/public\/it\/2016\/11\/1478549314_Bucci3.jpg 1335w\" sizes=\"auto, (max-width: 200px) 100vw, 200px\" \/>\u00a0<img loading=\"lazy\" decoding=\"async\" class=\"alignnone size-medium wp-image-60604\" src=\"http:\/\/www.gdapress.it\/it\/..\/public\/it\/2016\/11\/1478549314_Putignano5-200x300.jpg\" alt=\"1478549314_Putignano5\" width=\"200\" height=\"300\" srcset=\"https:\/\/www.gdapress.it\/it\/..\/public\/it\/2016\/11\/1478549314_Putignano5-200x300.jpg 200w, https:\/\/www.gdapress.it\/it\/..\/public\/it\/2016\/11\/1478549314_Putignano5-768x1151.jpg 768w, https:\/\/www.gdapress.it\/it\/..\/public\/it\/2016\/11\/1478549314_Putignano5-267x400.jpg 267w, https:\/\/www.gdapress.it\/it\/..\/public\/it\/2016\/11\/1478549314_Putignano5.jpg 1335w\" sizes=\"auto, (max-width: 200px) 100vw, 200px\" \/><\/p>\n<p>Assegnato il<\/p>\n<p><strong>PREMIO ELEONORA DUSE 2016<\/strong><\/p>\n<p><strong>L\u2019 \u201cOSCAR\u201d femminile DEL TEATRO<\/strong><\/p>\n<h4>A Elena Bucci<\/h4>\n<p><strong>Menzione d\u2019onore a Sara Putignano<\/strong><\/p>\n<h4><u>Premio Duse Social Vince Ambra Angiolini <\/u><\/h4>\n<p><u><\/u>Si \u00e8 svolta la cerimonia di premiazione della 31\u00b0 edizione del Premio Teatrale Eleonora Duse nella splendida cornice del Piccolo Teatro Studio Melato (via Rivoli, 6 &#8211; Milano).<\/p>\n<p>L\u2019importante riconoscimento, patrocinato e organizzato da Banca Popolare Commercio e Industria (Gruppo UBI Banca), \u00e8 stato ideato nel 1986, ed \u00e8 l\u2019unico premio italiano riservato all\u2019attrice di teatro che si \u00e8 distinta particolarmente nel corso della stagione di prosa in uno o pi\u00f9 spettacoli in Italia o all\u2019estero.<\/p>\n<p>La manifestazione \u00e8 realizzata in collaborazione proprio con il Piccolo Teatro di Milano e vede il patrocinio del Comune di Milano ed \u00e8 un evento Expo in Citt\u00e0.<\/p>\n<p>L\u2019autorevole Giuria, composta da Renato Palazzi &#8211; Anna Bandettini &#8211; Maria Grazia Gregori &#8211; Magda Poli, ha assegnato il prestigioso Premio, per la stagione teatrale 2015\/2016, a Elena Bucci.<\/p>\n<p>Il suo nome si aggiunge alle attrici premiate nelle precedenti edizioni tra cui Mariangela Melato, Franca Valeri, Ilaria Occhini, Maddalena Crippa, Alida Valli, Anna Proclemer, Milena Vukotic, Rossella Falk, Elisabetta Pozzi, Laura Marinoni, Anna Bonaiuto, Maria Paiato, Federica Fracassi, Galatea Ranzi, Ermanna Montanari, Sonia Bergamasco ed Emma Dante.<\/p>\n<p>La Giuria ha inoltre proposto alla premiata una terna di giovani interpreti tra cui scegliere l\u2019attrice emergente: la menzione d\u2019onore \u00e8 stata attribuita a Sara Putignano.<\/p>\n<p>Per il terzo anno si conferma il \u201cPremio Duse Social\u201d: la Giuria ha scelto una terna di attrici da sottoporre alla votazione degli appassionati di teatro sulla pagina facebook di UBI Banca. Le attrici nominate sono state Ambra Angiolini, Lucia Mascino e Federica Santoro.<\/p>\n<p>L\u2019attrice pi\u00f9 votata \u00e8 stata Ambra Angiolini vincitrice della terza edizione del \u201cPremio Duse Social\u201d.<\/p>\n<p>&nbsp;<\/p>\n","protected":false},"excerpt":{"rendered":"<p>\u00a0 Assegnato il PREMIO ELEONORA DUSE 2016 L\u2019 \u201cOSCAR\u201d femminile DEL TEATRO A Elena Bucci Menzione d\u2019onore a Sara Putignano Premio Duse Social Vince Ambra Angiolini Si \u00e8 svolta la cerimonia di premiazione della 31\u00b0 edizione del Premio Teatrale Eleonora Duse nella splendida cornice del Piccolo Teatro Studio Melato (via Rivoli, 6 &#8211; Milano). L\u2019importante &hellip; <a href=\"https:\/\/www.gdapress.it\/it\/index.php\/60602\/teatro\/premio-eleonora-duse-2016-elena-bucci.html\" class=\"more-link\">Read more <span class=\"screen-reader-text\">PREMIO ELEONORA DUSE 2016 A ELENA BUCCI<\/span><\/a><\/p>\n","protected":false},"author":3,"featured_media":60603,"comment_status":"closed","ping_status":"open","sticky":false,"template":"","format":"standard","meta":{"footnotes":""},"categories":[1],"tags":[18956,18955],"class_list":["post-60602","post","type-post","status-publish","format-standard","has-post-thumbnail","hentry","category-teatro","tag-elena-bucci","tag-premio-eleonora-duse-2016"],"_links":{"self":[{"href":"https:\/\/www.gdapress.it\/it\/index.php\/wp-json\/wp\/v2\/posts\/60602","targetHints":{"allow":["GET"]}}],"collection":[{"href":"https:\/\/www.gdapress.it\/it\/index.php\/wp-json\/wp\/v2\/posts"}],"about":[{"href":"https:\/\/www.gdapress.it\/it\/index.php\/wp-json\/wp\/v2\/types\/post"}],"author":[{"embeddable":true,"href":"https:\/\/www.gdapress.it\/it\/index.php\/wp-json\/wp\/v2\/users\/3"}],"replies":[{"embeddable":true,"href":"https:\/\/www.gdapress.it\/it\/index.php\/wp-json\/wp\/v2\/comments?post=60602"}],"version-history":[{"count":1,"href":"https:\/\/www.gdapress.it\/it\/index.php\/wp-json\/wp\/v2\/posts\/60602\/revisions"}],"predecessor-version":[{"id":60605,"href":"https:\/\/www.gdapress.it\/it\/index.php\/wp-json\/wp\/v2\/posts\/60602\/revisions\/60605"}],"wp:featuredmedia":[{"embeddable":true,"href":"https:\/\/www.gdapress.it\/it\/index.php\/wp-json\/wp\/v2\/media\/60603"}],"wp:attachment":[{"href":"https:\/\/www.gdapress.it\/it\/index.php\/wp-json\/wp\/v2\/media?parent=60602"}],"wp:term":[{"taxonomy":"category","embeddable":true,"href":"https:\/\/www.gdapress.it\/it\/index.php\/wp-json\/wp\/v2\/categories?post=60602"},{"taxonomy":"post_tag","embeddable":true,"href":"https:\/\/www.gdapress.it\/it\/index.php\/wp-json\/wp\/v2\/tags?post=60602"}],"curies":[{"name":"wp","href":"https:\/\/api.w.org\/{rel}","templated":true}]}}