
{"id":60440,"date":"2016-11-01T10:08:45","date_gmt":"2016-11-01T08:08:45","guid":{"rendered":"http:\/\/www.gdapress.it\/it\/?p=60440"},"modified":"2016-11-02T00:17:16","modified_gmt":"2016-11-01T22:17:16","slug":"luganoinscena-20162017-compagnia-finzi-pasca","status":"publish","type":"post","link":"https:\/\/www.gdapress.it\/it\/index.php\/60440\/teatro\/luganoinscena-20162017-compagnia-finzi-pasca.html","title":{"rendered":"LuganoInScena 2016\/2017 Compagnia Finzi Pasca PER TE"},"content":{"rendered":"<p><img loading=\"lazy\" decoding=\"async\" class=\"alignnone size-medium wp-image-60441\" src=\"http:\/\/www.gdapress.it\/it\/..\/public\/it\/2016\/11\/Allegato-di-posta-elettronica-300x227.jpeg\" alt=\"Allegato di posta elettronica\" width=\"300\" height=\"227\" srcset=\"https:\/\/www.gdapress.it\/it\/..\/public\/it\/2016\/11\/Allegato-di-posta-elettronica-300x227.jpeg 300w, https:\/\/www.gdapress.it\/it\/..\/public\/it\/2016\/11\/Allegato-di-posta-elettronica-500x379.jpeg 500w, https:\/\/www.gdapress.it\/it\/..\/public\/it\/2016\/11\/Allegato-di-posta-elettronica.jpeg 633w\" sizes=\"auto, (max-width: 300px) 100vw, 300px\" \/><\/p>\n<div class=\"\" data-block=\"true\" data-editor=\"b36rt\" data-offset-key=\"14bbr-0-0\">\n<div class=\"_1mf _1mj\" data-offset-key=\"14bbr-0-0\"><span data-offset-key=\"14bbr-0-0\"><span data-text=\"true\">PER TE<\/span><\/span><\/div>\n<\/div>\n<div class=\"\" data-block=\"true\" data-editor=\"b36rt\" data-offset-key=\"4t0b6-0-0\">\n<div class=\"_1mf _1mj\" data-offset-key=\"4t0b6-0-0\"><span data-offset-key=\"4t0b6-0-0\"><span data-text=\"true\">scritto e diretto da Daniele Finzi Pasca<\/span><\/span><\/div>\n<\/div>\n<div class=\"\" data-block=\"true\" data-editor=\"b36rt\" data-offset-key=\"7urvs-0-0\">\n<div class=\"_1mf _1mj\" data-offset-key=\"7urvs-0-0\"><span data-offset-key=\"7urvs-0-0\"><span data-text=\"true\">produzione Compagnia Finzi Pasca<\/span><\/span><\/div>\n<\/div>\n<div class=\"\" data-block=\"true\" data-editor=\"b36rt\" data-offset-key=\"d8tio-0-0\">\n<div class=\"_1mf _1mj\" data-offset-key=\"d8tio-0-0\"><span data-offset-key=\"d8tio-0-0\"><span data-text=\"true\">in coproduzione con LAC Lugano Arte e Cultura , RSI Radiotelevisione svizzera, OSI Orchestra della<\/span><\/span><\/div>\n<\/div>\n<div class=\"\" data-block=\"true\" data-editor=\"b36rt\" data-offset-key=\"37dl3-0-0\">\n<div class=\"_1mf _1mj\" data-offset-key=\"37dl3-0-0\"><span data-offset-key=\"37dl3-0-0\"><span data-text=\"true\">Svizzera italiana<\/span><\/span><\/div>\n<\/div>\n<div class=\"\" data-block=\"true\" data-editor=\"b36rt\" data-offset-key=\"4ddpt-0-0\">\n<div class=\"_1mf _1mj\" data-offset-key=\"4ddpt-0-0\"><span data-offset-key=\"4ddpt-0-0\"><span data-text=\"true\">con il sostegno di Cornercard, Fidinam, Grand Hotel Villa Castagnola, Caff\u00e8 Chicco d\u2019oro, Citt\u00e0 di<\/span><\/span><\/div>\n<\/div>\n<div class=\"\" data-block=\"true\" data-editor=\"b36rt\" data-offset-key=\"10r4r-0-0\">\n<div class=\"_1mf _1mj\" data-offset-key=\"10r4r-0-0\"><span data-offset-key=\"10r4r-0-0\"><span data-text=\"true\">Lugano, Cantone Ticino e Pro Helvetia<\/span><\/span><\/div>\n<\/div>\n<div class=\"\" data-block=\"true\" data-editor=\"b36rt\" data-offset-key=\"bvr5d-0-0\">\n<div class=\"_1mf _1mj\" data-offset-key=\"bvr5d-0-0\"><span data-offset-key=\"bvr5d-0-0\"><span data-text=\"true\">fondatori e produttori della compagnia (in ordine alfabetico): Antonio Vergamini, Daniele Finzi Pasca,<\/span><\/span><\/div>\n<\/div>\n<div class=\"\" data-block=\"true\" data-editor=\"b36rt\" data-offset-key=\"5l589-0-0\">\n<div class=\"_1mf _1mj\" data-offset-key=\"5l589-0-0\"><span data-offset-key=\"5l589-0-0\"><span data-text=\"true\">Hugo Gargiulo, Julie Hamelin Finzi e Maria Bonzanigo<\/span><\/span><\/div>\n<\/div>\n<div class=\"\" data-block=\"true\" data-editor=\"b36rt\" data-offset-key=\"g2qd-0-0\">\n<div class=\"_1mf _1mj\" data-offset-key=\"g2qd-0-0\"><span data-offset-key=\"g2qd-0-0\"><span data-text=\"true\">autore, regista, co-design luci e coreografie: Daniele Finzi Pasca<\/span><\/span><\/div>\n<\/div>\n<div class=\"\" data-block=\"true\" data-editor=\"b36rt\" data-offset-key=\"cq29c-0-0\">\n<div class=\"_1mf _1mj\" data-offset-key=\"cq29c-0-0\"><span data-offset-key=\"cq29c-0-0\"><span data-text=\"true\">musica, co-design sound e co-design coreografie: Maria Bonzanigo<\/span><\/span><\/div>\n<\/div>\n<div class=\"\" data-block=\"true\" data-editor=\"b36rt\" data-offset-key=\"6fptq-0-0\">\n<div class=\"_1mf _1mj\" data-offset-key=\"6fptq-0-0\"><span data-offset-key=\"6fptq-0-0\"><span data-text=\"true\">scenografia e accessori: Hugo Gargiulo<\/span><\/span><\/div>\n<\/div>\n<div class=\"\" data-block=\"true\" data-editor=\"b36rt\" data-offset-key=\"9b3qu-0-0\">\n<div class=\"_1mf _1mj\" data-offset-key=\"9b3qu-0-0\"><span data-offset-key=\"9b3qu-0-0\"><span data-text=\"true\">costumi: Giovanna Buzzi<\/span><\/span><\/div>\n<\/div>\n<div class=\"\" data-block=\"true\" data-editor=\"b36rt\" data-offset-key=\"erj7p-0-0\">\n<div class=\"_1mf _1mj\" data-offset-key=\"erj7p-0-0\"><span data-offset-key=\"erj7p-0-0\"><span data-text=\"true\">co-design luci e direttore di produzione: Alexis Bowles<\/span><\/span><\/div>\n<\/div>\n<div class=\"\" data-block=\"true\" data-editor=\"b36rt\" data-offset-key=\"9hf0h-0-0\">\n<div class=\"_1mf _1mj\" data-offset-key=\"9hf0h-0-0\"><span data-offset-key=\"9hf0h-0-0\"><span data-text=\"true\">video designer Roberto Vitalini per bashiba.com<\/span><\/span><\/div>\n<\/div>\n<div class=\"\" data-block=\"true\" data-editor=\"b36rt\" data-offset-key=\"ov1p-0-0\">\n<div class=\"_1mf _1mj\" data-offset-key=\"ov1p-0-0\"><span data-offset-key=\"ov1p-0-0\"><span data-text=\"true\">air sculpture designer: Daniel Wurtzel<\/span><\/span><\/div>\n<\/div>\n<div class=\"\" data-block=\"true\" data-editor=\"b36rt\" data-offset-key=\"11lc3-0-0\">\n<div class=\"_1mf _1mj\" data-offset-key=\"11lc3-0-0\"><span data-offset-key=\"11lc3-0-0\"><span data-text=\"true\">co-design sound e tecnico del suono: Fabio Lecce<\/span><\/span><\/div>\n<\/div>\n<div class=\"\" data-block=\"true\" data-editor=\"b36rt\" data-offset-key=\"9qohn-0-0\">\n<div class=\"_1mf _1mj\" data-offset-key=\"9qohn-0-0\"><span data-offset-key=\"9qohn-0-0\"><span data-text=\"true\">assistente alla regia e direttrice di scena: Allegra Spernanzoni<\/span><\/span><\/div>\n<\/div>\n<div class=\"\" data-block=\"true\" data-editor=\"b36rt\" data-offset-key=\"cstto-0-0\">\n<div class=\"_1mf _1mj\" data-offset-key=\"cstto-0-0\"><span data-offset-key=\"cstto-0-0\"><span data-text=\"true\">assistente alla regia: Genevi\u00e8ve Dup\u00e9r\u00e9<\/span><\/span><\/div>\n<\/div>\n<div class=\"\" data-block=\"true\" data-editor=\"b36rt\" data-offset-key=\"ekcrj-0-0\">\n<div class=\"_1mf _1mj\" data-offset-key=\"ekcrj-0-0\"><span data-offset-key=\"ekcrj-0-0\"><span data-text=\"true\">make-up designer e hairstyle designer: Chiqui Barb\u00e9<\/span><\/span><\/div>\n<\/div>\n<div class=\"\" data-block=\"true\" data-editor=\"b36rt\" data-offset-key=\"pi0d-0-0\">\n<div class=\"_1mf _1mj\" data-offset-key=\"pi0d-0-0\"><span data-offset-key=\"pi0d-0-0\"><span data-text=\"true\">consulente di produzione: Antonio Vergamini<\/span><\/span><\/div>\n<\/div>\n<div class=\"\" data-block=\"true\" data-editor=\"b36rt\" data-offset-key=\"d0cmj-0-0\">\n<div class=\"_1mf _1mj\" data-offset-key=\"d0cmj-0-0\"><span data-offset-key=\"d0cmj-0-0\"><span data-text=\"true\">interpreti in creazione e in tourn\u00e9e: Moira Albertalli, Erika Bettin, Andr\u00e9e-Anne Gingras-Roy,<\/span><\/span><\/div>\n<\/div>\n<div class=\"\" data-block=\"true\" data-editor=\"b36rt\" data-offset-key=\"fobig-0-0\">\n<div class=\"_1mf _1mj\" data-offset-key=\"fobig-0-0\"><span data-offset-key=\"fobig-0-0\"><span data-text=\"true\">St\u00e9phane Gentilini, Evelyne Laforest, Francesco Lanciotti, David Menes, Marco Paoletti, Felix Salas,<\/span><\/span><\/div>\n<\/div>\n<div class=\"\" data-block=\"true\" data-editor=\"b36rt\" data-offset-key=\"4l5fl-0-0\">\n<div class=\"_1mf _1mj\" data-offset-key=\"4l5fl-0-0\"><span data-offset-key=\"4l5fl-0-0\"><span data-text=\"true\">Beatriz Sayad, Rolando Tarquini.<\/span><\/span><\/div>\n<\/div>\n<div class=\"\" data-block=\"true\" data-editor=\"b36rt\" data-offset-key=\"722g0-0-0\">\n<div class=\"_1mf _1mj\" data-offset-key=\"722g0-0-0\"><span data-offset-key=\"722g0-0-0\"><span data-text=\"true\">\u00c9quipe tecnica in tourn\u00e9e:<\/span><\/span><\/div>\n<\/div>\n<div class=\"\" data-block=\"true\" data-editor=\"b36rt\" data-offset-key=\"6pd1f-0-0\">\n<div class=\"_1mf _1mj\" data-offset-key=\"6pd1f-0-0\"><span data-offset-key=\"6pd1f-0-0\"><span data-text=\"true\">direttrice di scena: Allegra Spernanzoni<\/span><\/span><\/div>\n<\/div>\n<div class=\"\" data-block=\"true\" data-editor=\"b36rt\" data-offset-key=\"7dkqq-0-0\">\n<div class=\"_1mf _1mj\" data-offset-key=\"7dkqq-0-0\"><span data-offset-key=\"7dkqq-0-0\"><span data-text=\"true\">direttrice di tourn\u00e9e : Andrea Caruso Saturnino<\/span><\/span><\/div>\n<\/div>\n<div class=\"\" data-block=\"true\" data-editor=\"b36rt\" data-offset-key=\"4vfca-0-0\">\n<div class=\"_1mf _1mj\" data-offset-key=\"4vfca-0-0\"><span data-offset-key=\"4vfca-0-0\"><span data-text=\"true\">direttore tecnico e tecnico luci: Julien De La Sablonni\u00e8re<\/span><\/span><\/div>\n<\/div>\n<div class=\"\" data-block=\"true\" data-editor=\"b36rt\" data-offset-key=\"f5a0o-0-0\">\n<div class=\"_1mf _1mj\" data-offset-key=\"f5a0o-0-0\"><span data-offset-key=\"f5a0o-0-0\"><span data-text=\"true\">rigger: Jens Leclerc<\/span><\/span><\/div>\n<\/div>\n<div class=\"\" data-block=\"true\" data-editor=\"b36rt\" data-offset-key=\"5ab8l-0-0\">\n<div class=\"_1mf _1mj\" data-offset-key=\"5ab8l-0-0\"><span data-offset-key=\"5ab8l-0-0\"><span data-text=\"true\">fonico : Fabio Lecce<\/span><\/span><\/div>\n<\/div>\n<div class=\"\" data-block=\"true\" data-editor=\"b36rt\" data-offset-key=\"4ih66-0-0\">\n<div class=\"_1mf _1mj\" data-offset-key=\"4ih66-0-0\"><span data-offset-key=\"4ih66-0-0\"><span data-text=\"true\">capo macchinista e video : Nicol\u00f2 Baggio<\/span><\/span><\/div>\n<\/div>\n<div class=\"\" data-block=\"true\" data-editor=\"b36rt\" data-offset-key=\"86clv-0-0\">\n<div class=\"_1mf _1mj\" data-offset-key=\"86clv-0-0\"><span data-offset-key=\"86clv-0-0\"><span data-text=\"true\">team di creazione e produzione:<\/span><\/span><\/div>\n<\/div>\n<div class=\"\" data-block=\"true\" data-editor=\"b36rt\" data-offset-key=\"1q65q-0-0\">\n<div class=\"_1mf _1mj\" data-offset-key=\"1q65q-0-0\"><span data-offset-key=\"1q65q-0-0\"><span data-text=\"true\">direttore Tecnico e Assistente Light Designer: Marzio Picchetti<\/span><\/span><\/div>\n<\/div>\n<div class=\"\" data-block=\"true\" data-editor=\"b36rt\" data-offset-key=\"36lec-0-0\">\n<div class=\"_1mf _1mj\" data-offset-key=\"36lec-0-0\"><span data-offset-key=\"36lec-0-0\"><span data-text=\"true\">project manager: Tanja Milosevic<\/span><\/span><\/div>\n<\/div>\n<div class=\"\" data-block=\"true\" data-editor=\"b36rt\" data-offset-key=\"8g9f7-0-0\">\n<div class=\"_1mf _1mj\" data-offset-key=\"8g9f7-0-0\"><span data-offset-key=\"8g9f7-0-0\"><span data-text=\"true\">contabile di produzione: Amal Meroni<\/span><\/span><\/div>\n<\/div>\n<div class=\"\" data-block=\"true\" data-editor=\"b36rt\" data-offset-key=\"eooq8-0-0\">\n<div class=\"_1mf _1mj\" data-offset-key=\"eooq8-0-0\"><span data-offset-key=\"eooq8-0-0\"><span data-text=\"true\">assistenti direttore tecnico: Nicol\u00f2 Baggio, Julien De La Sablonni\u00e8re<\/span><\/span><\/div>\n<\/div>\n<div class=\"\" data-block=\"true\" data-editor=\"b36rt\" data-offset-key=\"7uki7-0-0\">\n<div class=\"_1mf _1mj\" data-offset-key=\"7uki7-0-0\"><span data-offset-key=\"7uki7-0-0\"><span data-text=\"true\">assistente project manager: Anna Casari<\/span><\/span><\/div>\n<\/div>\n<div class=\"\" data-block=\"true\" data-editor=\"b36rt\" data-offset-key=\"2hic8-0-0\">\n<div class=\"_1mf _1mj\" data-offset-key=\"2hic8-0-0\"><span data-offset-key=\"2hic8-0-0\"><span data-text=\"true\">visual Design e fotografia: Viviana Cangialosi<\/span><\/span><\/div>\n<\/div>\n<div class=\"\" data-block=\"true\" data-editor=\"b36rt\" data-offset-key=\"8mfbv-0-0\">\n<div class=\"_1mf _1mj\" data-offset-key=\"8mfbv-0-0\"><span data-offset-key=\"8mfbv-0-0\"><span data-text=\"true\">rigger: Jens Leclerc<\/span><\/span><\/div>\n<\/div>\n<div class=\"\" data-block=\"true\" data-editor=\"b36rt\" data-offset-key=\"7ch50-0-0\">\n<div class=\"_1mf _1mj\" data-offset-key=\"7ch50-0-0\"><span data-offset-key=\"7ch50-0-0\"><span data-text=\"true\">tecnico luci: Julien De La Sablonni\u00e8re<\/span><\/span><\/div>\n<\/div>\n<div class=\"\" data-block=\"true\" data-editor=\"b36rt\" data-offset-key=\"7ai0r-0-0\">\n<div class=\"_1mf _1mj\" data-offset-key=\"7ai0r-0-0\"><span data-offset-key=\"7ai0r-0-0\"><span data-text=\"true\">comunicazione: Samuele Ponzio<\/span><\/span><\/div>\n<\/div>\n<div class=\"\" data-block=\"true\" data-editor=\"b36rt\" data-offset-key=\"cinni-0-0\">\n<div class=\"_1mf _1mj\" data-offset-key=\"cinni-0-0\"><span data-offset-key=\"cinni-0-0\"><span data-text=\"true\">fundraiser : Claudia Lafranchi<\/span><\/span><\/div>\n<\/div>\n<div class=\"\" data-block=\"true\" data-editor=\"b36rt\" data-offset-key=\"edve6-0-0\">\n<div class=\"_1mf _1mj\" data-offset-key=\"edve6-0-0\"><span data-offset-key=\"edve6-0-0\"><span data-text=\"true\">consulente amministrativi e contabili: Lorenzo Ortelli<\/span><\/span><\/div>\n<\/div>\n<div class=\"\" data-block=\"true\" data-editor=\"b36rt\" data-offset-key=\"8s6e1-0-0\">\n<div class=\"_1mf _1mj\" data-offset-key=\"8s6e1-0-0\"><span data-offset-key=\"8s6e1-0-0\"><span data-text=\"true\">booking Internazionale: Sarai Gomez<\/span><\/span><\/div>\n<\/div>\n<div class=\"\" data-block=\"true\" data-editor=\"b36rt\" data-offset-key=\"6m0ps-0-0\">\n<div class=\"_1mf _1mj\" data-offset-key=\"6m0ps-0-0\"><span data-offset-key=\"6m0ps-0-0\"><span data-text=\"true\">assistente Booking Internazionale: Chiqui Barbe<\/span><\/span><\/div>\n<\/div>\n<div class=\"\" data-block=\"true\" data-editor=\"b36rt\" data-offset-key=\"5s653-0-0\">\n<div class=\"_1mf _1mj\" data-offset-key=\"5s653-0-0\"><span data-offset-key=\"5s653-0-0\"><span data-text=\"true\">registrazione orchestrale:<\/span><\/span><\/div>\n<\/div>\n<div class=\"\" data-block=\"true\" data-editor=\"b36rt\" data-offset-key=\"ak70i-0-0\">\n<div class=\"_1mf _1mj\" data-offset-key=\"ak70i-0-0\"><span data-offset-key=\"ak70i-0-0\"><span data-text=\"true\">produzione musicale della RSI (Radiotelevisione Svizzera), esecuzione dell\u2019 OSI (Orchestra della<\/span><\/span><\/div>\n<\/div>\n<div class=\"\" data-block=\"true\" data-editor=\"b36rt\" data-offset-key=\"f5kqc-0-0\">\n<div class=\"_1mf _1mj\" data-offset-key=\"f5kqc-0-0\"><span data-offset-key=\"f5kqc-0-0\"><span data-text=\"true\">Svizzera italiana)<\/span><\/span><\/div>\n<\/div>\n<div class=\"\" data-block=\"true\" data-editor=\"b36rt\" data-offset-key=\"cjfne-0-0\">\n<div class=\"_1mf _1mj\" data-offset-key=\"cjfne-0-0\"><span data-offset-key=\"cjfne-0-0\"><span data-text=\"true\">direttore: Kevin Griffiths<\/span><\/span><\/div>\n<\/div>\n<div class=\"\" data-block=\"true\" data-editor=\"b36rt\" data-offset-key=\"ef0pk-0-0\">\n<div class=\"_1mf _1mj\" data-offset-key=\"ef0pk-0-0\"><span data-offset-key=\"ef0pk-0-0\"><span data-text=\"true\">ingegnere del suono: Wolfgang M\u00fcller <\/span><\/span><\/div>\n<\/div>\n<div class=\"_1mf _1mj\" data-offset-key=\"ef0pk-0-0\">\n<div class=\"\" data-block=\"true\" data-editor=\"bo7ef\" data-offset-key=\"a2633-0-0\">\n<div class=\"_1mf _1mj\" data-offset-key=\"a2633-0-0\"><span data-offset-key=\"a2633-0-0\"><span data-text=\"true\">atelier costumi:<\/span><\/span><\/div>\n<\/div>\n<div class=\"\" data-block=\"true\" data-editor=\"bo7ef\" data-offset-key=\"7s0po-0-0\">\n<div class=\"_1mf _1mj\" data-offset-key=\"7s0po-0-0\"><span data-offset-key=\"7s0po-0-0\"><span data-text=\"true\">collaboratrice della costumista: Lisa Rufini<\/span><\/span><\/div>\n<\/div>\n<div class=\"\" data-block=\"true\" data-editor=\"bo7ef\" data-offset-key=\"4ggbc-0-0\">\n<div class=\"_1mf _1mj\" data-offset-key=\"4ggbc-0-0\"><span data-offset-key=\"4ggbc-0-0\"><span data-text=\"true\">sarta : Sara Bianchi<\/span><\/span><\/div>\n<\/div>\n<div class=\"\" data-block=\"true\" data-editor=\"bo7ef\" data-offset-key=\"6jgrf-0-0\">\n<div class=\"_1mf _1mj\" data-offset-key=\"6jgrf-0-0\"><span data-offset-key=\"6jgrf-0-0\"><span data-text=\"true\">realizzazione costumi: Sartoria SlowCOSTume<\/span><\/span><\/div>\n<\/div>\n<div class=\"\" data-block=\"true\" data-editor=\"bo7ef\" data-offset-key=\"a7cpo-0-0\">\n<div class=\"_1mf _1mj\" data-offset-key=\"a7cpo-0-0\"><span data-offset-key=\"a7cpo-0-0\"><span data-text=\"true\">armature su misura: Spadanera di Jacopo Matricciani<\/span><\/span><\/div>\n<\/div>\n<div class=\"\" data-block=\"true\" data-editor=\"bo7ef\" data-offset-key=\"8ldju-0-0\">\n<div class=\"_1mf _1mj\" data-offset-key=\"8ldju-0-0\"><span data-offset-key=\"8ldju-0-0\"><span data-text=\"true\">disegno tecnico: Matteo Verlicchi<\/span><\/span><\/div>\n<\/div>\n<div class=\"\" data-block=\"true\" data-editor=\"bo7ef\" data-offset-key=\"9lbj0-0-0\">\n<div class=\"_1mf _1mj\" data-offset-key=\"9lbj0-0-0\"><span data-offset-key=\"9lbj0-0-0\"><span data-text=\"true\">riprese Video: Evelin Liguori e Carlo Praolini (CISA &#8211; Scuola Specializzata Superiore per il cinema e la<\/span><\/span><\/div>\n<\/div>\n<div class=\"\" data-block=\"true\" data-editor=\"bo7ef\" data-offset-key=\"80ghh-0-0\">\n<div class=\"_1mf _1mj\" data-offset-key=\"80ghh-0-0\"><span data-offset-key=\"80ghh-0-0\"><span data-text=\"true\">televisione)<\/span><\/span><\/div>\n<\/div>\n<div class=\"\" data-block=\"true\" data-editor=\"bo7ef\" data-offset-key=\"djulu-0-0\">\n<div class=\"_1mf _1mj\" data-offset-key=\"djulu-0-0\"><span data-offset-key=\"djulu-0-0\"><span data-text=\"true\">stagiaire: Andriana Bicanin-CSIA (scenografia), Marco Campisano (scenografia), Eleonora<\/span><\/span><\/div>\n<\/div>\n<div class=\"\" data-block=\"true\" data-editor=\"bo7ef\" data-offset-key=\"utj8-0-0\">\n<div class=\"_1mf _1mj\" data-offset-key=\"utj8-0-0\"><span data-offset-key=\"utj8-0-0\"><span data-text=\"true\">Camponovo (produzione), Federica Canciello (suono), Lara Davidson (luci), Lucia Di Marco-CSIA<\/span><\/span><\/div>\n<\/div>\n<div class=\"\" data-block=\"true\" data-editor=\"bo7ef\" data-offset-key=\"b53d3-0-0\">\n<div class=\"_1mf _1mj\" data-offset-key=\"b53d3-0-0\"><span data-offset-key=\"b53d3-0-0\"><span data-text=\"true\">(scenografia), Juana Gargiulo (fotografia), M\u00e9lanie H\u00e4ner (produzione), Isabel Pahud-CSIA<\/span><\/span><\/div>\n<\/div>\n<div class=\"\" data-block=\"true\" data-editor=\"bo7ef\" data-offset-key=\"edp7v-0-0\">\n<div class=\"_1mf _1mj\" data-offset-key=\"edp7v-0-0\"><span data-offset-key=\"edp7v-0-0\"><span data-text=\"true\">(scenografia<\/span><\/span><\/div>\n<\/div>\n<div class=\"\" data-block=\"true\" data-editor=\"bo7ef\" data-offset-key=\"9np5v-0-0\">\n<div class=\"_1mf _1mj\" data-offset-key=\"9np5v-0-0\"><span data-offset-key=\"9np5v-0-0\"><span data-text=\"true\">Me 02.11.2016 ore 20:30<\/span><\/span><\/div>\n<\/div>\n<div class=\"\" data-block=\"true\" data-editor=\"bo7ef\" data-offset-key=\"2688p-0-0\">\n<div class=\"_1mf _1mj\" data-offset-key=\"2688p-0-0\"><span data-offset-key=\"2688p-0-0\"><span data-text=\"true\">Gi 03.11.2016 ore 20:30<\/span><\/span><\/div>\n<\/div>\n<div class=\"\" data-block=\"true\" data-editor=\"bo7ef\" data-offset-key=\"drgkq-0-0\">\n<div class=\"_1mf _1mj\" data-offset-key=\"drgkq-0-0\"><span data-offset-key=\"drgkq-0-0\"><span data-text=\"true\">Ve 04.11.2016 ore 20:30<\/span><\/span><\/div>\n<\/div>\n<div class=\"\" data-block=\"true\" data-editor=\"bo7ef\" data-offset-key=\"5rdo1-0-0\">\n<div class=\"_1mf _1mj\" data-offset-key=\"5rdo1-0-0\"><span data-offset-key=\"5rdo1-0-0\"><span data-text=\"true\">Sa 05.11.2016 ore 14:30*, ore 20:30<\/span><\/span><\/div>\n<\/div>\n<div class=\"\" data-block=\"true\" data-editor=\"bo7ef\" data-offset-key=\"a8cqa-0-0\">\n<div class=\"_1mf _1mj\" data-offset-key=\"a8cqa-0-0\"><span data-offset-key=\"a8cqa-0-0\"><span data-text=\"true\">Do 06.11.2016 ore 14:30<\/span><\/span><\/div>\n<\/div>\n<div class=\"\" data-block=\"true\" data-editor=\"bo7ef\" data-offset-key=\"aueql-0-0\">\n<div class=\"_1mf _1mj\" data-offset-key=\"aueql-0-0\"><span data-offset-key=\"aueql-0-0\"><span data-text=\"true\">Ma 08.11.2016 ore 20:30<\/span><\/span><\/div>\n<\/div>\n<div class=\"\" data-block=\"true\" data-editor=\"bo7ef\" data-offset-key=\"dnljq-0-0\">\n<div class=\"_1mf _1mj\" data-offset-key=\"dnljq-0-0\"><span data-offset-key=\"dnljq-0-0\"><span data-text=\"true\">Me 09.11.2016 ore 14:30<\/span><\/span><\/div>\n<\/div>\n<div class=\"\" data-block=\"true\" data-editor=\"bo7ef\" data-offset-key=\"f3opv-0-0\">\n<div class=\"_1mf _1mj\" data-offset-key=\"f3opv-0-0\"><span data-offset-key=\"f3opv-0-0\"><span data-text=\"true\">Sala Teatro<\/span><\/span><\/div>\n<\/div>\n<div class=\"\" data-block=\"true\" data-editor=\"bo7ef\" data-offset-key=\"gag5-0-0\">\n<div class=\"_1mf _1mj\" data-offset-key=\"gag5-0-0\"><span data-offset-key=\"gag5-0-0\"><span data-text=\"true\">Dedicato a te cara Julie.<\/span><\/span><\/div>\n<\/div>\n<div class=\"\" data-block=\"true\" data-editor=\"bo7ef\" data-offset-key=\"298ur-0-0\">\n<div class=\"_1mf _1mj\" data-offset-key=\"298ur-0-0\"><span data-offset-key=\"298ur-0-0\"><span data-text=\"true\">Palcoscenico sventrato, tecnici e attori che si muovono come gatti nel buio, che si preparano, che si<\/span><\/span><\/div>\n<\/div>\n<div class=\"\" data-block=\"true\" data-editor=\"bo7ef\" data-offset-key=\"1m7qc-0-0\">\n<div class=\"_1mf _1mj\" data-offset-key=\"1m7qc-0-0\"><span data-offset-key=\"1m7qc-0-0\"><span data-text=\"true\">immergono lentamente nella storia. E la storia avvolger\u00e0 piano piano lo spettatore, la storia di un libro<\/span><\/span><\/div>\n<\/div>\n<div class=\"\" data-block=\"true\" data-editor=\"bo7ef\" data-offset-key=\"97a1s-0-0\">\n<div class=\"_1mf _1mj\" data-offset-key=\"97a1s-0-0\"><span data-offset-key=\"97a1s-0-0\"><span data-text=\"true\">regalato, di un giardino da costruire, di una lotta come le lotte che tutti prima o poi dovremo vivere e<\/span><\/span><\/div>\n<\/div>\n<div class=\"\" data-block=\"true\" data-editor=\"bo7ef\" data-offset-key=\"9l68p-0-0\">\n<div class=\"_1mf _1mj\" data-offset-key=\"9l68p-0-0\"><span data-offset-key=\"9l68p-0-0\"><span data-text=\"true\">affrontare.<\/span><\/span><\/div>\n<\/div>\n<div class=\"\" data-block=\"true\" data-editor=\"bo7ef\" data-offset-key=\"913g7-0-0\">\n<div class=\"_1mf _1mj\" data-offset-key=\"913g7-0-0\"><span data-offset-key=\"913g7-0-0\"><span data-text=\"true\">Julie credeva che ognuno dovesse cercare di costruire un giardino interiore dove andare a rifugiarsi,<\/span><\/span><\/div>\n<\/div>\n<div class=\"\" data-block=\"true\" data-editor=\"bo7ef\" data-offset-key=\"4rq4v-0-0\">\n<div class=\"_1mf _1mj\" data-offset-key=\"4rq4v-0-0\"><span data-offset-key=\"4rq4v-0-0\"><span data-text=\"true\">dove accogliere chi si ama, quelli che si sono persi e quelli che si vorrebbero scoprire.<\/span><\/span><\/div>\n<\/div>\n<div class=\"\" data-block=\"true\" data-editor=\"bo7ef\" data-offset-key=\"7m6hk-0-0\">\n<div class=\"_1mf _1mj\" data-offset-key=\"7m6hk-0-0\"><span data-offset-key=\"7m6hk-0-0\"><span data-text=\"true\">Racconteremo dunque la storia di una panchina e di un giardino, poi ci sar\u00e0 la fragilit\u00e0 che ognuno di<\/span><\/span><\/div>\n<\/div>\n<div class=\"\" data-block=\"true\" data-editor=\"bo7ef\" data-offset-key=\"9vd2s-0-0\">\n<div class=\"_1mf _1mj\" data-offset-key=\"9vd2s-0-0\"><span data-offset-key=\"9vd2s-0-0\"><span data-text=\"true\">noi difende con armature e corazze. Ci sar\u00e0 la leggerezza del ricordo delle sue risate, dei suoi libretti<\/span><\/span><\/div>\n<\/div>\n<div class=\"\" data-block=\"true\" data-editor=\"bo7ef\" data-offset-key=\"5li3h-0-0\">\n<div class=\"_1mf _1mj\" data-offset-key=\"5li3h-0-0\"><span data-offset-key=\"5li3h-0-0\"><span data-text=\"true\">pieni di calcoli e di annotazioni, i suoi consigli e i suoi sogni.<\/span><\/span><\/div>\n<\/div>\n<div class=\"\" data-block=\"true\" data-editor=\"bo7ef\" data-offset-key=\"45o2e-0-0\">\n<div class=\"_1mf _1mj\" data-offset-key=\"45o2e-0-0\"><span data-offset-key=\"45o2e-0-0\"><span data-text=\"true\">\u201c\u00c8 la missione di ogni vita cercare di costruire un giardino interiore dove andare a rifugiarsi, dove<\/span><\/span><\/div>\n<\/div>\n<div class=\"\" data-block=\"true\" data-editor=\"bo7ef\" data-offset-key=\"d78oh-0-0\">\n<div class=\"_1mf _1mj\" data-offset-key=\"d78oh-0-0\"><span data-offset-key=\"d78oh-0-0\"><span data-text=\"true\">accogliere chi si ama, quelli che si sono persi, quelli che si vorrebbero incontrare in un luogo intimo e<\/span><\/span><\/div>\n<\/div>\n<div class=\"\" data-block=\"true\" data-editor=\"bo7ef\" data-offset-key=\"2a0an-0-0\">\n<div class=\"_1mf _1mj\" data-offset-key=\"2a0an-0-0\"><span data-offset-key=\"2a0an-0-0\"><span data-text=\"true\">riservato. Abbiamo tanto raccontato storie confinate in spazi chiusi, immaginate nella scatola segreta<\/span><\/span><\/div>\n<\/div>\n<div class=\"\" data-block=\"true\" data-editor=\"bo7ef\" data-offset-key=\"490p9-0-0\">\n<div class=\"_1mf _1mj\" data-offset-key=\"490p9-0-0\"><span data-offset-key=\"490p9-0-0\"><span data-text=\"true\">che portiamo attaccata alle spalle, dentro la quale generiamo sogni e viaggi immaginari.<\/span><\/span><\/div>\n<\/div>\n<div class=\"\" data-block=\"true\" data-editor=\"bo7ef\" data-offset-key=\"dfk7b-0-0\">\n<div class=\"_1mf _1mj\" data-offset-key=\"dfk7b-0-0\"><span data-offset-key=\"dfk7b-0-0\"><span data-text=\"true\">Questo spettacolo \u00e8 dedicato a chi pianta semi che diventano alberi, a chi disegna spazi aperti<\/span><\/span><\/div>\n<\/div>\n<div class=\"\" data-block=\"true\" data-editor=\"bo7ef\" data-offset-key=\"9rea3-0-0\">\n<div class=\"_1mf _1mj\" data-offset-key=\"9rea3-0-0\"><span data-offset-key=\"9rea3-0-0\"><span data-text=\"true\">immaginati per riflettere, per rasserenare l\u2019anima.\u201d<\/span><\/span><\/div>\n<\/div>\n<div class=\"\" data-block=\"true\" data-editor=\"bo7ef\" data-offset-key=\"cskdq-0-0\">\n<div class=\"_1mf _1mj\" data-offset-key=\"cskdq-0-0\"><span data-offset-key=\"cskdq-0-0\"><span data-text=\"true\">(Daniele Finzi Pasca)<\/span><\/span><\/div>\n<\/div>\n<div class=\"\" data-block=\"true\" data-editor=\"bo7ef\" data-offset-key=\"fcoeq-0-0\">\n<div class=\"_1mf _1mj\" data-offset-key=\"fcoeq-0-0\"><span data-offset-key=\"fcoeq-0-0\"><span data-text=\"true\">*L\u2019intero incasso della rappresentazione pomeridiana di sabato 5 novembre sar\u00e0 devoluto a favore<\/span><\/span><\/div>\n<\/div>\n<div class=\"\" data-block=\"true\" data-editor=\"bo7ef\" data-offset-key=\"e7ej2-0-0\">\n<div class=\"_1mf _1mj\" data-offset-key=\"e7ej2-0-0\"><span data-offset-key=\"e7ej2-0-0\"><span data-text=\"true\">della Lega ticinese contro il cancro. <\/span><\/span><\/div>\n<\/div>\n<\/div>\n<div class=\"_1mf _1mj\" data-offset-key=\"ef0pk-0-0\"><\/div>\n","protected":false},"excerpt":{"rendered":"<p>PER TE scritto e diretto da Daniele Finzi Pasca produzione Compagnia Finzi Pasca in coproduzione con LAC Lugano Arte e Cultura , RSI Radiotelevisione svizzera, OSI Orchestra della Svizzera italiana con il sostegno di Cornercard, Fidinam, Grand Hotel Villa Castagnola, Caff\u00e8 Chicco d\u2019oro, Citt\u00e0 di Lugano, Cantone Ticino e Pro Helvetia fondatori e produttori della &hellip; <a href=\"https:\/\/www.gdapress.it\/it\/index.php\/60440\/teatro\/luganoinscena-20162017-compagnia-finzi-pasca.html\" class=\"more-link\">Read more <span class=\"screen-reader-text\">LuganoInScena 2016\/2017 Compagnia Finzi Pasca PER TE<\/span><\/a><\/p>\n","protected":false},"author":3,"featured_media":60441,"comment_status":"closed","ping_status":"open","sticky":false,"template":"","format":"standard","meta":{"footnotes":""},"categories":[1],"tags":[18588,18887,9526,2693],"class_list":["post-60440","post","type-post","status-publish","format-standard","has-post-thumbnail","hentry","category-teatro","tag-18588","tag-compagnia-finzi-pasca","tag-luganoinscena","tag-per-te"],"_links":{"self":[{"href":"https:\/\/www.gdapress.it\/it\/index.php\/wp-json\/wp\/v2\/posts\/60440","targetHints":{"allow":["GET"]}}],"collection":[{"href":"https:\/\/www.gdapress.it\/it\/index.php\/wp-json\/wp\/v2\/posts"}],"about":[{"href":"https:\/\/www.gdapress.it\/it\/index.php\/wp-json\/wp\/v2\/types\/post"}],"author":[{"embeddable":true,"href":"https:\/\/www.gdapress.it\/it\/index.php\/wp-json\/wp\/v2\/users\/3"}],"replies":[{"embeddable":true,"href":"https:\/\/www.gdapress.it\/it\/index.php\/wp-json\/wp\/v2\/comments?post=60440"}],"version-history":[{"count":1,"href":"https:\/\/www.gdapress.it\/it\/index.php\/wp-json\/wp\/v2\/posts\/60440\/revisions"}],"predecessor-version":[{"id":60442,"href":"https:\/\/www.gdapress.it\/it\/index.php\/wp-json\/wp\/v2\/posts\/60440\/revisions\/60442"}],"wp:featuredmedia":[{"embeddable":true,"href":"https:\/\/www.gdapress.it\/it\/index.php\/wp-json\/wp\/v2\/media\/60441"}],"wp:attachment":[{"href":"https:\/\/www.gdapress.it\/it\/index.php\/wp-json\/wp\/v2\/media?parent=60440"}],"wp:term":[{"taxonomy":"category","embeddable":true,"href":"https:\/\/www.gdapress.it\/it\/index.php\/wp-json\/wp\/v2\/categories?post=60440"},{"taxonomy":"post_tag","embeddable":true,"href":"https:\/\/www.gdapress.it\/it\/index.php\/wp-json\/wp\/v2\/tags?post=60440"}],"curies":[{"name":"wp","href":"https:\/\/api.w.org\/{rel}","templated":true}]}}