
{"id":60162,"date":"2016-10-20T16:31:28","date_gmt":"2016-10-20T14:31:28","guid":{"rendered":"http:\/\/www.gdapress.it\/it\/?p=60162"},"modified":"2016-10-20T16:31:28","modified_gmt":"2016-10-20T14:31:28","slug":"teatro-dal-verme-prokofev-orchestra-pomeriggi-musicali","status":"publish","type":"post","link":"https:\/\/www.gdapress.it\/it\/index.php\/60162\/musica\/teatro-dal-verme-prokofev-orchestra-pomeriggi-musicali.html","title":{"rendered":"Teatro Dal Verme  Prokof&#8217;ev ORCHESTRA I POMERIGGI MUSICALI"},"content":{"rendered":"<p><img loading=\"lazy\" decoding=\"async\" class=\"alignnone size-medium wp-image-60163\" src=\"http:\/\/www.gdapress.it\/it\/..\/public\/it\/2016\/10\/Alexandra-Conunova-300x200.jpg\" alt=\"Alexandra Conunova\" width=\"300\" height=\"200\" srcset=\"https:\/\/www.gdapress.it\/it\/..\/public\/it\/2016\/10\/Alexandra-Conunova-300x200.jpg 300w, https:\/\/www.gdapress.it\/it\/..\/public\/it\/2016\/10\/Alexandra-Conunova-768x511.jpg 768w, https:\/\/www.gdapress.it\/it\/..\/public\/it\/2016\/10\/Alexandra-Conunova-500x333.jpg 500w, https:\/\/www.gdapress.it\/it\/..\/public\/it\/2016\/10\/Alexandra-Conunova-720x480.jpg 720w, https:\/\/www.gdapress.it\/it\/..\/public\/it\/2016\/10\/Alexandra-Conunova-272x182.jpg 272w, https:\/\/www.gdapress.it\/it\/..\/public\/it\/2016\/10\/Alexandra-Conunova.jpg 1490w\" sizes=\"auto, (max-width: 300px) 100vw, 300px\" \/><\/p>\n<p><strong>72\u00aa STAGIONE SINFONICA<\/strong><\/p>\n<p><strong>ORCHESTRA I POMERIGGI MUSICALI<\/strong><\/p>\n<p><strong>Direttore Artistico, M\u00b0 Maurizio Salerno<\/strong><\/p>\n<p><strong>Stagione 2016-2017 <\/strong><\/p>\n<p><strong>Gioved\u00ec 20 ottobre ore 21.00<\/strong><\/p>\n<p><strong>Sabato 22 ottobre ore 17.00<\/strong><\/p>\n<p><strong>Teatro Dal Verme<\/strong><\/p>\n<p>Via San Giovanni sul Muro 2 \u2013 Milano<\/p>\n<p><strong>Prokof&#8217;ev, <\/strong><em>Concerto per violino e orchestra n. 2, in sol minore<\/em>, op. 63<\/p>\n<p><strong>Prokof&#8217;ev, <\/strong><em>Pierino e il lupo<\/em>\u00a0op. 67<\/p>\n<p>Direttore:\u00a0<strong>Alessandro Cadario<\/strong><\/p>\n<p>Violino:\u00a0<strong>Alexandra Conunova<\/strong><br \/>\nVoce recitante:\u00a0<strong>Mattia Pozzi<\/strong><br \/>\n<strong>Orchestra I Pomeriggi Musicali<\/strong><\/p>\n<p><strong>Alessandro Cadario<\/strong><strong> torna sul podio dei Pomeriggi Musicali, dopo averli diretti in una splendida serata all\u2019interno del palinsesto dell\u2019appena trascorsa edizione di MiTo SettembreMusica; e questa volta Cadario avr\u00e0 l\u2019onore e l\u2019onere di dirigere I Pomeriggi Musicali <\/strong>nella sua nuova veste di <strong>Direttore Ospite Principale<\/strong><strong> dell\u2019Orchestra, carica della quale \u00e8 stato insignito proprio a partire da questa 72\u00aa Stagione sinfonica. <\/strong><\/p>\n<p><strong>Nella prima parte del concerto la direzione di Cadario accompagner\u00e0 <\/strong><strong>Alexandra Conunova,<\/strong><strong>\u00a0<\/strong>primo premio al Concorso Internazionale di violino Joseph Joachim di Hannover nel 2012, nel <strong><em>Concerto per violino e orchestra n. 2<\/em><\/strong> di <strong>Prokof&#8217;ev<\/strong><strong><em>.<\/em><\/strong><\/p>\n<p>E sempre sulle note di Sergej Prokof&#8217;ev, e di una delle sue opere pi\u00f9 famose, proseguir\u00e0 la serata. <strong><em>Pierino e il lupo<\/em><\/strong>\u00a0\u00e8 una partitura particolarmente cara a I Pomeriggi Musicali, che la eseguirono durante il loro primo concerto nel novembre del 1946. Non \u00e8 un caso dunque, che sia stata affidata ora ad\u00a0<strong>Alessandro Cadario,<\/strong>\u00a0il quale debutta sul podio dei Pomeriggi in un nuovo ruolo. La voce che ci racconter\u00e0 la storia del vivace Pierino \u00e8 quella dell\u2019attore\u00a0<strong>Mattia Pozzi.<\/strong><\/p>\n<p><strong>ALESSANDRO CADARIO, direttore<\/strong><\/p>\n<p>Alessandro Cadario \u00e8 nominato Direttore Ospite Principale dell\u2019Orchestra de I Pomeriggi Musicali per le stagioni 2016\/2017 e 2017\/2018. Direttore d\u2019orchestra dal gesto raffinato ed espressivo, si distingue per la presenza carismatica e le sue interpretazioni meditate e convincenti, sia nel repertorio sinfonico sia in quello operistico. Ha compiuto gli studi di Direzione d\u2019orchestra con il massimo dei voti al Conservatorio Giuseppe Verdi di Milano perfezionandosi presso l\u2019Accademia Musicale Chigiana di Siena con Gianluigi Gelmetti. Ha inoltre conseguito il Diploma di violino, la laurea in Direzione di coro e in Composizione, con lode. Dopo aver vinto il concorso internazionale di direzione d&#8217;orchestra Peter Maag, ha definitivamente attirato l&#8217;attenzione degli addetti ai lavori, nel 2014, in occasione del suo debutto alla Societ\u00e0 del Quartetto di Milano e, nel 2015, con la direzione di <em>Pollicino<\/em> di Henze, al Maggio Musicale Fiorentino e con un concerto all\u2019interno della stagione sinfonica del Teatro Petruzzelli di Bari, di cui \u00e8 stata particolarmente apprezzata l&#8217;interpretazione rossiniana (<em>Stabat Mater: con Cadario \u00e8 un gran Rossini<\/em>, titola la \u201cGazzetta del Mezzogiorno\u201d). Sempre nel 2015, ha debuttato al Teatro alla Scala di Milano in occasione del Festival delle Orchestre Internazionali. Ha diretto importanti orchestre, tra cui l\u2019Orchestra Filarmonica di Monte-Carlo, l\u2019Orchestra Filarmonica della Fenice, l\u2019Orchestra e Coro del Teatro Petruzzelli di Bari, l\u2019Orchestra Haydn di Bolzano e Trento, l\u2019Orchestra e Coro del Teatro Lirico di Cagliari, il Concerto Budapest, l\u2019Orchestra I Pomeriggi Musicali, l\u2019Orchestra di Padova e del Veneto e la Sofia Festival Orchestra. Ha inoltre collaborato con solisti come Mario Brunello, Vittorio Grigolo, Alessandro Carbonare e Rainer Honeck. Nel 2016, Alessandro Cadario debutta con l\u2019Orchestra del Teatro Comunale di Bologna in occasione del concerto di gala del Concorso Internazionale di Composizione 2 agosto; con l\u2019Orchestra del Teatro Massimo di Palermo, in luglio, nella rassegna <em>Summerwhere<\/em>; al Festival MiTo SettembreMusica 2016 con l\u2019Orchestra I Pomeriggi Musicali. Dirige inoltre la City Chamber Orchestra di Hong Kong nella <em>Grande Messa in do\u00a0minore<\/em>, K. 427 di Mozart, in occasione del suo debutto in Cina. Nella stagione 2016\/2017 sono previsti il debutto alla Biennale Musica di Venezia, nel contesto del progetto Biennale College, il ritorno all\u2019Opera di Tirana, con i <em>Carmina Burana<\/em> di Orff e, alla testa di FurturOrchestra, alla Societ\u00e0 del Quartetto di Milano. Il primo\u00a0dei concerti che diriger\u00e0 al Teatro Dal Verme alla testa dei Pomeriggi Musicali, il 20 e 22 ottobre 2016, nel corso della\u00a072\u00aa Stagione sinfonica <em>La Tradizione del Nuovo<\/em> (direttore artistico: M\u00b0 Maurizio Salerno), sar\u00e0 interamente dedicato a Prokof\u2019ev, nel 125\u00b0 anniversario della nascita. Il\u00a0secondo appuntamento, del 12 e 14 gennaio 2017, inserito nel ciclo di esecuzioni sinfoniche beethoveniane, sar\u00e0 dedicato alla <em>Quarta sinfonia<\/em> di Beethoven e completato dal <em>Concerto per pianoforte n.2<\/em> di Saint-Sa\u00ebns. Oltre al repertorio classico, Alessandro Cadario rivolge la sua attenzione alla musica contemporanea che interpreta con particolare dedizione, vista la sua duplice natura di direttore e compositore. Le sue composizioni sono state presentate in prima assoluta al Lincoln Center di New York, al Teatro dell&#8217;Opera di Darmstadt e al National Concert Hall di Taipei. Collabora alla preparazione di FuturOrchestra, Orchestra Giovanile Lombarda, e dell&#8217;Orchestra Nazionale del Sistema delle Orchestre e dei Cori Giovanili in Italia, un progetto fortemente voluto dal M\u00b0 Claudio Abbado, cui Alessandro Cadario continua a rivolgere le energie di chi desidera fortemente contribuire alla formazione della futura generazione di musicisti.<\/p>\n<p><strong>ALEXANDRA CONUNOVA<\/strong><strong>, violino<\/strong><\/p>\n<p>Alexandra Conunova ha focalizzato su di s\u00e9 le attenzioni della critica musicale internazionale e del pubblico a seguito della vittoria del Primo premio al Concorso Internazionale di violino Joseph Joachim di Hannover nell\u2019autunno 2012. La giuria del concorso in quell\u2019occasione ne elogi\u00f2 il calore del suono e l\u2019arte altamente drammatica del suo virtuosismo.\u00a0 Il successo ottenuto in questo concorso, che \u00e8 universalmente considerato come uno dei pi\u00f9 importanti dedicati oggi al violino, gli \u00e8 valso il suo debutto con la casa discografica Naxos. L\u2019interprete \u00e8 stata ospite al Settembre musicale di Montreux, al Beethoven Festival di Bonn, allo Schloss Elmau, al Festival di Aix en Provence, con le orchestre di Saarbr\u00fccken, Nuremberg Symphony Orchestra, l\u2019orchestra da Camera di Stoccarda ed ha realizzato varie tourn\u00e9e in Giappone e Corea del Sud. Alexandra Conunova \u00e8 stata premiata ai Concorsi Tchaikovsky (2015), George Enescu di Bucarest (2011), Tibor Varga di Sion nel 2010, Ion Voicu (2009) ed Henri Marteau (2008). Solista di altro profilo, Alexandra Conunova si \u00e8 esibita con le orchestre M\u00fcnchener Kammerorchester, NDR Radiophilarmonie, l\u2019Orchestra di Stato della Bileorussia, l\u2019Orchestra dell\u2019Hermitage di San Pietroburgo, l\u2019Orchestra da Camera del Festival di Verbier. Nel 2013 ha ricevuto il premio Julius B\u00e4r come miglior talento presente al Festival di Verbier, riconoscimento che le ha offerto l\u2019opportunit\u00e0 di esibirsi ufficialmente nel programma 2014\/2015 del Festival. Gli appuntamenti pi\u00f9 significativi del 2016 la vedranno ospite del Festival di Aix en Provence con il direttore Gianandrea Noseda, con Valeriy Ghergiev a Monaco, a Tolosa con il direttore Antonello Manacorda e con l\u2019Orchestra du Capitol, al Festival di San Pietroburgo.<\/p>\n<p><strong>MATTIA POZZI, voce recitante<\/strong><\/p>\n<p>Diplomato al Corso attori della Scuola civica d\u2019arte drammatica Paolo Grassi<em>, <\/em>tra gli altri studia con Maria Consagra, Mario Gonzales, Elisabeth Boeke, Kuniaki Ida, Massimo Navone, Ambra D\u2019amico, Paola Bigatto, Maurizio Schimdt, Danio Manfredini, Filippo Timi. Frequenta il seminario di danza contemporanea Gaga method con i membri della Batsheva dance company presso il Suzanne Dellal center di Tel Aviv. Partecipa altres\u00ec al seminario La danza delle intenzioni condotto da Roberta Carreri, membro dell\u2019Odin Teatret, e al primo anno della scuola Quelli di Grock, cos\u00ec come al seminario di alta formazione sul clow-attore con Vladimir Olshansky. Ha partecipato, per tre anni consecutivi, alla stagione de I Piccoli Pomeriggi Musicali di Milano come voce recitante<\/p>\n<p><strong>ORCHESTRA I POMERIGGI MUSICALI<\/strong><\/p>\n<p>27 novembre 1945, ore 17.30: al Teatro Nuovo di Milano debutta l\u2019Orchestra I Pomeriggi Musicali. In programma Mozart e Beethoven accostati a Stravinskij e Prokov\u2019ev. Nell\u2019immediato dopoguerra, nel pieno fervore della ricostruzione, l\u2019impresario teatrale Remigio Paone e il critico musicale Ferdinando Ballo lanciano la nuova formazione con un progetto di straordinaria attualit\u00e0: dare alla citt\u00e0 un\u2019orchestra da camera con un solido repertorio classico ed una specifica vocazione alla contemporaneit\u00e0. Il successo \u00e8 immediato e l\u2019Orchestra contribuisce notevolmente alla divulgazione popolare in Italia della musica dei grandi del Novecento censurati durante la dittatura fascista: Stravinskij, Hindemith, Webern, Berg, Poulenc, Honegger, Copland, Yves, Fran\u00e7ais. I Pomeriggi Musicali avviano, inoltre, una tenace attivit\u00e0 di commissione musicale. Per I Pomeriggi compongono infatti Casella, Dallapiccola, Ghedini, Gian Francesco Malipiero, Pizzetti, Respighi. Questa scelta programmatica si consolida nel rapporto con i compositori delle leve successive: Berio, Bussotti, Luciano Chailly, Clementi, Donatoni, Hazon, Maderna, Mannino, Manzoni, Margola, Pennisi, Testi, Tutino, Panni, Fedele, Francesconi, Vacchi. Oggi I Pomeriggi Musicali contano su un vastissimo repertorio che include i capolavori del Barocco, del Classicismo e del primo Romanticismo insieme alla gran parte della musica moderna e contemporanea. Compositori come Honegger e Hindemith, Pizzetti, Dallapiccola, Petrassi e Penderecki hanno diretto la loro musica sul podio de I Pomeriggi Musicali, che diventano trampolino di lancio verso la celebrit\u00e0 di tanti giovani artisti. \u00c8 il caso di\u00a0 Claudio Abbado, Leonard Bernstein, Rudolf Buchbinder, Pierre Boulez, Michele Campanella, Giuliano Carmignola, Aldo Ceccato, Sergiu Celibidache, Riccardo Chailly, Daniele Gatti, Gianandrea Gavazzeni, Carlo Maria Giulini, Vittorio Gui, Natalia Gutman, Angela Hewitt, Leonidas Kavakos, Alexander Lonquich, Alexander Igor Markevitch, Zubin Mehta, Carl Melles, Riccardo Muti, Hermann Scherchen, Thomas Schippers, Christian Thielemann, Salvatore Accardo, Antonio Ballista, Arturo Benedetti Michelangeli, Bruno Canino, Dino Ciani, Severino Gazzelloni, Franco Gulli, Nikita Magaloff, Nathan Milstein, Massimo Quarta, Maurizio Pollini, Corrado Rovaris e Uto Ughi. Tra i Direttori stabili dell\u2019Orchestra, ricordiamo Nino Sanzogno, il primo, Gianluigi Gelmetti, Giampiero Taverna e Othmar Maga, per arrivare ai milanesi Daniele Gatti, Antonello Manacorda e Aldo Ceccato, direttore emerito dell\u2019Orchestra. In alcuni casi, la direzione musicale \u00e8 stata affiancata da una direzione artistica; in questa veste: Italo Gomez, Carlo Majer, Marcello Panni, Marco Tutino, Gianni Tangucci, Ivan Fedele, Massimo Collarini e, da luglio 2013, Maurizio Salerno. L\u2019Orchestra I Pomeriggi Musicali svolge la sua attivit\u00e0 principalmente a Milano e nelle citt\u00e0 lombarde, mentre in autunno contribuisce alle stagioni liriche dei Teatri di Bergamo, Brescia, Como, Cremona, Mantova, Pavia \u2013 all\u2019interno del cartellone di Opera Lombardia \u2013 e alla stagione di balletto del Teatro alla Scala. Invitata nelle principali stagioni sinfoniche italiane, l\u2019Orchestra \u00e8 ospite anche delle maggiori sale da concerto europee. I Pomeriggi Musicali sono una Fondazione costituita dalla Regione Lombardia, dal Comune di Milano, dalla Provincia di Milano, e da enti privati, riconosciuta dallo Stato come istituzione concertistico-orchestrale e dalla Regione Lombardia come ente primario di produzione musicale. Sede dell\u2019Orchestra I Pomeriggi Musicali \u00e8 lo storico Teatro Dal Verme, sito nel cuore di Milano.<\/p>\n<p>&nbsp;<\/p>\n<p><strong>Biglietti<\/strong><\/p>\n<p><strong>Interi\u00a0\u00a0\u00a0\u00a0\u00a0\u00a0\u00a0 <\/strong>Primo Settore (Platea, dalla fila 1 alla 30): <strong>\u20ac 20,00 <\/strong>+ prevendita<\/p>\n<p>Secondo Settore (Platea, dalla fila 31 alla 40): <strong>\u20ac 14,50 <\/strong>+ prevendita<\/p>\n<p>Balconata: <strong>\u20ac 11,00 <\/strong>+ prevendita<\/p>\n<p><strong>Ridotti*\u00a0\u00a0 <\/strong>Primo Settore (Platea, dalla fila 1 alla fila 30) <strong>\u20ac 16,00 <\/strong>+ prevendita<\/p>\n<p>Secondo Settore (Platea, dalla fila 31 alla fila 40) <strong>\u20ac 12,50 <\/strong>+ prevendita<\/p>\n<p>Balconata <strong>\u20ac 9,00 <\/strong>+ prevendita<\/p>\n<p><strong>Biglietti per I Pomeriggi in anteprima<\/strong><\/p>\n<p><strong>Interi\u00a0\u00a0\u00a0\u00a0\u00a0\u00a0\u00a0 \u20ac 10,00<\/strong> + prevendita<\/p>\n<p><strong>Ridotti*\u00a0\u00a0 \u20ac 8,00<\/strong> + prevendita<\/p>\n<p><strong>* <\/strong>(Giovani under 26; Anziani over 60; Cral; Associazioni Culturali; Biblioteche; Gruppi; Scuole e Universit\u00e0)<\/p>\n<p><strong>Biglietteria TicketOne &#8211; Teatro<\/strong> <strong>Dal Verme <\/strong><\/p>\n<p>Via San Giovanni Sul Muro, 2 \u2013 20121 Milano<\/p>\n<p>Tel. 02 87.905.201<\/p>\n<p>dal marted\u00ec al sabato dalle 11.00 alle 19.00<\/p>\n<p><a href=\"http:\/\/www.ipomeriggi.it\">www.ipomeriggi.it<\/a><\/p>\n<p><a href=\"http:\/\/www.ipomeriggi.it\/facebook\">www.ipomeriggi.it\/facebook<\/a><\/p>\n<p><a href=\"http:\/\/www.ipomeriggi.it\/youtube\">www.ipomeriggi.it\/youtube<\/a><\/p>\n<p>Biglietteria on-line: <a href=\"http:\/\/www.ticketone.it\">www.ticketone.it<\/a><\/p>\n<p>&nbsp;<\/p>\n","protected":false},"excerpt":{"rendered":"<p>72\u00aa STAGIONE SINFONICA ORCHESTRA I POMERIGGI MUSICALI Direttore Artistico, M\u00b0 Maurizio Salerno Stagione 2016-2017 Gioved\u00ec 20 ottobre ore 21.00 Sabato 22 ottobre ore 17.00 Teatro Dal Verme Via San Giovanni sul Muro 2 \u2013 Milano Prokof&#8217;ev, Concerto per violino e orchestra n. 2, in sol minore, op. 63 Prokof&#8217;ev, Pierino e il lupo\u00a0op. 67 Direttore:\u00a0Alessandro &hellip; <a href=\"https:\/\/www.gdapress.it\/it\/index.php\/60162\/musica\/teatro-dal-verme-prokofev-orchestra-pomeriggi-musicali.html\" class=\"more-link\">Read more <span class=\"screen-reader-text\">Teatro Dal Verme  Prokof&#8217;ev ORCHESTRA I POMERIGGI MUSICALI<\/span><\/a><\/p>\n","protected":false},"author":3,"featured_media":60163,"comment_status":"closed","ping_status":"open","sticky":false,"template":"","format":"standard","meta":{"footnotes":""},"categories":[19],"tags":[14160,18789,235],"class_list":["post-60162","post","type-post","status-publish","format-standard","has-post-thumbnail","hentry","category-musica","tag-orchestra-i-pomeriggi-musicali","tag-prokofev","tag-teatro-dal-verme"],"_links":{"self":[{"href":"https:\/\/www.gdapress.it\/it\/index.php\/wp-json\/wp\/v2\/posts\/60162","targetHints":{"allow":["GET"]}}],"collection":[{"href":"https:\/\/www.gdapress.it\/it\/index.php\/wp-json\/wp\/v2\/posts"}],"about":[{"href":"https:\/\/www.gdapress.it\/it\/index.php\/wp-json\/wp\/v2\/types\/post"}],"author":[{"embeddable":true,"href":"https:\/\/www.gdapress.it\/it\/index.php\/wp-json\/wp\/v2\/users\/3"}],"replies":[{"embeddable":true,"href":"https:\/\/www.gdapress.it\/it\/index.php\/wp-json\/wp\/v2\/comments?post=60162"}],"version-history":[{"count":1,"href":"https:\/\/www.gdapress.it\/it\/index.php\/wp-json\/wp\/v2\/posts\/60162\/revisions"}],"predecessor-version":[{"id":60164,"href":"https:\/\/www.gdapress.it\/it\/index.php\/wp-json\/wp\/v2\/posts\/60162\/revisions\/60164"}],"wp:featuredmedia":[{"embeddable":true,"href":"https:\/\/www.gdapress.it\/it\/index.php\/wp-json\/wp\/v2\/media\/60163"}],"wp:attachment":[{"href":"https:\/\/www.gdapress.it\/it\/index.php\/wp-json\/wp\/v2\/media?parent=60162"}],"wp:term":[{"taxonomy":"category","embeddable":true,"href":"https:\/\/www.gdapress.it\/it\/index.php\/wp-json\/wp\/v2\/categories?post=60162"},{"taxonomy":"post_tag","embeddable":true,"href":"https:\/\/www.gdapress.it\/it\/index.php\/wp-json\/wp\/v2\/tags?post=60162"}],"curies":[{"name":"wp","href":"https:\/\/api.w.org\/{rel}","templated":true}]}}