
{"id":60102,"date":"2016-10-19T02:40:53","date_gmt":"2016-10-19T00:40:53","guid":{"rendered":"http:\/\/www.gdapress.it\/it\/?p=60102"},"modified":"2016-10-19T02:40:53","modified_gmt":"2016-10-19T00:40:53","slug":"milano-contract-district-ed-elle-decor-insieme-un-party","status":"publish","type":"post","link":"https:\/\/www.gdapress.it\/it\/index.php\/60102\/design\/milano-contract-district-ed-elle-decor-insieme-un-party.html","title":{"rendered":"Milano Contract District ed Elle Decor insieme per un party"},"content":{"rendered":"<p>&nbsp;<\/p>\n<p><img loading=\"lazy\" decoding=\"async\" class=\"alignnone size-medium wp-image-60108\" src=\"http:\/\/www.gdapress.it\/it\/..\/public\/it\/2016\/10\/IMG_7990-300x207.jpg\" alt=\"IMG_7990\" width=\"300\" height=\"207\" srcset=\"https:\/\/www.gdapress.it\/it\/..\/public\/it\/2016\/10\/IMG_7990-300x207.jpg 300w, https:\/\/www.gdapress.it\/it\/..\/public\/it\/2016\/10\/IMG_7990-768x529.jpg 768w, https:\/\/www.gdapress.it\/it\/..\/public\/it\/2016\/10\/IMG_7990-500x345.jpg 500w, https:\/\/www.gdapress.it\/it\/..\/public\/it\/2016\/10\/IMG_7990.jpg 1220w\" sizes=\"auto, (max-width: 300px) 100vw, 300px\" \/><\/p>\n<p>Nato nel capoluogo lombardo nel 2016 da un\u2019idea di <strong>Lorenzo Pascucci<\/strong>, <strong>Milano Contract District<\/strong>, \u00e8 una piattaforma dedicata e pensata per il Real Estate secondo un\u2019innovativa e inedita\u00a0risposta.<\/p>\n<p>Sviluppato in collaborazione con i <strong>migliori brand di interior e home finishing, compresi porte e finestre<\/strong>, il District nasce per soddisfare una richiesta del mercato, offrendo per la prima volta\u00a0un pacchetto di servizi esclusivi \u201cchiavi in mano\u201d e progetti personalizzati sia per le committenze che sulle richieste degli acquirenti finali.<\/p>\n<p><strong>Milano Contract District <\/strong>\u00e8 uno spaziopolifunzionale di 1.700 metri quadrati, inedito nel suo genere,caratterizzato da prodotti di qualit\u00e0, alta competenza e professionalit\u00e0 con soluzioni innovative rivolte a operatori del real estate, architetti e imprese edili.<\/p>\n<p>Uno spazio che ospita brand del design\u00a0 quali:<\/p>\n<p>Listone Giordano, Fontanot, Flos, Gessi, Oikos, Ernestomeda e altri<\/p>\n<p><img loading=\"lazy\" decoding=\"async\" class=\"alignnone size-medium wp-image-60104\" src=\"http:\/\/www.gdapress.it\/it\/..\/public\/it\/2016\/10\/2016-10-11-19.30.44-225x300.jpg\" alt=\"2016-10-11 19.30.44\" width=\"225\" height=\"300\" srcset=\"https:\/\/www.gdapress.it\/it\/..\/public\/it\/2016\/10\/2016-10-11-19.30.44-225x300.jpg 225w, https:\/\/www.gdapress.it\/it\/..\/public\/it\/2016\/10\/2016-10-11-19.30.44-768x1024.jpg 768w, https:\/\/www.gdapress.it\/it\/..\/public\/it\/2016\/10\/2016-10-11-19.30.44-300x400.jpg 300w\" sizes=\"auto, (max-width: 225px) 100vw, 225px\" \/>\u00a0<img loading=\"lazy\" decoding=\"async\" class=\"alignnone size-medium wp-image-60106\" src=\"http:\/\/www.gdapress.it\/it\/..\/public\/it\/2016\/10\/2016-10-11-20.57.51-300x225.jpg\" alt=\"2016-10-11 20.57.51\" width=\"300\" height=\"225\" srcset=\"https:\/\/www.gdapress.it\/it\/..\/public\/it\/2016\/10\/2016-10-11-20.57.51-300x225.jpg 300w, https:\/\/www.gdapress.it\/it\/..\/public\/it\/2016\/10\/2016-10-11-20.57.51-768x576.jpg 768w, https:\/\/www.gdapress.it\/it\/..\/public\/it\/2016\/10\/2016-10-11-20.57.51-500x375.jpg 500w\" sizes=\"auto, (max-width: 300px) 100vw, 300px\" \/>\u00a0<img loading=\"lazy\" decoding=\"async\" class=\"alignnone size-medium wp-image-60110\" src=\"http:\/\/www.gdapress.it\/it\/..\/public\/it\/2016\/10\/14680941_352255048448326_2567909638357177719_o-300x200.jpg\" alt=\"14680941_352255048448326_2567909638357177719_o\" width=\"300\" height=\"200\" srcset=\"https:\/\/www.gdapress.it\/it\/..\/public\/it\/2016\/10\/14680941_352255048448326_2567909638357177719_o-300x200.jpg 300w, https:\/\/www.gdapress.it\/it\/..\/public\/it\/2016\/10\/14680941_352255048448326_2567909638357177719_o-768x512.jpg 768w, https:\/\/www.gdapress.it\/it\/..\/public\/it\/2016\/10\/14680941_352255048448326_2567909638357177719_o-500x333.jpg 500w, https:\/\/www.gdapress.it\/it\/..\/public\/it\/2016\/10\/14680941_352255048448326_2567909638357177719_o-720x480.jpg 720w, https:\/\/www.gdapress.it\/it\/..\/public\/it\/2016\/10\/14680941_352255048448326_2567909638357177719_o-272x182.jpg 272w, https:\/\/www.gdapress.it\/it\/..\/public\/it\/2016\/10\/14680941_352255048448326_2567909638357177719_o.jpg 2048w\" sizes=\"auto, (max-width: 300px) 100vw, 300px\" \/>\u00a0<img loading=\"lazy\" decoding=\"async\" class=\"alignnone size-medium wp-image-60109\" src=\"http:\/\/www.gdapress.it\/it\/..\/public\/it\/2016\/10\/IMG_8161-300x207.jpg\" alt=\"IMG_8161\" width=\"300\" height=\"207\" srcset=\"https:\/\/www.gdapress.it\/it\/..\/public\/it\/2016\/10\/IMG_8161-300x207.jpg 300w, https:\/\/www.gdapress.it\/it\/..\/public\/it\/2016\/10\/IMG_8161-768x529.jpg 768w, https:\/\/www.gdapress.it\/it\/..\/public\/it\/2016\/10\/IMG_8161-500x345.jpg 500w, https:\/\/www.gdapress.it\/it\/..\/public\/it\/2016\/10\/IMG_8161.jpg 1220w\" sizes=\"auto, (max-width: 300px) 100vw, 300px\" \/><\/p>\n<p>Elle Decor in occasione della mostra a Palazzo Morando ha scelto questo suggestivo e innovativo spazio per un party che ha coinvolto numerosi ospiti, amabilmente accolti dal padrone di casa,Lorenzo Pascucci,\u00a0 sino a tarda sera.<\/p>\n<p><img loading=\"lazy\" decoding=\"async\" class=\"alignnone size-medium wp-image-60111\" src=\"http:\/\/www.gdapress.it\/it\/..\/public\/it\/2016\/10\/IMG_7940-300x207.jpg\" alt=\"IMG_7940\" width=\"300\" height=\"207\" srcset=\"https:\/\/www.gdapress.it\/it\/..\/public\/it\/2016\/10\/IMG_7940-300x207.jpg 300w, https:\/\/www.gdapress.it\/it\/..\/public\/it\/2016\/10\/IMG_7940-768x529.jpg 768w, https:\/\/www.gdapress.it\/it\/..\/public\/it\/2016\/10\/IMG_7940-500x345.jpg 500w, https:\/\/www.gdapress.it\/it\/..\/public\/it\/2016\/10\/IMG_7940.jpg 1220w\" sizes=\"auto, (max-width: 300px) 100vw, 300px\" \/>\u00a0<img loading=\"lazy\" decoding=\"async\" class=\"alignnone size-medium wp-image-60114\" src=\"http:\/\/www.gdapress.it\/it\/..\/public\/it\/2016\/10\/14650062_352254298448401_6949627332915179483_n-300x225.jpg\" alt=\"14650062_352254298448401_6949627332915179483_n\" width=\"300\" height=\"225\" srcset=\"https:\/\/www.gdapress.it\/it\/..\/public\/it\/2016\/10\/14650062_352254298448401_6949627332915179483_n-300x225.jpg 300w, https:\/\/www.gdapress.it\/it\/..\/public\/it\/2016\/10\/14650062_352254298448401_6949627332915179483_n-768x576.jpg 768w, https:\/\/www.gdapress.it\/it\/..\/public\/it\/2016\/10\/14650062_352254298448401_6949627332915179483_n-500x375.jpg 500w, https:\/\/www.gdapress.it\/it\/..\/public\/it\/2016\/10\/14650062_352254298448401_6949627332915179483_n.jpg 960w\" sizes=\"auto, (max-width: 300px) 100vw, 300px\" \/><\/p>\n<p>Gli ospiti hanno avuto\u00a0 la possibilit\u00e0 di conoscere\u00a0 i prodotti dei brand accompagnati dalla musica del dj di\u00a0 Radio Montecarlo,Marco Fullone; di degustare, grazie alla Cantina Contratto, un millesimato e un cocktail appositamente creato per l\u2019occasione, il Contrattino.<\/p>\n<p>Per i pi\u00f9 esigenti \u00a0i barman hanno creato dei\u00a0 raffinati cocktalis con Absolut Elyx Luxury Vodka.<\/p>\n<p><img loading=\"lazy\" decoding=\"async\" class=\"alignnone size-medium wp-image-60113\" src=\"http:\/\/www.gdapress.it\/it\/..\/public\/it\/2016\/10\/14589976_352254891781675_4542871427438560199_o-300x200.jpg\" alt=\"14589976_352254891781675_4542871427438560199_o\" width=\"300\" height=\"200\" srcset=\"https:\/\/www.gdapress.it\/it\/..\/public\/it\/2016\/10\/14589976_352254891781675_4542871427438560199_o-300x200.jpg 300w, https:\/\/www.gdapress.it\/it\/..\/public\/it\/2016\/10\/14589976_352254891781675_4542871427438560199_o-768x512.jpg 768w, https:\/\/www.gdapress.it\/it\/..\/public\/it\/2016\/10\/14589976_352254891781675_4542871427438560199_o-500x334.jpg 500w, https:\/\/www.gdapress.it\/it\/..\/public\/it\/2016\/10\/14589976_352254891781675_4542871427438560199_o-720x480.jpg 720w, https:\/\/www.gdapress.it\/it\/..\/public\/it\/2016\/10\/14589976_352254891781675_4542871427438560199_o-272x182.jpg 272w, https:\/\/www.gdapress.it\/it\/..\/public\/it\/2016\/10\/14589976_352254891781675_4542871427438560199_o.jpg 1382w\" sizes=\"auto, (max-width: 300px) 100vw, 300px\" \/><\/p>\n<p>Non poteva mancare il food\u00a0 abilmente interpretato\u00a0 dallo chef Filippo Lamantia che ha con uno showcooking\u00a0 deliziato il palato preparando un couscous vegetariano dai sapori\u00a0 e profumi della sua terra natia.<\/p>\n<p><img loading=\"lazy\" decoding=\"async\" class=\"alignnone size-medium wp-image-60105\" src=\"http:\/\/www.gdapress.it\/it\/..\/public\/it\/2016\/10\/2016-10-11-19.37.59-300x225.jpg\" alt=\"2016-10-11 19.37.59\" width=\"300\" height=\"225\" srcset=\"https:\/\/www.gdapress.it\/it\/..\/public\/it\/2016\/10\/2016-10-11-19.37.59-300x225.jpg 300w, https:\/\/www.gdapress.it\/it\/..\/public\/it\/2016\/10\/2016-10-11-19.37.59-768x576.jpg 768w, https:\/\/www.gdapress.it\/it\/..\/public\/it\/2016\/10\/2016-10-11-19.37.59-500x375.jpg 500w\" sizes=\"auto, (max-width: 300px) 100vw, 300px\" \/><\/p>\n<p>Per gli amanti del \u201cnostrano\u201d un profumato prosciutto di Carpegna e un salame piacentino.<\/p>\n<p>L\u2019atmosfera di festa \u00e8 stata\u00a0 allietata da una sorpresa: l\u2019indizio di un progetto residenziale di cui si parler\u00e0 nei prossimi mesi.<\/p>\n<p>gda<\/p>\n","protected":false},"excerpt":{"rendered":"<p>&nbsp; Nato nel capoluogo lombardo nel 2016 da un\u2019idea di Lorenzo Pascucci, Milano Contract District, \u00e8 una piattaforma dedicata e pensata per il Real Estate secondo un\u2019innovativa e inedita\u00a0risposta. Sviluppato in collaborazione con i migliori brand di interior e home finishing, compresi porte e finestre, il District nasce per soddisfare una richiesta del mercato, offrendo &hellip; <a href=\"https:\/\/www.gdapress.it\/it\/index.php\/60102\/design\/milano-contract-district-ed-elle-decor-insieme-un-party.html\" class=\"more-link\">Read more <span class=\"screen-reader-text\">Milano Contract District ed Elle Decor insieme per un party<\/span><\/a><\/p>\n","protected":false},"author":3,"featured_media":60108,"comment_status":"closed","ping_status":"open","sticky":false,"template":"","format":"standard","meta":{"footnotes":""},"categories":[32],"tags":[7081,18774,2895],"class_list":["post-60102","post","type-post","status-publish","format-standard","has-post-thumbnail","hentry","category-design","tag-elle-decor","tag-milano-contract-district","tag-party"],"_links":{"self":[{"href":"https:\/\/www.gdapress.it\/it\/index.php\/wp-json\/wp\/v2\/posts\/60102","targetHints":{"allow":["GET"]}}],"collection":[{"href":"https:\/\/www.gdapress.it\/it\/index.php\/wp-json\/wp\/v2\/posts"}],"about":[{"href":"https:\/\/www.gdapress.it\/it\/index.php\/wp-json\/wp\/v2\/types\/post"}],"author":[{"embeddable":true,"href":"https:\/\/www.gdapress.it\/it\/index.php\/wp-json\/wp\/v2\/users\/3"}],"replies":[{"embeddable":true,"href":"https:\/\/www.gdapress.it\/it\/index.php\/wp-json\/wp\/v2\/comments?post=60102"}],"version-history":[{"count":1,"href":"https:\/\/www.gdapress.it\/it\/index.php\/wp-json\/wp\/v2\/posts\/60102\/revisions"}],"predecessor-version":[{"id":60115,"href":"https:\/\/www.gdapress.it\/it\/index.php\/wp-json\/wp\/v2\/posts\/60102\/revisions\/60115"}],"wp:featuredmedia":[{"embeddable":true,"href":"https:\/\/www.gdapress.it\/it\/index.php\/wp-json\/wp\/v2\/media\/60108"}],"wp:attachment":[{"href":"https:\/\/www.gdapress.it\/it\/index.php\/wp-json\/wp\/v2\/media?parent=60102"}],"wp:term":[{"taxonomy":"category","embeddable":true,"href":"https:\/\/www.gdapress.it\/it\/index.php\/wp-json\/wp\/v2\/categories?post=60102"},{"taxonomy":"post_tag","embeddable":true,"href":"https:\/\/www.gdapress.it\/it\/index.php\/wp-json\/wp\/v2\/tags?post=60102"}],"curies":[{"name":"wp","href":"https:\/\/api.w.org\/{rel}","templated":true}]}}