
{"id":60088,"date":"2016-10-18T08:00:53","date_gmt":"2016-10-18T06:00:53","guid":{"rendered":"http:\/\/www.gdapress.it\/it\/?p=60088"},"modified":"2016-10-18T08:00:53","modified_gmt":"2016-10-18T06:00:53","slug":"al-piccolo-teatro-strehler-franco-branciaroli-macbeth","status":"publish","type":"post","link":"https:\/\/www.gdapress.it\/it\/index.php\/60088\/teatro\/al-piccolo-teatro-strehler-franco-branciaroli-macbeth.html","title":{"rendered":"Al Piccolo Teatro Strehler  Franco Branciaroli \u00e8 Macbeth"},"content":{"rendered":"<p><img loading=\"lazy\" decoding=\"async\" class=\"size-medium wp-image-60089\" src=\"http:\/\/www.gdapress.it\/it\/..\/public\/it\/2016\/10\/1476438155_MACBETH-foto-di-Umberto-Favretto-2-300x200.jpg\" alt=\"SPETTACOLI BRESCIA TEATRO SOCIALE CENTRO TETRALE BRESCIANO MACBETH NELLA FOTO SCENA FRANCO  BRANCIAROLI 7\/06\/2016 REPORTER FAVRETTO\" width=\"300\" height=\"200\" srcset=\"https:\/\/www.gdapress.it\/it\/..\/public\/it\/2016\/10\/1476438155_MACBETH-foto-di-Umberto-Favretto-2-300x200.jpg 300w, https:\/\/www.gdapress.it\/it\/..\/public\/it\/2016\/10\/1476438155_MACBETH-foto-di-Umberto-Favretto-2-768x511.jpg 768w, https:\/\/www.gdapress.it\/it\/..\/public\/it\/2016\/10\/1476438155_MACBETH-foto-di-Umberto-Favretto-2-500x333.jpg 500w, https:\/\/www.gdapress.it\/it\/..\/public\/it\/2016\/10\/1476438155_MACBETH-foto-di-Umberto-Favretto-2-720x480.jpg 720w, https:\/\/www.gdapress.it\/it\/..\/public\/it\/2016\/10\/1476438155_MACBETH-foto-di-Umberto-Favretto-2-272x182.jpg 272w\" sizes=\"auto, (max-width: 300px) 100vw, 300px\" \/><\/p>\n<p><em>Dal 18 ottobre <\/em><em>al 6 novembre al Piccolo Teatro Strehler<\/em><\/p>\n<p><strong>Franco Branciaroli \u00e8 Macbeth<\/strong><\/p>\n<p><u>La tragedia &#8220;nera&#8221; di Shakespeare: il male dell\u2019uomo, l\u2019ambiguit\u00e0 e il caos<\/u><\/p>\n<p><u>Mercoled\u00ec 19 ottobre, incontro con il pubblico al Chiostro Nina Vinchi<\/u><\/p>\n<p><strong>In occasione del 400\u00b0 anniversario della morte di Shakespeare, Franco Branciaroli si confronta di nuovo con <em>Macbeth<\/em>, dopo esserne stato gi\u00e0 protagonista nell\u2019edizione diretta da Giancarlo Sepe nel 1994. <\/strong><\/p>\n<p><em>Macbeth<\/em> parla di un mondo esterno in guerra, dove caratteristiche come efferatezza e sete di sangue, al pari del coraggio, sono ritenute virt\u00f9, in quanto preservano il mondo interno della corte, una societ\u00e0 patriarcale civilizzata regolata da leggi divine.<\/p>\n<p>\u00abMacbeth sceglie di portare la violenza all\u2019interno. Se in pi\u00f9 &#8211; spiega Franco Branciaroli &#8211; anche la parte femminile si snatura e prende caratteristiche maschili, allora il caos \u00e8 totale. Macbeth viene \u201csedotto\u201d all\u2019ambizione dalle streghe, che storicamente rappresentano la minaccia al mondo patriarcale, e indotto all\u2019assassinio da sua moglie, che viola il suo ruolo sociale di donna agendo come agirebbe un uomo. Al caos generato da donne che sono uomini (da una natura femminile perversa) solo un \u201cnon nato di donna\u201d potr\u00e0 porre fine. Ma il dramma \u00e8 ancora pi\u00f9 complesso e tremendo: Macbeth, uccidendo il re, simbolo del padre e del divino, uccide la sua stessa umanit\u00e0 ed entra in una dimensione di solitudine dove perde tutto, amore, ragione, sonno, scopo di vivere. In pi\u00f9, la sua vittoria \u00e8 sterile perch\u00e9 non ha eredi, e questa sua rinuncia alla sua umanit\u00e0 servir\u00e0 solo a passare il trono al figlio di un altro. Il <em>Macbeth<\/em> \u00e8 la tragedia del male dell\u2019uomo, della violazione delle leggi morali e naturali e dell\u2019ambiguit\u00e0, del caos, della distruzione che ne consegue. Un rovesciamento di valori significativamente testimoniato dal canto ambiguo e beffardo delle streghe: \u201cBello \u00e8 il brutto e brutto il bello\u201d.<\/p>\n<p>I demoni della coscienza, che sovvertono nel dramma l\u2019ordine morale interno ed esterno dei personaggi fino alle estreme conseguenze, terrorizzano lo spettatore per il crescente e devastante controllo che assumono sulle vicende rappresentate, ma al contempo lo attraggono e avvincono, per il misterioso richiamo che l\u2019uomo da sempre avverte dalla contaminazione con il male. Intorno all\u2019inquietante parabola di seduzione dell\u2019anima al male pulsa l\u2019enigmatico cuore di questa tragedia\u00bb.<\/p>\n<p>Tra i vari spettacoli shakespeariani di cui \u00e8 stato protagonista: <em>Otello,<\/em> diretto da Gabriele Lavia, con Umberto Orsini nel ruolo di Jago (1995); <em>La bisbetica domata,<\/em> diretta da Marco Sciaccaluga, con Mariangela Melato, e <em>Riccardo III,<\/em> diretto da Antonio Calenda (1997).<\/p>\n<p><strong>L\u2019incontro<\/strong><\/p>\n<p>Mercoled\u00ec 19 ottobre, ore 17, al Chiostro Nina Vinchi (Via Rovello 2), Franco Branciaroli e la Compagnia dello spettacolo incontrano il pubblico.<\/p>\n<p>L\u2019ingresso \u00e8 gratuito con prenotazione a comunicazione@piccoloteatromilano.it<\/p>\n<h4>LA SCHEDA DELLO SPETTACOLO<br \/>\n<strong>Piccolo Teatro Strehler <\/strong>(Largo Greppi, 2 \u2013 M2 Lanza), <strong>dal 18 ottobre al 6 novembre 2016<br \/>\n<\/strong><strong>Macbeth<br \/>\n<\/strong>di\u00a0William Shakespeare,\u00a0traduzione\u00a0Agostino Lombardo<br \/>\nregia\u00a0Franco Branciaroli<br \/>\nscene\u00a0Margherita Palli<\/h4>\n<p>costumi\u00a0Gianluca Sbicca<\/p>\n<p>luci\u00a0Gigi Saccomandi<br \/>\ncon\u00a0Franco Branciaroli\u00a0e\u00a0Valentina Violo<br \/>\ne con (in ordine alfabetico)<\/p>\n<p>Tommaso Cardarelli, Daniele Madde,\u00a0Stefano Moretti,<\/p>\n<p>Livio Remuzzi, Giovanni Battista Storti, Alfonso Veneroso<br \/>\n<em>produzione\u00a0CTB Centro Teatrale Bresciano \u00b7 Teatro de Gli Incamminati<\/em><\/p>\n<p>Orari: marted\u00ec, gioved\u00ec e sabato, ore 19.30; mercoled\u00ec e venerd\u00ec, ore 20.30<\/p>\n<p>(salvo mercoled\u00ec 2 novembre, ore 15 per le scuole); domenica, ore 16. Luned\u00ec riposo.<\/p>\n<p>Durata: 2 ore e 30 minuti pi\u00f9 intervallo<\/p>\n<p>Prezzi: platea 33 euro, balconata 26 euro<\/p>\n<p>Informazioni e prenotazioni 0242411889 &#8211; <a href=\"http:\/\/www.piccoloteatro.org\/\">www.piccoloteatro.org<\/a><\/p>\n","protected":false},"excerpt":{"rendered":"<p>Dal 18 ottobre al 6 novembre al Piccolo Teatro Strehler Franco Branciaroli \u00e8 Macbeth La tragedia &#8220;nera&#8221; di Shakespeare: il male dell\u2019uomo, l\u2019ambiguit\u00e0 e il caos Mercoled\u00ec 19 ottobre, incontro con il pubblico al Chiostro Nina Vinchi In occasione del 400\u00b0 anniversario della morte di Shakespeare, Franco Branciaroli si confronta di nuovo con Macbeth, dopo &hellip; <a href=\"https:\/\/www.gdapress.it\/it\/index.php\/60088\/teatro\/al-piccolo-teatro-strehler-franco-branciaroli-macbeth.html\" class=\"more-link\">Read more <span class=\"screen-reader-text\">Al Piccolo Teatro Strehler  Franco Branciaroli \u00e8 Macbeth<\/span><\/a><\/p>\n","protected":false},"author":3,"featured_media":60089,"comment_status":"closed","ping_status":"open","sticky":false,"template":"","format":"standard","meta":{"footnotes":""},"categories":[1],"tags":[18767,18768,18691],"class_list":["post-60088","post","type-post","status-publish","format-standard","has-post-thumbnail","hentry","category-teatro","tag-franco-branciaroli","tag-macbeth","tag-piccolo-teatro-strehler"],"_links":{"self":[{"href":"https:\/\/www.gdapress.it\/it\/index.php\/wp-json\/wp\/v2\/posts\/60088","targetHints":{"allow":["GET"]}}],"collection":[{"href":"https:\/\/www.gdapress.it\/it\/index.php\/wp-json\/wp\/v2\/posts"}],"about":[{"href":"https:\/\/www.gdapress.it\/it\/index.php\/wp-json\/wp\/v2\/types\/post"}],"author":[{"embeddable":true,"href":"https:\/\/www.gdapress.it\/it\/index.php\/wp-json\/wp\/v2\/users\/3"}],"replies":[{"embeddable":true,"href":"https:\/\/www.gdapress.it\/it\/index.php\/wp-json\/wp\/v2\/comments?post=60088"}],"version-history":[{"count":1,"href":"https:\/\/www.gdapress.it\/it\/index.php\/wp-json\/wp\/v2\/posts\/60088\/revisions"}],"predecessor-version":[{"id":60090,"href":"https:\/\/www.gdapress.it\/it\/index.php\/wp-json\/wp\/v2\/posts\/60088\/revisions\/60090"}],"wp:featuredmedia":[{"embeddable":true,"href":"https:\/\/www.gdapress.it\/it\/index.php\/wp-json\/wp\/v2\/media\/60089"}],"wp:attachment":[{"href":"https:\/\/www.gdapress.it\/it\/index.php\/wp-json\/wp\/v2\/media?parent=60088"}],"wp:term":[{"taxonomy":"category","embeddable":true,"href":"https:\/\/www.gdapress.it\/it\/index.php\/wp-json\/wp\/v2\/categories?post=60088"},{"taxonomy":"post_tag","embeddable":true,"href":"https:\/\/www.gdapress.it\/it\/index.php\/wp-json\/wp\/v2\/tags?post=60088"}],"curies":[{"name":"wp","href":"https:\/\/api.w.org\/{rel}","templated":true}]}}