
{"id":59954,"date":"2016-10-11T08:53:01","date_gmt":"2016-10-11T06:53:01","guid":{"rendered":"http:\/\/www.gdapress.it\/it\/?p=59954"},"modified":"2016-10-11T08:53:01","modified_gmt":"2016-10-11T06:53:01","slug":"timeless-design-carl-hansen-son-venini","status":"publish","type":"post","link":"https:\/\/www.gdapress.it\/it\/index.php\/59954\/design\/timeless-design-carl-hansen-son-venini.html","title":{"rendered":"Timeless Design  Carl Hansen &#038; S\u00f8n e Venini"},"content":{"rendered":"<p><img loading=\"lazy\" decoding=\"async\" class=\"alignnone size-medium wp-image-59955\" src=\"http:\/\/www.gdapress.it\/it\/..\/public\/it\/2016\/10\/TimelessDesign11-300x200.jpg\" alt=\"TimelessDesign11\" width=\"300\" height=\"200\" srcset=\"https:\/\/www.gdapress.it\/it\/..\/public\/it\/2016\/10\/TimelessDesign11-300x200.jpg 300w, https:\/\/www.gdapress.it\/it\/..\/public\/it\/2016\/10\/TimelessDesign11-768x512.jpg 768w, https:\/\/www.gdapress.it\/it\/..\/public\/it\/2016\/10\/TimelessDesign11-500x334.jpg 500w, https:\/\/www.gdapress.it\/it\/..\/public\/it\/2016\/10\/TimelessDesign11-720x480.jpg 720w, https:\/\/www.gdapress.it\/it\/..\/public\/it\/2016\/10\/TimelessDesign11-272x182.jpg 272w\" sizes=\"auto, (max-width: 300px) 100vw, 300px\" \/><\/p>\n<p><strong>TIMELESS DESIGN<\/strong><\/p>\n<p><strong>Carl Hansen &amp; S\u00f8n e Venini si raccontano<\/strong><\/p>\n<p>Concept e allestimento a cura di Lucchesedesign<\/p>\n<p><strong>Un inedito incontro tra due aziende storiche punto di riferimento nel panorama internazionale per raccontare manifattura di eccellenza e design senza tempo.\u00a0Legno e vetro sono protagonisti di un dialogo attraverso il colore, la materia e la storicit\u00e0 dei prodotti esposti.<\/strong><\/p>\n<p>Da sabato 1 ottobre a domenica 9 ottobre, in occasione di Brera Design Days, il nuovo showroom di Carl Hansen &amp; S\u00f8n \u00e8 \u00a0diventato lo scenario di un inedito incontro tra due storiche aziende accomunate da una forte tradizione artigianale di altissima qualit\u00e0. Icone storiche dell\u2019azienda danese dialogheranno con quelle di Venini attraverso il colore, la materia e la storicit\u00e0\u00a0racchiusa nei diversi prodotti che verranno presentati all\u2019interno di scenari abitativi pensati e allestiti da Lucchesedesign, gi\u00e0 autore dello showroom di Carl Hansen &amp; S\u00f8n.<\/p>\n<p>Il percorso si snodava attraverso aree tematiche distinte che hanno ricreato \u00a0spazi domestici e office seguendo suggestioni formali e cromatiche: dal mood total black realizzato con le esclusive edizioni dei prodotti Carl Hansen &amp; S\u00f8n con finiture e telaio neri (disponibili nei mesi di ottobre e novembre ad un prezzo speciale presso i rivenditori aderenti alla campagna), ad uno spazio dedicato alle icone storiche dell\u2019azienda, passando per un ambiente ufficio con arredi Wegner e home settings.<\/p>\n<p>Particolare risalto, all\u2019interno del percorso, era dato alla Dream Chair progettata nel 2013 da Tadao Ando. Il noto architetto giapponese ha collaborato infatti con entrambi i marchi, affine a quella progettualit\u00e0 e sensibilit\u00e0 comune sia a Carl Hansen &amp; S\u00f8n sia a Venini.<\/p>\n<p>Le storiche opere dell\u2019azienda di Venezia sono state inserite attraverso un affascinante percorso espositivo nelle ambientazioni e posizionate in prossimit\u00e0 delle finestre dello showroom, visibili anche dall\u2019esterno. Ogni Opera Venini era scoperta in ogni angolo del percorso e apprezzata nei dettagli della sua lavorazione artigianale e della sua unicit\u00e0.<\/p>\n<p>A proposito del progetto Francesco Lucchese, fondatore di Lucchesedesign dichiara: <em>&#8220;Il vetro e il legno, nell&#8217;architettura e nel design,\u00a0rimangono custoditi e presentati in un contenitore di prestigio per offrire modernit\u00e0 nella storicit\u00e0&#8221;.<\/em><\/p>\n<p>&nbsp;<\/p>\n<p>Showroom Carl Hansen &amp; S\u00f8n<\/p>\n<p>Foro Buonaparte 18A<\/p>\n<p>20121 Milano<\/p>\n<p>1 &#8211; 9 ottobre 2016<\/p>\n<p>10.00 \/ 20.00<\/p>\n<p><strong>CARL HANSEN &amp; SON<\/strong><\/p>\n<p>Carl Hansen &amp; Son rappresenta pi\u00f9 di 100 anni di storia dell\u2019arredamento all&#8217;insegna del rispetto e della passione per l\u2019artigianato. Carl Hansen &amp; Son oltre a essere il maggior produttore mondiale di mobili firmati<br \/>\nHans J. Wegner, produce anche creazioni ideate da celebri maestri del design, quali Ole Wanscher, Kaare Klint,<br \/>\nPoul Kj\u00e6rholm, Mogens Koch, Frits Henningsen, Tadao Ando e EOOS. I mobili Carl Hansen &amp; Son sono prodotti in Danimarca e venduti in tutto il mondo. Per saperne di pi\u00f9 visitate il sito www.carlhansen.com<\/p>\n<p>&nbsp;<\/p>\n","protected":false},"excerpt":{"rendered":"<p>TIMELESS DESIGN Carl Hansen &amp; S\u00f8n e Venini si raccontano Concept e allestimento a cura di Lucchesedesign Un inedito incontro tra due aziende storiche punto di riferimento nel panorama internazionale per raccontare manifattura di eccellenza e design senza tempo.\u00a0Legno e vetro sono protagonisti di un dialogo attraverso il colore, la materia e la storicit\u00e0 dei &hellip; <a href=\"https:\/\/www.gdapress.it\/it\/index.php\/59954\/design\/timeless-design-carl-hansen-son-venini.html\" class=\"more-link\">Read more <span class=\"screen-reader-text\">Timeless Design  Carl Hansen &#038; S\u00f8n e Venini<\/span><\/a><\/p>\n","protected":false},"author":3,"featured_media":59955,"comment_status":"closed","ping_status":"open","sticky":false,"template":"","format":"standard","meta":{"footnotes":""},"categories":[32],"tags":[18668,18707,3475],"class_list":["post-59954","post","type-post","status-publish","format-standard","has-post-thumbnail","hentry","category-design","tag-carl-hansen-son","tag-timeless-design","tag-venini"],"_links":{"self":[{"href":"https:\/\/www.gdapress.it\/it\/index.php\/wp-json\/wp\/v2\/posts\/59954","targetHints":{"allow":["GET"]}}],"collection":[{"href":"https:\/\/www.gdapress.it\/it\/index.php\/wp-json\/wp\/v2\/posts"}],"about":[{"href":"https:\/\/www.gdapress.it\/it\/index.php\/wp-json\/wp\/v2\/types\/post"}],"author":[{"embeddable":true,"href":"https:\/\/www.gdapress.it\/it\/index.php\/wp-json\/wp\/v2\/users\/3"}],"replies":[{"embeddable":true,"href":"https:\/\/www.gdapress.it\/it\/index.php\/wp-json\/wp\/v2\/comments?post=59954"}],"version-history":[{"count":1,"href":"https:\/\/www.gdapress.it\/it\/index.php\/wp-json\/wp\/v2\/posts\/59954\/revisions"}],"predecessor-version":[{"id":59956,"href":"https:\/\/www.gdapress.it\/it\/index.php\/wp-json\/wp\/v2\/posts\/59954\/revisions\/59956"}],"wp:featuredmedia":[{"embeddable":true,"href":"https:\/\/www.gdapress.it\/it\/index.php\/wp-json\/wp\/v2\/media\/59955"}],"wp:attachment":[{"href":"https:\/\/www.gdapress.it\/it\/index.php\/wp-json\/wp\/v2\/media?parent=59954"}],"wp:term":[{"taxonomy":"category","embeddable":true,"href":"https:\/\/www.gdapress.it\/it\/index.php\/wp-json\/wp\/v2\/categories?post=59954"},{"taxonomy":"post_tag","embeddable":true,"href":"https:\/\/www.gdapress.it\/it\/index.php\/wp-json\/wp\/v2\/tags?post=59954"}],"curies":[{"name":"wp","href":"https:\/\/api.w.org\/{rel}","templated":true}]}}