
{"id":59888,"date":"2016-10-06T15:02:12","date_gmt":"2016-10-06T13:02:12","guid":{"rendered":"http:\/\/www.gdapress.it\/it\/?p=59888"},"modified":"2016-10-06T15:02:12","modified_gmt":"2016-10-06T13:02:12","slug":"piccolo-teatro-grassi-toni-servillo-incontra-louis-jouvet-elvira","status":"publish","type":"post","link":"https:\/\/www.gdapress.it\/it\/index.php\/59888\/teatro\/piccolo-teatro-grassi-toni-servillo-incontra-louis-jouvet-elvira.html","title":{"rendered":"Piccolo Teatro Grassi Toni Servillo incontra Louis Jouvet in \u201cElvira\u201d"},"content":{"rendered":"<p><img loading=\"lazy\" decoding=\"async\" class=\"alignnone size-medium wp-image-59889\" src=\"http:\/\/www.gdapress.it\/it\/..\/public\/it\/2016\/10\/1475739292_Elvira_Servillo2cValentiniOR_fotoFabioEsposito-300x200.jpg\" alt=\"1475739292_Elvira_Servillo%2cValentiniOR_fotoFabioEsposito\" width=\"300\" height=\"200\" srcset=\"https:\/\/www.gdapress.it\/it\/..\/public\/it\/2016\/10\/1475739292_Elvira_Servillo2cValentiniOR_fotoFabioEsposito-300x200.jpg 300w, https:\/\/www.gdapress.it\/it\/..\/public\/it\/2016\/10\/1475739292_Elvira_Servillo2cValentiniOR_fotoFabioEsposito-768x511.jpg 768w, https:\/\/www.gdapress.it\/it\/..\/public\/it\/2016\/10\/1475739292_Elvira_Servillo2cValentiniOR_fotoFabioEsposito-500x333.jpg 500w, https:\/\/www.gdapress.it\/it\/..\/public\/it\/2016\/10\/1475739292_Elvira_Servillo2cValentiniOR_fotoFabioEsposito-720x480.jpg 720w, https:\/\/www.gdapress.it\/it\/..\/public\/it\/2016\/10\/1475739292_Elvira_Servillo2cValentiniOR_fotoFabioEsposito-272x182.jpg 272w, https:\/\/www.gdapress.it\/it\/..\/public\/it\/2016\/10\/1475739292_Elvira_Servillo2cValentiniOR_fotoFabioEsposito.jpg 1200w\" sizes=\"auto, (max-width: 300px) 100vw, 300px\" \/>\u00a0<img loading=\"lazy\" decoding=\"async\" class=\"alignnone size-medium wp-image-59890\" src=\"http:\/\/www.gdapress.it\/it\/..\/public\/it\/2016\/10\/1475739292_Elvira_Cirri2cMarino2cValentini2cServilloOR_fotoFabioEsposito-300x200.jpg\" alt=\"1475739292_Elvira_Cirri%2cMarino%2cValentini%2cServilloOR_fotoFabioEsposito\" width=\"300\" height=\"200\" srcset=\"https:\/\/www.gdapress.it\/it\/..\/public\/it\/2016\/10\/1475739292_Elvira_Cirri2cMarino2cValentini2cServilloOR_fotoFabioEsposito-300x200.jpg 300w, https:\/\/www.gdapress.it\/it\/..\/public\/it\/2016\/10\/1475739292_Elvira_Cirri2cMarino2cValentini2cServilloOR_fotoFabioEsposito-768x511.jpg 768w, https:\/\/www.gdapress.it\/it\/..\/public\/it\/2016\/10\/1475739292_Elvira_Cirri2cMarino2cValentini2cServilloOR_fotoFabioEsposito-500x333.jpg 500w, https:\/\/www.gdapress.it\/it\/..\/public\/it\/2016\/10\/1475739292_Elvira_Cirri2cMarino2cValentini2cServilloOR_fotoFabioEsposito-720x480.jpg 720w, https:\/\/www.gdapress.it\/it\/..\/public\/it\/2016\/10\/1475739292_Elvira_Cirri2cMarino2cValentini2cServilloOR_fotoFabioEsposito-272x182.jpg 272w, https:\/\/www.gdapress.it\/it\/..\/public\/it\/2016\/10\/1475739292_Elvira_Cirri2cMarino2cValentini2cServilloOR_fotoFabioEsposito.jpg 1200w\" sizes=\"auto, (max-width: 300px) 100vw, 300px\" \/><\/p>\n<p><em>Dall\u2019 11 ottobre al 18 dicembre al Piccolo Teatro Grassi<\/em><\/p>\n<p><strong>\u201cElvira\u201d, il nobile mestiere di recitare<\/strong><\/p>\n<p><strong>Toni Servillo incontra Louis Jouvet<\/strong><\/p>\n<p><u>Per lo spettacolo prodotto da Piccolo e Teatri Uniti oltre due mesi di recite<\/u><\/p>\n<p><u>e una rassegna cinematografica in collaborazione con Anteo spazioCinema<\/u><\/p>\n<p>Dall\u2019 11 ottobre al 18 dicembre 2016, in prima assoluta, Toni Servillo porta in scena <em>Elvira<\/em>. Lo spettacolo, prodotto dal Piccolo e da Teatri Uniti, nuovamente insieme dopo gli straordinari successi, anche internazionali, di <em>Trilogia della villeggiatura<\/em> e <em>Le voci di dentro<\/em>, rimane in scena, nella storica sala di via Rovello per oltre due mesi.<\/p>\n<p>\u00abDopo anni in cui le sue riflessioni sul teatro e sul lavoro di attore mi hanno fatto compagnia nell\u2019affrontare repertori diversi, da Moli\u00e8re a Marivaux, da Eduardo a Goldoni &#8211; confessa Servillo\u00a0 &#8211; mi \u00e8 parso necessario che arrivasse il momento di un incontro diretto\u00bb.<\/p>\n<p>Servillo si accosta a <em>Elvire Jouvet 40<\/em> \u2013 testo caro alla storia del Piccolo, in cui Brigitte Jaques trascrisse le <em>Sette lezioni di Louis Jouvet a Claudia sulla seconda scena di Elvira nell\u2019atto IV del \u201cDon Giovanni\u201d di Moli\u00e8re<\/em> \u2013 affrontandolo nella nuova traduzione commissionata a Giuseppe Montesano e avendo accanto tre giovani interpreti: Petra Valentini, nel ruolo del titolo, Davide Cirri e Francesco Marino, che incarnano il futuro nella vitale trasmissione di sapere fra le generazioni. Trent\u2019anni dopo Strehler, con Toni Servillo le riflessioni di Jouvet sul teatro e sul personaggio ritrovano nuovamente la stessa stringente attualit\u00e0.<\/p>\n<p><em>Elvira porta il pubblico all\u2019interno di un teatro chiuso, quasi a spiare tra platea e proscenio, con un maestro e un\u2019allieva impegnati in un particolare momento di una vera e propria fenomenologia della creazione del personaggio. <\/em><\/p>\n<p><em>Un\u2019altra occasione felice, offerta dalle prove quotidiane del monologo di Donna Elvira nel quarto atto del <\/em>Don Giovanni<em> di Moli\u00e8re, consiste nell\u2019opportunit\u00e0 di\u00a0 assistere ad una relazione maieutica che si trasforma in scambio dialettico, perch\u00e9 il personaggio \u00e8 per entrambi un territorio sconosciuto nel quale si avventurano spinti dalla necessit\u00e0 ossessiva della scoperta. Louis Jouvet formula a proposito dell\u2019attore la famosa distinzione com\u00e9dien\/acteur e dice precisamente: \u201cil com\u00e9dien \u00e8 per cos\u00ec dire il mandatario del personaggio, mentre l\u2019acteur delega se stesso personalmente. Il com\u00e9dien esiste grazie allo sforzo, alla disciplina interiore, a una\u00a0 regola di vita dei suoi pensieri, del suo corpo. Il suo lavoro si basa su una modestia particolare, un annullarsi di cui l\u2019acteur\u00a0 non ha bisogno\u201d. Trovo il complesso delle riflessioni di Jouvet particolarmente valido oggi per significare soprattutto ai giovani la nobilt\u00e0 del mestiere di recitare, che rischia di essere svilito in questi tempi confusi.<\/em><\/p>\n<p><strong>Toni Servillo<\/strong><\/p>\n<p><strong>Elvire Jouvet 40 \u2013 Incontro con Brigitte Jaques<\/strong><\/p>\n<p>Venerd\u00ec 14 ottobre, ore 17.30, al Chiostro Nina Vinchi (via Rovello, 2), in occasione dello spettacolo <em>Elvira<\/em>, Brigitte Jaques, autrice di <em>Elvire Jouvet 40<\/em>, incontra il pubblico.<\/p>\n<p>L\u2019evento \u00e8 organizzato dal Piccolo Teatro di Milano in collaborazione con Institut Fran\u00e7ais. Ingresso gratuito con prenotazione a comunicazione@piccoloteatromilano.it<\/p>\n<p><strong>Louis Jouvet tra cinema e teatro<\/strong><\/p>\n<p><strong>Anteo spazioCinema <\/strong>(Via Milazzo, 9) <strong>dal 7 al 9 novembre 2016<br \/>\n<\/strong><\/p>\n<p>In occasione dello spettacolo <em>Elvira<\/em>, il Piccolo Teatro e Anteo spazioCinema organizzano una retrospettiva, a cura di Maurizio Porro, che ripercorre l\u2019attivit\u00e0 cinematografica di\u00a0Louis Jouvet. Tra le figure pi\u00f9 alte del teatro del Novecento, Jouvet ha lavorato al cinema come attore.<\/p>\n<p>Il primo appuntamento \u00e8 luned\u00ec 7 novembre con <strong>Knock ou le triomphe de la m\u00e9decine <\/strong>(ore 15.30 e 20.30), testo teatrale di Jules Romains del 1923, messo in scena da Jouvet che lo interpreta anche al cinema, e <strong>La Marsigliese <\/strong>(ore 17.50), diretto nel 1938 da Jean Renoir.<\/p>\n<p>Marted\u00ec 8 novembre \u00e8 la volta di <strong>Albergo Nord <\/strong>(ore 15.30 e 22.15), film del 1938 diretto da Marcel Carn\u00e9, <strong>Verso la Vita <\/strong>(ore 17.50), diretto da Jean Renoir nel 1936, tratto da\u00a0<em>L&#8217;albergo dei poveri<\/em>\u00a0di Maksim Gor&#8217;kij, e <strong>La Marsigliese <\/strong>(ore 19.50).<\/p>\n<p>La rassegna si conclude mercoled\u00ec 9 novembre con <strong>Tra le undici e mezzanotte <\/strong>(ore 15.30 e 20), film poliziesco del 1948 firmato Henri Decoin, e\u00a0<strong>I prigionieri del sogno <\/strong>(ore 17.50 e 22), diretto da Julien Duvivier nel 1938, che racconta di un manicomio\/casa di riposo per vecchi attori squattrinati.<\/p>\n<p>Biglietti: Serale \u20ac 8,50, pomeridiano \u20ac 5,50 &#8211; Abbonamenti 3 proiezioni \u20ac 12,00<\/p>\n<p>SPECIALE TEATRO+CINEMA<\/p>\n<p>Presentando alla cassa del cinema Anteo il biglietto dello spettacolo <em>Elvira<\/em>, gli spettatori hanno diritto al prezzo ridotto per i film della rassegna dedicata a Jouvet.<\/p>\n<p>Presentando alla biglietteria del Teatro Strehler il biglietto di uno dei film della rassegna Jouvet, gli spettatori del cinema hanno diritto al biglietto ridotto per lo spettacolo <em>Elvira<\/em>.<\/p>\n<h4>LA SCHEDA DELLO SPETTACOLO<\/h4>\n<p><strong>Piccolo Teatro Grassi <\/strong>(Via Rovello 2 \u2013 M1 Cordusio) <strong>dal 11 ottobre al 18 dicembre 2016<\/strong><strong><br \/>\n<\/strong><strong>Elvira<\/strong><\/p>\n<p>(Elvire Jouvet 40) di Brigitte Jaques \u00a9 Gallimard<\/p>\n<p>traduzione Giuseppe Montesano<\/p>\n<p>regia Toni Servillo<\/p>\n<p>costumi Ortensia De Francesco<\/p>\n<p>luci Pasquale Mari<\/p>\n<p>suono Daghi Rondanini<\/p>\n<p>aiuto regia Costanza Boccardi<\/p>\n<p>con Toni Servillo, Petra Valentini, Francesco Marino, Davide Cirri<\/p>\n<p><em>coproduzione Piccolo Teatro di Milano &#8211; Teatro d\u2019Europa, Teatri Uniti<\/em><\/p>\n<p>Orari: marted\u00ec, gioved\u00ec e sabato ore 19.30; mercoled\u00ec e venerd\u00ec ore 20.30<\/p>\n<p>(salvo mercoled\u00ec 23 e 30 novembre ore 15 per le scuole); domenica ore 16. Luned\u00ec riposo.<\/p>\n<p>Prezzi: platea 33 euro, balconata 26 euro.<\/p>\n<p>Informazioni e prenotazioni 02.42.41.18.89 &#8211; <a href=\"http:\/\/www.piccoloteatro.org\/\">www.piccoloteatro.org<\/a><\/p>\n<p>News, trailer, interviste ai protagonisti su <a href=\"http:\/\/www.piccoloteatro.tv\">www.piccoloteatro.tv<\/a><\/p>\n<p><strong>L\u2019intervista di Servillo, in esclusiva per la webtv del Piccolo Teatro: <a href=\"http:\/\/bit.ly\/Elvira_Servillo\">http:\/\/bit.ly\/Elvira_Servillo<\/a><\/strong><\/p>\n<p><strong><u>TONI SERVILLO AL PICCOLO: UN\u2019AFFINITA\u2019 ARTISTICA LUNGA 14 ANNI<\/u><\/strong><\/p>\n<p><strong><u>Coproduzioni Piccolo Teatro di Milano &#8211; Teatri Uniti<\/u><\/strong><\/p>\n<p><strong><em>Trilogia della villeggiatura<\/em><\/strong><\/p>\n<p>Lo spettacolo debutta in prima assoluta al Piccolo Teatro Grassi, il 7 novembre 2007 e in quella stessa sala viene ripreso, esattamente tre anni dopo, il 16 novembre 2010.<\/p>\n<p>Per quattro anni, dal 2007 al 2010, con quasi 400 recite percorre la penisola da nord a sud e all\u2019estero \u00e8 a Berlino, Bucarest, Mosca, San Pietroburgo, Parigi (dove torna una seconda volta nell\u2019aprile 2010) e altre citt\u00e0 della Francia, Budapest, Cracovia, New York, \u00a0Varsavia, Madrid e altre citt\u00e0 della Spagna, Istanbul e Montr\u00e9al (Canada).<\/p>\n<p><strong><em>Le voci di dentro<\/em><\/strong><\/p>\n<p>Dopo un\u2019anteprima a Marsiglia, il 20 marzo 2013, lo spettacolo debutta in prima nazionale al Piccolo Teatro Grassi il 27 marzo 2013 e viene ripreso, l\u2019anno successivo, l\u201911 novembre 2014 al\u00a0 Teatro Strehler.<\/p>\n<p>Per tre anni, dal 2013 al 2015, con quasi 350 recite tocca le piazze italiane e, all\u2019estero, Chicago, Madrid, Barcellona e Spagna, San Pietroburgo, Parigi e Francia, Londra, Germania, Belgio, Budapest e Varsavia.<\/p>\n<p><strong><u>Ospitalit\u00e0<\/u><\/strong><\/p>\n<p><em>Tartufo<\/em> di Moli\u00e8re, Teatro Studio febbraio 2002<\/p>\n<p><em>Sabato, domenica e luned\u00ec<\/em> di Eduardo De Filippo,<\/p>\n<p>Teatro Studio febbraio 2003 e Teatro Grassi febbraio 2005<\/p>\n<p><em>Benjaminowo: padre e figlio<\/em> (Servillo\/Marcoaldi\/Vacchi), Teatro Grassi gennaio 2005<\/p>\n<p><em>Le false confidenze<\/em> di Marivaux,<\/p>\n<p>Teatro Studio gennaio 2006 e Teatro Grassi ottobre 2006<\/p>\n<p><em>Sconcerto<\/em>, Teatro Strehler settembre 2010 e marzo 2012<\/p>\n<p><em>Toni Servillo legge Napoli<\/em>, Teatro Studio novembre 2011<\/p>\n<p><em>La parola canta<\/em>, Teatro Strehler aprile 2015<\/p>\n<p>&nbsp;<\/p>\n","protected":false},"excerpt":{"rendered":"<p>\u00a0 Dall\u2019 11 ottobre al 18 dicembre al Piccolo Teatro Grassi \u201cElvira\u201d, il nobile mestiere di recitare Toni Servillo incontra Louis Jouvet Per lo spettacolo prodotto da Piccolo e Teatri Uniti oltre due mesi di recite e una rassegna cinematografica in collaborazione con Anteo spazioCinema Dall\u2019 11 ottobre al 18 dicembre 2016, in prima assoluta, &hellip; <a href=\"https:\/\/www.gdapress.it\/it\/index.php\/59888\/teatro\/piccolo-teatro-grassi-toni-servillo-incontra-louis-jouvet-elvira.html\" class=\"more-link\">Read more <span class=\"screen-reader-text\">Piccolo Teatro Grassi Toni Servillo incontra Louis Jouvet in \u201cElvira\u201d<\/span><\/a><\/p>\n","protected":false},"author":3,"featured_media":59890,"comment_status":"closed","ping_status":"open","sticky":false,"template":"","format":"standard","meta":{"footnotes":""},"categories":[1],"tags":[18681,9523,11696,18682],"class_list":["post-59888","post","type-post","status-publish","format-standard","has-post-thumbnail","hentry","category-teatro","tag-louis-jouvet","tag-piccolo-teatro-grassi","tag-toni-servillo","tag-elvira"],"_links":{"self":[{"href":"https:\/\/www.gdapress.it\/it\/index.php\/wp-json\/wp\/v2\/posts\/59888","targetHints":{"allow":["GET"]}}],"collection":[{"href":"https:\/\/www.gdapress.it\/it\/index.php\/wp-json\/wp\/v2\/posts"}],"about":[{"href":"https:\/\/www.gdapress.it\/it\/index.php\/wp-json\/wp\/v2\/types\/post"}],"author":[{"embeddable":true,"href":"https:\/\/www.gdapress.it\/it\/index.php\/wp-json\/wp\/v2\/users\/3"}],"replies":[{"embeddable":true,"href":"https:\/\/www.gdapress.it\/it\/index.php\/wp-json\/wp\/v2\/comments?post=59888"}],"version-history":[{"count":1,"href":"https:\/\/www.gdapress.it\/it\/index.php\/wp-json\/wp\/v2\/posts\/59888\/revisions"}],"predecessor-version":[{"id":59891,"href":"https:\/\/www.gdapress.it\/it\/index.php\/wp-json\/wp\/v2\/posts\/59888\/revisions\/59891"}],"wp:featuredmedia":[{"embeddable":true,"href":"https:\/\/www.gdapress.it\/it\/index.php\/wp-json\/wp\/v2\/media\/59890"}],"wp:attachment":[{"href":"https:\/\/www.gdapress.it\/it\/index.php\/wp-json\/wp\/v2\/media?parent=59888"}],"wp:term":[{"taxonomy":"category","embeddable":true,"href":"https:\/\/www.gdapress.it\/it\/index.php\/wp-json\/wp\/v2\/categories?post=59888"},{"taxonomy":"post_tag","embeddable":true,"href":"https:\/\/www.gdapress.it\/it\/index.php\/wp-json\/wp\/v2\/tags?post=59888"}],"curies":[{"name":"wp","href":"https:\/\/api.w.org\/{rel}","templated":true}]}}