
{"id":59715,"date":"2016-09-26T09:26:18","date_gmt":"2016-09-26T07:26:18","guid":{"rendered":"http:\/\/www.gdapress.it\/it\/?p=59715"},"modified":"2016-09-26T09:26:18","modified_gmt":"2016-09-26T07:26:18","slug":"ferre-comte-dettagli-palazzo-del-governatore-parma","status":"publish","type":"post","link":"https:\/\/www.gdapress.it\/it\/index.php\/59715\/arte\/ferre-comte-dettagli-palazzo-del-governatore-parma.html","title":{"rendered":"Ferr\u00e9 e Comte  DETTAGLI Palazzo del Governatore  Parma"},"content":{"rendered":"<p><img loading=\"lazy\" decoding=\"async\" class=\"alignnone size-medium wp-image-59716\" src=\"http:\/\/www.gdapress.it\/it\/..\/public\/it\/2016\/09\/immagine-coordinata-bassa-768x635-300x248.jpg\" alt=\"immagine-coordinata-bassa-768x635\" width=\"300\" height=\"248\" srcset=\"https:\/\/www.gdapress.it\/it\/..\/public\/it\/2016\/09\/immagine-coordinata-bassa-768x635-300x248.jpg 300w, https:\/\/www.gdapress.it\/it\/..\/public\/it\/2016\/09\/immagine-coordinata-bassa-768x635.jpg 768w, https:\/\/www.gdapress.it\/it\/..\/public\/it\/2016\/09\/immagine-coordinata-bassa-768x635-484x400.jpg 484w\" sizes=\"auto, (max-width: 300px) 100vw, 300px\" \/><\/p>\n<p>Ferr\u00e9 e Comte<\/p>\n<p>DETTAGLI<\/p>\n<p>Grandi interpreti tra moda e arte<\/p>\n<p>Palazzo del Governatore Piazza Giuseppe Garibaldi &#8211; Parma 30 settembre 2016 \u2013 15 gennaio 2017<\/p>\n<p>Vernissage: gioved\u00ec 29 settembre ore 18.00<\/p>\n<p>La genialit\u00e0 sartoriale di Gianfranco Ferr\u00e9 e l\u2019arte fotografica di Michel Comte per due mostre che si inseriscono nell\u2019ambito delle molteplici iniziative per il bicentenario dell\u2019arrivo di Maria Luigia d\u2019Asburgo-Lorena a Parma, gi\u00e0 Imperatrice dei Francesi e Duchessa di Parma, Piacenza e Guastalla. \u201cFerr\u00e9 e Comte DETTAGLI. Grandi interpreti tra moda e arte\u201d, progetto ideato da Alberto Nodolini e prodotto da Ankamoki, si snoder\u00e0 nelle sale del primo e secondo piano di Palazzo del Governatore di Parma dal 30 settembre 2016 al 15 gennaio 2017.<\/p>\n<p>Al primo piano si svolger\u00e0 la mostra \u201cGianfranco Ferr\u00e9 e Maria Luigia: inattese assonanze\u201d, a cura di Gloria Bianchino e Alberto Nodolini in collaborazione con la Fondazione Gianfranco Ferr\u00e9, mentre il secondo verr\u00e0 completamente dedicato alle installazioni di Michel Comte per la mostra \u201cNeoclassic\u201d curata da Jens Remes in collaborazione con Alberto Nodolini e Anna Tavani.<\/p>\n<p>Fortemente voluta e sostenuta dall\u2019assessorato alla Cultura del Comune di Parma, la doppia mostra Ferr\u00e9\/Comte \u00e8 anche il chiaro desiderio di offrire, all\u2019interno delle iniziative rivolte a valorizzare il territorio in occasione del 200\u00b0 anniversario dell\u2019arrivo della Duchessa, un evento che guarda alla contemporaneit\u00e0 all\u2019interno di uno dei palazzi pi\u00f9 prestigiosi e antichi della citt\u00e0.<\/p>\n<p>Laura Maria Ferraris, Assessore alla Cultura di Parma: \u201cCome Comune di Parma abbiamo voluto lanciare la sfida di uno sguardo che si proietta oltre il tempo che sembra essergli dato. Il progetto di Gloria Bianchino ed Alberto Nodolini restituisce infatti la possibilit\u00e0 inesauribile che nasce dal coraggio di non fermarsi alla superficialit\u00e0 delle cose, ai primi tre risultati su Google, al titolo senza leggere l\u2019articolo. In questo modo forse 2 il pi\u00f9 innovatore tra i grandi stilisti della moda italiana e la forte e fragile duchessa \u201cvissuta in un\u2019epoca pi\u00f9 grande di lei\u201d possono incontrarsi, restando di fronte. Ai curatori la mia pi\u00f9 sincera stima e gratitudine, anche per la capacit\u00e0 di rappresentare quella Parma dall\u2019intelligenza non scontata e dal cuore generoso\u201d.<\/p>\n<p>\u201cGianfranco Ferr\u00e9 e Maria Luigia: inattese assonanze\u201d, realizzata grazie al fondamentale contributo della Fondazione Gianfranco Ferr\u00e9, propone un\u2019ampia selezione di capi delle collezioni Alta Moda e Pr\u00eat-\u00e0-Porter, frutto di un lavoro di ricerca finalizzato all\u2019individuazione di \u201cinattese assonanze\u201d tra alcune declinazioni dello stile di Ferr\u00e9 e le passioni, il gusto e i tempi della \u201cBuona Duchessa\u201d. Una mostra giocata tutta sui dettagli della storia del costume reinterpretati in moda dal genio di Ferr\u00e9. E\u2019 questo che evidenziano i 60 splendidi capi che saranno esposti in mostra, accompagnati dai bozzetti preparatori. La mostra intende creare un percorso emozionale e filologico al contempo. Articolata in ambienti tra loro ben distinti, si dipana una vicenda, non solo e non tanto connotata in termini storico-temporali, quanto concepita ponendo l\u2019accento sui gusti, le passioni, le fascinazioni dell\u2019epoca e dunque della protagonista Maria Luigia.<\/p>\n<p>Da sempre affascinato dalle grandi donne della storia, Gianfranco Ferr\u00e9 nelle sue collezioni vive come costante il richiamo alle mode del passato. In un gioco di assonanze estetiche, gli abiti esposti mostrano chiaramente come Ferr\u00e9 dialoghi con la cultura neoclassica cogliendo l\u2019essenza del vestire, da Giuseppina di Beauharnais, prima moglie di Napoleone, alla \u201cBuona Duchessa\u201d Maria Luigia, consorte in seconde nozze di Napoleone. Nel suo guardare al passato Ferr\u00e9 non lavora sull\u2019insieme, ma sui particolari che, destoricizzati, vengono esaltati e resi contemporanei.<\/p>\n<p>Scrive Alberto Nodolini nel suo testo in catalogo: \u201cAbbiamo proposto un racconto che tiene conto di diversi elementi: dunque ecco in mostra un nucleo di immagini che propone una riflessione sul Direttorio: ecco uno spazio dedicato alle Camicie attraverso le quali Ferr\u00e9 crea volumi importanti e geniali spostamenti e altrettanto geniali tagli; e poi ancora maniche rimborsate, polsi alti, abbottonature militari ridisegnate. E ancora poi le Crinoline esposte in evidenza come strutture portanti del cono delle gonne e ancora le trasparenze, e le brache all\u2019orientale che sono, se si riflette, citazioni ancora una volta della cultura napoleonica, quella moda orientale che l\u2019Imperatore importa in Francia\u201d.<\/p>\n<p>Rita Airaghi, Direttore della Fondazione Gianfranco Ferr\u00e9: \u201cI perch\u00e9 della presenza delle creazioni di Gianfranco Ferr\u00e9 nel contesto della mostra rimandano ai criteri con cui affrontiamo il suo lascito creativo, per noi costante oggetto di ricerca e di studio. Il confronto sistematico con un patrimonio sfaccettato ed eterogeneo ci permette di affrontarlo secondo una logica flessibile, grazie alla quale da ci\u00f2 che Ferr\u00e9 ha creato non \u00e8 impossibile ricavare e proporre impressioni sempre nuove, capaci di sorprendere e spesso di stupire. Inattese, dunque, come le assonanze con il gusto e le passioni di Maria Luigia e del suo tempo\u201d.<\/p>\n<p>Nella mostra Michel Comte \u201cNeoclassic\u201d, situata al secondo piano di Palazzo del Governatore, curata da Jens Remes in collaborazione con Alberto Nodolini e Anna Tavani, le emozioni di un antico passato sono reinterpretate con rigorosa poesia da uno fra i pi\u00f9 prestigiosi fotografi contemporanei. Per Michel Comte il Neoclassicismo da sempre prima ispira e poi porta alla distruzione. Ma ancora oggi il fascino dell\u2019arte neoclassica rimane immutato nella storia, nella moda e nel design. Comte racconta il suo modo di interpretare la parabola neoclassica attraverso un percorso di sculture, installazioni di luce e immagini fotografiche.<\/p>\n<p>\u201cLa mostra di Parma \u00e8 la mia analisi personale dello stile e del tempo neoclassico\u201d: Comte pone una riflessione ideologica attraverso l\u2019espressione artistica consapevole che s\u00ec, possono andare in frantumi i simboli e gli uomini, non la bellezza artistica, che rimane al di l\u00e0 di ogni ideologia.<\/p>\n<p>\u201cFerr\u00e9 e Comte\/Dettagli. Grandi interpreti tra moda e arte\u201d, \u00e8 un progetto promosso dal Comune di Parma in collaborazione con Fondazione Gianfranco Ferr\u00e9, realizzato con il sostegno di Istituto per i beni artistici culturali e naturali\/ Regione Emilia Romagna, Accademia Nazionale di Belle Arti di Parma, con il contributo di Fiere di Parma, Cosmoproject, e prodotto da Ankamoki.<\/p>\n<p>Si ringraziano inoltre Fidenza Village, CNA Parma, MacroCoop, Manetti<\/p>\n<p>Un ringraziamento particolare infine a Rita Castaldini.<\/p>\n<p>I cataloghi di entrambe le mostre sono pubblicati da Skira Editore<\/p>\n<p>Ferr\u00e9 e Comte\/ DETTAGLI.<\/p>\n<p>Grandi interpreti fra moda e arte Palazzo del Governatore Piazza Giuseppe Garibaldi , Parma 30 settembre 2016 \u2013 15 gennaio 2017<\/p>\n<p>Preview stampa: marted\u00ec 27 ore 12.00 | Vernissage: gioved\u00ec 29 settembre ore 18.00<\/p>\n<p>Orari di apertura: marted\u00ec-venerd\u00ec ore 10.00\/ 18.00 sabato-domenica ore 10.00\/20.00 24 e 31 dicembre ore 10.00\/ 14.00 chiuso il luned\u00ec, 25 dicembre e 1 gennaio aperture straordinarie 30 settembre, 1-2-8-9 ottobre ore 10.00\/23.00<\/p>\n<p>Informazioni e prenotazione al pubblico: www.mostredettagli.com info@mostredettagli.com t. 0521 218035<\/p>\n<p>Costo biglietti: Intero \u20ac 10,00 Ridotto \u20ac 8,00 (over 65, portatori handicap, insegnanti, per ciascun visitatore di gruppi superiori alle 15 persone con prenotazione, altre categorie convenzionate ) Ridotto speciale \u20ac 4,00 (under 26, studenti e scolaresche con prenotazione, altre convenzioni) Ingresso gratuito, under 6, accompagnatori gruppi scolastici, accompagnatore disabile che presenti necessit\u00e0, accompagnatore o guida per i gruppi prenotati, giornalisti iscritti all\u2019albo, altre categorie o promozioni per sponsor convenzionati.<\/p>\n","protected":false},"excerpt":{"rendered":"<p>Ferr\u00e9 e Comte DETTAGLI Grandi interpreti tra moda e arte Palazzo del Governatore Piazza Giuseppe Garibaldi &#8211; Parma 30 settembre 2016 \u2013 15 gennaio 2017 Vernissage: gioved\u00ec 29 settembre ore 18.00 La genialit\u00e0 sartoriale di Gianfranco Ferr\u00e9 e l\u2019arte fotografica di Michel Comte per due mostre che si inseriscono nell\u2019ambito delle molteplici iniziative per il &hellip; <a href=\"https:\/\/www.gdapress.it\/it\/index.php\/59715\/arte\/ferre-comte-dettagli-palazzo-del-governatore-parma.html\" class=\"more-link\">Read more <span class=\"screen-reader-text\">Ferr\u00e9 e Comte  DETTAGLI Palazzo del Governatore  Parma<\/span><\/a><\/p>\n","protected":false},"author":3,"featured_media":59716,"comment_status":"closed","ping_status":"open","sticky":false,"template":"","format":"standard","meta":{"footnotes":""},"categories":[4],"tags":[18613,18612,472],"class_list":["post-59715","post","type-post","status-publish","format-standard","has-post-thumbnail","hentry","category-arte","tag-dettagli-palazzo-del-governatore","tag-ferre-e-comte","tag-parma"],"_links":{"self":[{"href":"https:\/\/www.gdapress.it\/it\/index.php\/wp-json\/wp\/v2\/posts\/59715","targetHints":{"allow":["GET"]}}],"collection":[{"href":"https:\/\/www.gdapress.it\/it\/index.php\/wp-json\/wp\/v2\/posts"}],"about":[{"href":"https:\/\/www.gdapress.it\/it\/index.php\/wp-json\/wp\/v2\/types\/post"}],"author":[{"embeddable":true,"href":"https:\/\/www.gdapress.it\/it\/index.php\/wp-json\/wp\/v2\/users\/3"}],"replies":[{"embeddable":true,"href":"https:\/\/www.gdapress.it\/it\/index.php\/wp-json\/wp\/v2\/comments?post=59715"}],"version-history":[{"count":1,"href":"https:\/\/www.gdapress.it\/it\/index.php\/wp-json\/wp\/v2\/posts\/59715\/revisions"}],"predecessor-version":[{"id":59717,"href":"https:\/\/www.gdapress.it\/it\/index.php\/wp-json\/wp\/v2\/posts\/59715\/revisions\/59717"}],"wp:featuredmedia":[{"embeddable":true,"href":"https:\/\/www.gdapress.it\/it\/index.php\/wp-json\/wp\/v2\/media\/59716"}],"wp:attachment":[{"href":"https:\/\/www.gdapress.it\/it\/index.php\/wp-json\/wp\/v2\/media?parent=59715"}],"wp:term":[{"taxonomy":"category","embeddable":true,"href":"https:\/\/www.gdapress.it\/it\/index.php\/wp-json\/wp\/v2\/categories?post=59715"},{"taxonomy":"post_tag","embeddable":true,"href":"https:\/\/www.gdapress.it\/it\/index.php\/wp-json\/wp\/v2\/tags?post=59715"}],"curies":[{"name":"wp","href":"https:\/\/api.w.org\/{rel}","templated":true}]}}