
{"id":59690,"date":"2016-09-24T08:39:32","date_gmt":"2016-09-24T06:39:32","guid":{"rendered":"http:\/\/www.gdapress.it\/it\/?p=59690"},"modified":"2016-09-24T08:39:32","modified_gmt":"2016-09-24T06:39:32","slug":"triennale-milano-triennale-design-museum-le-giornate-europee-del-patrimonio","status":"publish","type":"post","link":"https:\/\/www.gdapress.it\/it\/index.php\/59690\/arte\/triennale-milano-triennale-design-museum-le-giornate-europee-del-patrimonio.html","title":{"rendered":"TRIENNALE DI MILANO E TRIENNALE DESIGN MUSEUM PER LE GIORNATE EUROPEE DEL PATRIMONIO"},"content":{"rendered":"<p><img loading=\"lazy\" decoding=\"async\" class=\"alignnone size-medium wp-image-59691\" src=\"http:\/\/www.gdapress.it\/it\/..\/public\/it\/2016\/09\/triennale_1-box-eventi-825x510-2-300x185.jpg\" alt=\"triennale_1-box-eventi-825x510\" width=\"300\" height=\"185\" srcset=\"https:\/\/www.gdapress.it\/it\/..\/public\/it\/2016\/09\/triennale_1-box-eventi-825x510-2-300x185.jpg 300w, https:\/\/www.gdapress.it\/it\/..\/public\/it\/2016\/09\/triennale_1-box-eventi-825x510-2-768x475.jpg 768w, https:\/\/www.gdapress.it\/it\/..\/public\/it\/2016\/09\/triennale_1-box-eventi-825x510-2-500x309.jpg 500w, https:\/\/www.gdapress.it\/it\/..\/public\/it\/2016\/09\/triennale_1-box-eventi-825x510-2.jpg 825w\" sizes=\"auto, (max-width: 300px) 100vw, 300px\" \/><\/p>\n<table border=\"0\" cellspacing=\"0\" cellpadding=\"0\" align=\"center\" bgcolor=\"#ffffff\">\n<tbody>\n<tr>\n<td><img loading=\"lazy\" decoding=\"async\" class=\"CToWUd\" src=\"https:\/\/ci6.googleusercontent.com\/proxy\/bemCOITzUeWFWojH4FFru_WQHCEfdAZLEKcjORstxjyYjSaf5AWxUtqWoyvRHmFxGo5bxatgypnMC_wFTH_KGw=s0-d-e1-ft#http:\/\/static.contactlab.it\/img\/spacer.gif\" alt=\"\" width=\"10\" height=\"1\" border=\"0\" \/><\/td>\n<td align=\"center\">\n<table border=\"0\" width=\"100%\" cellspacing=\"0\" cellpadding=\"0\" align=\"center\">\n<tbody>\n<tr>\n<td><img loading=\"lazy\" decoding=\"async\" class=\"CToWUd\" src=\"https:\/\/ci4.googleusercontent.com\/proxy\/fj6vPtysYwIOzI9tMY22rVi9EqdHE6j0CYvJZxVyfhyPcaJXrXgp5xyv6yYDZi31LYiAmxer85_6dpIi=s0-d-e1-ft#http:\/\/static.contactlab.it\/spacer.gif\" alt=\"\" width=\"1\" height=\"20\" border=\"0\" \/><\/td>\n<\/tr>\n<tr>\n<td align=\"left\">Sabato 24 settembre<br \/>\n<strong>Apertura straordinaria fino alle 23.00 con ingresso a 1,00 euro al Triennale Design Museum dalle ore 20.00\u00a0<\/strong><\/p>\n<p>Sabato 24 settembre, ore 11.30 e 16.30<br \/>\nDomenica 25 settembre, ore 11.30 e 16.30<br \/>\n<strong>Visite guidate gratuite al Triennale Design Museum\u00a0<\/strong><\/p>\n<p>Sabato 24 settembre, ore 15.30<br \/>\nDomenica 25 settembre, ore 15.30<br \/>\n<strong>Laboratorio per bambini e famiglie Tratto Pen &amp; Taccuino<\/strong><\/p>\n<p>Il 24 e il 25 settembre 2016 Triennale di Milano e Triennale Design Museum aderiscono alle Giornate Europee del Patrimonio, promosse dal Ministero dei beni e delle attivit\u00e0 culturali e del turismo: due giorni di visite guidate gratuite, laboratori per bambini e, sabato 24 settembre, apertura straordinaria fino alle 23.00 e ingresso a 1,00 euro al Triennale Design Museum dalle ore 20.00. Anche il Bookstore e il Caff\u00e8 in Giardino della Triennale resteranno aperti fino alle 23.00 nella giornata di sabato 24 settembre.<br \/>\nAl Teatro dell\u2019Arte della Triennale, inoltre, sabato alle 19.30 e domenica alle 16.00 sar\u00e0 presentato lo spettacolo<em> Killing Desdemona<\/em> di Balletto Civile.<\/p>\n<p>La nona edizione del Triennale Design Museum, <em>W. Women in Italian Design<\/em>, a cura di Silvana Annicchiarico e con progetto di allestimento di Margherita Palli, cerca di tracciare una nuova storia del design italiano al femminile, ricostruendo figure, teorie, attitudini progettuali che sono state seminate nel Novecento e che si sono affermate, trasformate ed evolute nel XXI secolo.<\/p>\n<p>Triennale Design Museum vuole cos\u00ec celebrare il femminile in quanto nuovo soggetto creativo di un design meno asseverativo, meno autoritario, pi\u00f9 spontaneo, pi\u00f9 dinamico attraverso 650 opere di 400 designer.<\/p>\n<p>TDMEducation, sezione didattica del museo, propone il laboratorio <strong>Tratto Pen &amp; Taccuino<\/strong>. I ragazzi visitano Triennale Design Museum, muniti di Tratto Pen, la penna-pennarello Made in Italy, e di un taccuino, per prendere appunti, fare schizzi, analizzare le opere esposte.<\/p>\n<p>Da una parte i ragazzi sono invitati ad adottare il modus operandi del designer, sempre accompagnato da carta e penna per appuntare spunti e idee, dall\u2019altra grazie alla guida degli educatori di TDMEducation hanno l\u2019opportunit\u00e0 di vivere in maniera inedita il museo, con una partecipazione attiva e la possibilit\u00e0 di soffermarsi sulle singole opere e approfondirne i contenuti da nuovi punti di vista.<\/p>\n<p>&nbsp;<\/p>\n<p><strong>Info e prenotazioni<\/strong><\/p>\n<p><strong>Orari e costi<\/strong><br \/>\nSabato 24 settembre: 10.30 &#8211; 23.00<br \/>\nBiglietto: 8\/6,50\/5,50 euro<br \/>\nDalle 20.00: 1,00 euro<\/p>\n<p>Domenica 25 settembre: 10.30 &#8211; 20.30<br \/>\nBiglietto: 8\/6,50\/5,50 euro<\/p>\n<p><strong>Visite guidate gratuite al Triennale Design Museum<\/strong><br \/>\nSabato 24 settembre, ore 11.30 e 16.30<br \/>\nDomenica 25 settembre, ore 11.30 e 16.30<br \/>\nPossono partecipare alle visite guidate gratuite i possessori del biglietto di ingresso del Triennale Design Museum<br \/>\nPer prenotare: <a href=\"mailto:visiteguidate@triennale.org\" target=\"_blank\">visiteguidate@triennale.org<\/a><\/p>\n<p><strong>Laboratori per bambini e famiglie Tratto Pen &amp; Taccuino<\/strong><br \/>\nSabato 24 settembre, ore 15.30<br \/>\nDomenica 25 settembre, ore 15.30<br \/>\nDurata 90 minuti<br \/>\nIngresso gratuito per bambini e ragazzi dai 6 ai 14 anni<br \/>\nAdulti accompagnatori: biglietto ridotto 6,50 euro<br \/>\nPer prenotare: <a href=\"mailto:tdmkids@triennale.org\" target=\"_blank\">tdmkids@triennale.org<\/a><\/p>\n<p><strong>Killing Desdemona<\/strong><br \/>\n<strong>Teatro dell&#8217;Arte<br \/>\n<\/strong>Sabato 24 settembre, ore 19.30<br \/>\nDomenica 25 settembre, ore 16.00<br \/>\nDurata: 60 minuti<br \/>\nBiglietti<br \/>\nPlatea 15 \/ 10 euro<br \/>\nGalleria 12 \/ 8 euro<\/td>\n<\/tr>\n<tr>\n<td><img loading=\"lazy\" decoding=\"async\" class=\"CToWUd\" src=\"https:\/\/ci4.googleusercontent.com\/proxy\/fj6vPtysYwIOzI9tMY22rVi9EqdHE6j0CYvJZxVyfhyPcaJXrXgp5xyv6yYDZi31LYiAmxer85_6dpIi=s0-d-e1-ft#http:\/\/static.contactlab.it\/spacer.gif\" alt=\"\" width=\"1\" height=\"20\" border=\"0\" \/><\/td>\n<\/tr>\n<\/tbody>\n<\/table>\n<\/td>\n<td><img loading=\"lazy\" decoding=\"async\" class=\"CToWUd\" src=\"https:\/\/ci6.googleusercontent.com\/proxy\/bemCOITzUeWFWojH4FFru_WQHCEfdAZLEKcjORstxjyYjSaf5AWxUtqWoyvRHmFxGo5bxatgypnMC_wFTH_KGw=s0-d-e1-ft#http:\/\/static.contactlab.it\/img\/spacer.gif\" alt=\"\" width=\"10\" height=\"1\" border=\"0\" \/><\/td>\n<\/tr>\n<tr>\n<td><img loading=\"lazy\" decoding=\"async\" class=\"CToWUd\" src=\"https:\/\/ci6.googleusercontent.com\/proxy\/bemCOITzUeWFWojH4FFru_WQHCEfdAZLEKcjORstxjyYjSaf5AWxUtqWoyvRHmFxGo5bxatgypnMC_wFTH_KGw=s0-d-e1-ft#http:\/\/static.contactlab.it\/img\/spacer.gif\" alt=\"\" width=\"10\" height=\"1\" border=\"0\" \/><\/td>\n<td align=\"center\">\n<table border=\"0\" width=\"100%\" cellspacing=\"0\" cellpadding=\"0\" align=\"center\">\n<tbody>\n<tr>\n<td>\n<table border=\"0\" cellspacing=\"0\" cellpadding=\"0\" align=\"center\">\n<tbody>\n<tr>\n<td><\/td>\n<\/tr>\n<\/tbody>\n<\/table>\n<\/td>\n<\/tr>\n<\/tbody>\n<\/table>\n<\/td>\n<\/tr>\n<\/tbody>\n<\/table>\n","protected":false},"excerpt":{"rendered":"<p>Sabato 24 settembre Apertura straordinaria fino alle 23.00 con ingresso a 1,00 euro al Triennale Design Museum dalle ore 20.00\u00a0 Sabato 24 settembre, ore 11.30 e 16.30 Domenica 25 settembre, ore 11.30 e 16.30 Visite guidate gratuite al Triennale Design Museum\u00a0 Sabato 24 settembre, ore 15.30 Domenica 25 settembre, ore 15.30 Laboratorio per bambini e &hellip; <a href=\"https:\/\/www.gdapress.it\/it\/index.php\/59690\/arte\/triennale-milano-triennale-design-museum-le-giornate-europee-del-patrimonio.html\" class=\"more-link\">Read more <span class=\"screen-reader-text\">TRIENNALE DI MILANO E TRIENNALE DESIGN MUSEUM PER LE GIORNATE EUROPEE DEL PATRIMONIO<\/span><\/a><\/p>\n","protected":false},"author":3,"featured_media":59691,"comment_status":"closed","ping_status":"open","sticky":false,"template":"","format":"standard","meta":{"footnotes":""},"categories":[4],"tags":[18605,386,647],"class_list":["post-59690","post","type-post","status-publish","format-standard","has-post-thumbnail","hentry","category-arte","tag-tratto-pen-taccuino","tag-triennale-design-museum","tag-triennale-di-milano"],"_links":{"self":[{"href":"https:\/\/www.gdapress.it\/it\/index.php\/wp-json\/wp\/v2\/posts\/59690","targetHints":{"allow":["GET"]}}],"collection":[{"href":"https:\/\/www.gdapress.it\/it\/index.php\/wp-json\/wp\/v2\/posts"}],"about":[{"href":"https:\/\/www.gdapress.it\/it\/index.php\/wp-json\/wp\/v2\/types\/post"}],"author":[{"embeddable":true,"href":"https:\/\/www.gdapress.it\/it\/index.php\/wp-json\/wp\/v2\/users\/3"}],"replies":[{"embeddable":true,"href":"https:\/\/www.gdapress.it\/it\/index.php\/wp-json\/wp\/v2\/comments?post=59690"}],"version-history":[{"count":1,"href":"https:\/\/www.gdapress.it\/it\/index.php\/wp-json\/wp\/v2\/posts\/59690\/revisions"}],"predecessor-version":[{"id":59692,"href":"https:\/\/www.gdapress.it\/it\/index.php\/wp-json\/wp\/v2\/posts\/59690\/revisions\/59692"}],"wp:featuredmedia":[{"embeddable":true,"href":"https:\/\/www.gdapress.it\/it\/index.php\/wp-json\/wp\/v2\/media\/59691"}],"wp:attachment":[{"href":"https:\/\/www.gdapress.it\/it\/index.php\/wp-json\/wp\/v2\/media?parent=59690"}],"wp:term":[{"taxonomy":"category","embeddable":true,"href":"https:\/\/www.gdapress.it\/it\/index.php\/wp-json\/wp\/v2\/categories?post=59690"},{"taxonomy":"post_tag","embeddable":true,"href":"https:\/\/www.gdapress.it\/it\/index.php\/wp-json\/wp\/v2\/tags?post=59690"}],"curies":[{"name":"wp","href":"https:\/\/api.w.org\/{rel}","templated":true}]}}