
{"id":59619,"date":"2016-09-21T00:33:49","date_gmt":"2016-09-20T22:33:49","guid":{"rendered":"http:\/\/www.gdapress.it\/it\/?p=59619"},"modified":"2016-09-21T00:33:49","modified_gmt":"2016-09-20T22:33:49","slug":"le-vie-del-cinema-film-venezia-pardi-locarno-milano","status":"publish","type":"post","link":"https:\/\/www.gdapress.it\/it\/index.php\/59619\/cinema\/le-vie-del-cinema-film-venezia-pardi-locarno-milano.html","title":{"rendered":"LE VIE DEL CINEMA. I FILM DI VENEZIA E I PARDI DI LOCARNO A MILANO"},"content":{"rendered":"<p class=\"x_MsoNormal\"><img loading=\"lazy\" decoding=\"async\" class=\"alignnone size-large wp-image-59620\" src=\"http:\/\/www.gdapress.it\/it\/..\/public\/it\/2016\/09\/THE-WOMAN-WHO-LEFT-003-500x281.jpg\" alt=\"THE WOMAN WHO LEFT 003\" width=\"500\" height=\"281\" srcset=\"https:\/\/www.gdapress.it\/it\/..\/public\/it\/2016\/09\/THE-WOMAN-WHO-LEFT-003-500x281.jpg 500w, https:\/\/www.gdapress.it\/it\/..\/public\/it\/2016\/09\/THE-WOMAN-WHO-LEFT-003-300x169.jpg 300w, https:\/\/www.gdapress.it\/it\/..\/public\/it\/2016\/09\/THE-WOMAN-WHO-LEFT-003-768x432.jpg 768w, https:\/\/www.gdapress.it\/it\/..\/public\/it\/2016\/09\/THE-WOMAN-WHO-LEFT-003-1280x720.jpg 1280w, https:\/\/www.gdapress.it\/it\/..\/public\/it\/2016\/09\/THE-WOMAN-WHO-LEFT-003.jpg 1400w\" sizes=\"auto, (max-width: 500px) 100vw, 500px\" \/><\/p>\n<p class=\"x_MsoNormal\">Luned\u00ec 19 settembre ha debuttato il secondo appuntamento dell\u2019anno de <i>le vie del cinema<\/i>, la manifestazione che porta a Milano i film dai Festival di Cannes, Locarno, Venezia e Torino.<\/p>\n<p class=\"x_MsoNormal\">Per otto giorni di programmazione, <b>dal 19 al 26 settembre, Milano <\/b>ospiter\u00e0 infatti<b> una ricca selezione dei film presentati alla 73. Mostra di Venezia e al 69\u00b0 Festival del film Locarno, <\/b>oltre che alcuni titoli dalla<b> 52a Mostra Internazionale del Nuovo Cinema di Pesaro <\/b>e dal<b> 21\u00b0 Milano Film Festival<\/b>.<\/p>\n<p class=\"x_MsoNormal\">La manifestazione, <b>promossa da AGIS\/ANEC lombarda e Comune di Milano<\/b>, proporr\u00e0 oltre 60<b><\/b>proiezioni di<b> 42 film in 14 sale cinematografiche milanesi<\/b> (Anteo spazioCinema, Apollo spazioCinema, Arcobaleno Filmcenter, Ariosto spazioCinema, Arlecchino, Beltrade, Centrale Multisala, Colosseo Multisala, Ducale Multisala, Eliseo Multisala, Mexico, Orfeo Multisala, Palestrina, Plinius Multisala) attente alla programmazione di cinema di qualit\u00e0.<\/p>\n<p class=\"x_MsoNormal\">Verranno quindi proposti<b> <\/b>dalla<b> 73. Mostra di Venezia 30 film.<\/b><\/p>\n<p class=\"x_Standard\">Dal <b>Concorso:<\/b> PARADISE\u00a0 di Andrei Konchalovsky, <i>Leone d\u2019Argento per la miglior regia<\/i>; di FRANTZ di Fran\u00e7ois Ozon,<b> <\/b><i>Premio Marcello Mastroianni a Paula Beer<\/i>; NOCTURNAL ANIMALS di Tom Ford,<i>Leone d\u2019Argento &#8211; Gran premio della giuria<\/i>; LES BEAUX JOURS D\u2019ARANJUEZ di Wim Wenders; PIUMA di Roan Johnson; QUESTI GIORNI di Giuseppe Piccioni; SPIRA MIRABILIS di Massimo d&#8217;Anolfi e Martina Parenti; THE LIGHT BETWEEN OCEANS di Derek Cianfrance; UNE VIE di St\u00e9phane Briz\u00e9.<\/p>\n<p class=\"x_Standard\">Dal <b>Fuori Concorso: <\/b>AUSTERLITZ di Sergei Loznitsa<b>; <\/b>L&#8217;UOMO CHE NON CAMBI\u00d2 LA STORIA di Enrico Caria THE JOURNEY di Nick Hamm; THE MAGNIFICENT SEVEN<b> <\/b>di Antoine Fuqua.<\/p>\n<p class=\"x_Standard\">Da <b>Venezia Classici<\/b>: BOZZETTO NON TROPPO di Marco Bonfanti; E VENNE L\u2019UOMO \u2013 UN DIALOGO CON ERMANNO OLMI di Alessandro Bignami.<\/p>\n<p class=\"x_Standard\">Da <b>Orizzonti<\/b>: LIBERAMI di Federica Di Giacomo, <i>Premio Orizzonti per il miglior film<\/i>; KING OF THE BELGIANS di Peter Brosens, Jessica Woodworth; IL PI\u00d9 GRANDE SOGNO di Michele Vannucci; R\u00c9PARER LES VIVANTS di Katell Quill\u00e9v\u00e9r\u00e9; THROUGH THE WALL (UN APPUNTAMENTO PER LA SPOSA) di Rama Burshtein.<\/p>\n<p class=\"x_Standard\"><span lang=\"EN-US\">Da <b>Cinema nel giardino<\/b>: <\/span><span lang=\"EN-US\">THE SECRET LIFE OF PETS<\/span><span lang=\"EN-US\"> (VITA DA ANIMALI) di Chris Renaud, Yarrow Cheney.<\/span><\/p>\n<p class=\"x_Standard\">Dalla <b>Settimana internazionale della critica: <\/b>LOS NADIE di Juan Sebasti\u00e1n Mesa, <i>Premio 31. Settimana Internazionale della Critica<\/i>; LE ULTIME COSE di Irene Dionisio.<\/p>\n<p class=\"x_Standard\">Dalle <b>Giornate degli autori <\/b>|<b> Venice days<\/b>: THE WAR SHOW di Andreas Dalsgaard e Obaidah Zytoon, <i>Premio Venice Days<\/i>; CAFF\u00c8 di Cristiano Bortone; HOUNDS OF LOVE di Ben Young; INDIVISIBILI di Edoardo De Angelis; LA RAGAZZA DEL MONDO di Marco Danieli; QUIT STARING AT MY PLATE (NE GLEDAJ MI U PIJAT<a href=\"https:\/\/leviedelcinema.lombardiaspettacolo.com\/18m\/quit-staring\" target=\"_blank\">)<\/a> di Hana Ju\u0161i\u0107; VANGELO di Pippo Delbono.<\/p>\n<p class=\"x_Standard\">Infine un piccolo appuntamento ma davvero speciale: la presentazione del cortometraggio FOOD FOR THOUGHT del 31enne milanese Davide Gentile, vincitore della prima edizione di I LOVE GAI \u2013 Giovani Autori Italiani, il concorso nato da un\u2019iniziativa SIAE in collaborazione con Lightbox, che ha appena chiuso le porte alla 73. Mostra del Cinema di Venezia, gi\u00e0 vincitore nello scorso maggio al Festival Internazionale della Creativit\u00e0 Leoni di Cannes.<\/p>\n<p class=\"x_Standard\"><strong>Dal 69\u00b0 FESTIVAL DEL FILM LOCARNO saranno invece in programma:<\/strong><\/p>\n<p class=\"x_MsoNormal\"><strong>Per Piazza Grande:<\/strong><b> <\/b>MOKA di Fr\u00e9d\u00e9ric Mermoud, <i>Premio<\/i> <i>Variety Piazza Grande, <\/i>e <span class=\"x_MsoHyperlink\">STEFAN ZWEIG: FAREWELL TO EUROPE (VOR DER MORGENR\u00d6TE)<\/span> di Maria Schrader.<\/p>\n<p class=\"x_MsoNormal\"><strong>Dal Concorso Internazionale<\/strong>: il <i>Pardo d&#8217;oro<\/i> <span class=\"x_MsoHyperlink\">GODLESS<\/span> di Ralitza Petrova<b>; <\/b><strong>MISTER UNIVERSO<\/strong> di Tizza Covi, Rainer Frimmel <strong><i>Menzione speciale, Premio FIPRESCI<\/i><\/strong><strong>; <\/strong><strong>THE LAST FAMILY (OSTATNIA RODZINA)<\/strong><b> <\/b>di Jan P. Matuszy\u0144ski,<b> <strong><i>Pardo per la miglior interpretazione maschile<\/i><\/strong><strong>.<\/strong><\/b><\/p>\n<p class=\"x_MsoNormal\"><strong>Da Cineasti del presente: <\/strong>EL AUGE DEL HUMANO di Eduardo Williams, <i>Pardo d\u2019oro <\/i>e<i> Menzione speciale<\/i>, e <strong>DONALD CRIED<\/strong> di Kris Avedisian.<\/p>\n<p class=\"x_MsoNormal\">Inoltre, dalla <b>52a Mostra Internazionale del Nuovo Cinema di Pesaro <\/b>e grazie alla collaborazione con Formacinema,<b> <\/b>arriveranno a Milano: il pluripremiato LES OGRES di L\u00e9a Fehner, <i>Premio Lino Miccich\u00e9 <\/i>e<i> Premio del Pubblico<\/i>, e IN THE LAST DAYS OF THE CITY (AKHER AYAM EL MADINA) di Tamer El Said. Il <b>21\u00b0 Milano Film Festival <\/b>sar\u00e0 inoltre presente<b> <\/b>con<b> <\/b>THE LURE di Agnieszka Smoczy\u0144ska.<\/p>\n<p class=\"x_MsoNormal\">Spiega il Presidente dell\u2019ANEC lombarda, Enrico Signorelli: \u00ab<i>Anno dopo anno <\/i>le vie del cinema<i> ci permettono di fare il punto sul ruolo via via rinnovato che le sale stanno assumendo nell\u2019era dello streaming. Le sale cinematografiche non sono pi\u00f9 solo spazi di fruizione e di \u201cprime visioni\u201d, ma luoghi di socialit\u00e0 e di aggregazione dove ci si d\u00e0 appuntamento sulla base dei propri interessi e della multiprogrammazione offerta dalla sala stessa. Crediamo sia sempre pi\u00f9 importante riflettere sulla relazione con il pubblico o meglio i pubblici (a questo proposito a breve verr\u00e0 presentato un progetto triennale dedicato al mondo della scuola insieme a Regione Lombardia e Esselunga). In questo senso tutti (operatori e Comune di Milano), siamo chiamati a fare sempre di pi\u00f9 e meglio. Per esempio possiamo migliorare la promozione dei luoghi di cultura e spettacolo: prevedendo<\/i><b> <\/b><i>nelle stazioni delle linee della MM uno spazio con una mappa che segnali i luoghi di cultura e spettacolo situati in prossimit\u00e0 della stazione; prolungando l\u2019orario<b><\/b>serale della metropolitana cittadina, nelle giornate del venerd\u00ec e del sabato, riprendendo una esperienza gi\u00e0 fatta una decina di anni orsono<\/i>; <i>incentivando iniziative di co-marketing tra sale cinematografiche e musei comunali;<\/i><b> <\/b><i>promuovendo un Bando per la valorizzazione delle attivit\u00e0 nelle periferie per incentivare le associazioni culturali e i soggetti che gestiscono spazi attrezzati a sviluppare progetti di inclusione sociale, di cultura e spettacolo. Inoltre,<b> <\/b>festival, sale cinematografiche, scuole di cinema, associazioni di cultura cinematografica possono essere invitati a concorrere alla creazione di un palinsesto di quattro giorni di film, incontri a tutte le iniziative utili per valorizzare ancor di pi\u00f9 l\u2019articolato tessuto creativo della nostra citt\u00e0\u00bb.<\/i><\/p>\n<p class=\"x_MsoNormal\"><i>le vie del cinema<\/i> \u00e8 un\u2019iniziativa promossa da AGIS\/ANEC lombarda e Comune di Milano, con il sostegno di MiBACT, Regione Lombardia, Consolato Generale di Svizzera a Milano, Ticino Turismo, in collaborazione con Corriere della Sera e la partnership di \u00a0Sky Cinema.<\/p>\n<p class=\"x_MsoNormal\">Tra le collaborazioni speciali vanno inoltre ricordate quella con la start-up milanese Longtake (<a href=\"http:\/\/www.longtake.it\/\" target=\"_blank\">www.longtake.it<\/a>) e filmidee (<a href=\"http:\/\/www.filmidee.it\/\" target=\"_blank\">www.filmidee.it<\/a>). Longtake \u201cadotta\u201d <i>Nocturnal Animals<\/i> di Tom Ford promuovendone la visione e firma per AGIS tutte le schede dei film di Venezia e Locarno. filmidee \u201cadotta\u201d e presenta a sua volta <i>Spira mirabilis<\/i> di Massimo d&#8217;Anolfi e Martina Parenti e <i>El Auge del Humano<\/i> di Eduardo Williams.<\/p>\n<p class=\"x_MsoNormal\"><b>Il nuovo trailer, realizzato da Francesco Clerici &amp; Velasco Vitali, \u00e8 disponibile a questo link <\/b><a href=\"http:\/\/bit.ly\/2cEyNBF\" target=\"_blank\">http:\/\/bit.ly\/2cEyNBF<\/a>.<\/p>\n<p class=\"x_MsoNormal\">Il programma completo della manifestazione sar\u00e0 disponibile online su lombardiaspettacolo.com e su <a href=\"https:\/\/www.facebook.com\/agis.lombarda\" target=\"_blank\">https:\/\/www.facebook.com\/agis.lombarda<\/a><\/p>\n<p class=\"x_MsoNormal\">\n<p class=\"x_MsoNormal\"><b><u>BIGLIETTI E CINECARD<\/u><\/b><\/p>\n<p class=\"x_MsoListParagraphCxSpFirst\">\u00b7\u00a0\u00a0\u00a0\u00a0\u00a0\u00a0 <b>Biglietto intero <\/b>8\u20ac<\/p>\n<p class=\"x_MsoListParagraphCxSpMiddle\">\u00b7\u00a0\u00a0\u00a0\u00a0\u00a0\u00a0 <b>Cinecard <\/b>(non pi\u00f9 di due biglietti per film)<\/p>\n<p class=\"x_MsoListParagraphCxSpMiddle\">\u00a0\u00a0\u00a0\u00a0\u00a0\u00a0\u00a0\u00a0\u00a0\u00a0\u00a0 27\u20ac per 6 ingressi \/ 48\u20ac per 12 ingressi<\/p>\n<p class=\"x_MsoNormal\"><b><u>COME E DOVE ACQUISTARE BIGLIETTI E CINECARD<\/u><\/b><b>\u00a0<\/b><\/p>\n<p class=\"x_MsoNormal\"><b><u>CINECARD <\/u><\/b>| 27\u20ac per 6 ingressi \/ 48\u20ac per 12 ingressi (non pi\u00f9 di due biglietti per film) | da marted\u00ec 13 settembre in vendita online e alle casse dei cinema Apollo, Arcobaleno e Colosseo<\/p>\n<p class=\"x_MsoNormal\"><b>ONLINE<\/b><\/p>\n<p class=\"x_MsoNormal\">Previa registrazione alla piattaforma di vendita WebTic e senza costi aggiuntivi, sar\u00e0 possibile acquistare online la tua CINECARD seguendo le indicazioni di acquisto.<\/p>\n<p class=\"x_MsoNormal\">Concluso l\u2019acquisto il sistema ti invier\u00e0 un\u2019email con allegato il tuo abbonamento. Hai comunque la possibilit\u00e0 di stampare immediatamente l\u2019abbonamento appena acquistato.<\/p>\n<p class=\"x_MsoNormal\">Da venerd\u00ec 16 settembre, con numero abbonamento e pin potrai riservare online i tuoi posti seguendo la procedura indicata nella voce \u201cAcquisto\u201d delle \u201cIstruzioni per l\u2019uso\u201d.<\/p>\n<p class=\"x_MsoNormal\">Puoi inoltre riservare i posti con la Cinecard acquistata online all\u2019Infopoint per tutte le proiezioni oppure alle casse dei cinema della rassegna solo per le proiezioni programmate dal cinema il giorno stesso. Porta con te l\u2019abbonamento stampato o visualizzato sul tuo dispositivo mobile (smartphone\/tablet).<\/p>\n<p class=\"x_MsoNormal\">N.B. Non \u00e8 possibile farsi stampare la Cinecard acquistata online alle casse dei cinema.<\/p>\n<p class=\"x_MsoNormal\"><b>ALLE CASSE DEI CINEMA<\/b><\/p>\n<p class=\"x_MsoNormal\">APOLLO SPAZIOCINEMA, ARCOBALENO FILMCENTER, COLOSSEO MULTISALA, nei consueti orari di biglietteria<\/p>\n<p class=\"x_MsoNormal\"><b><u>BIGLIETTI<\/u><\/b><b> da venerd\u00ec 16 settembre in vendita online e Infopoint c\/o Apollo spazioCinema<\/b><\/p>\n<p class=\"x_MsoNormal\"><b>ONLINE<\/b><\/p>\n<p class=\"x_MsoNormal\">La procedura di acquisto online sulla piattaforma WebTic consente di stampare direttamente a casa sia i biglietti a 8,00 euro sia quelli riservati con Cinecard, evitando le code alle casse dei cinema. Per assistere alle proiezioni presenta il biglietto stampato o mostra la schermata del biglietto sul tuo smartphone\/tablet al personale addetto al controllo accesso sale, senza passare dalla cassa.<\/p>\n<p class=\"x_MsoNormal\"><b>INFOPOINT APOLLO SPAZIOCINEMA <\/b>aperto da venerd\u00ec 16 a luned\u00ec 26 settembre, dalle ore 12.30 alle ore 20.00<\/p>\n<p class=\"x_MsoNormal\">&gt; Vendita delle Cinecard valide per 6|12 ingressi a scelta sui film in programma.<\/p>\n<p class=\"x_MsoNormal\">&gt; Ritiro dei biglietti riservati online tramite Cinecard (opzione &#8220;Stampo solo la ricevuta&#8221;).<\/p>\n<p class=\"x_MsoNormal\">&gt; Vendita dei biglietti per tutti i film in rassegna.<\/p>\n<p class=\"x_MsoNormal\">Le casse dell&#8217;Infopoint non possono accettare bancomat o carte di credito. Tutti gli acquisti devono avvenire per contanti.<\/p>\n<p class=\"x_MsoNormal\"><b>ALLE CASSE DEI CINEMA <\/b>nei consueti orari di biglietteria<b><\/b><\/p>\n<p class=\"x_MsoNormal\">Solo per le proiezioni programmate dal cinema il giorno stesso, sar\u00e0 possibile acquistare i biglietti e utilizzare le Cinecard.<\/p>\n<p class=\"x_MsoNormal\" align=\"center\"><b>PER INFORMAZIONI<\/b>: <a href=\"mailto:info@agislombarda.it\" target=\"_blank\">info@agislombarda.it<\/a><\/p>\n<p class=\"x_MsoNormal\" align=\"center\"><span class=\"x_MsoHyperlink\"><b>Segui le vie del cinema e AGIS lombarda su<\/b><\/span><span class=\"x_MsoHyperlink\">\u00a0<\/span><\/p>\n<p class=\"x_MsoNormal\" align=\"center\"><a href=\"http:\/\/www.lombardiaspettacolo.com\/\" target=\"_blank\">www.lombardiaspettacolo.com<\/a><\/p>\n<p class=\"x_MsoNormal\" align=\"center\"><a href=\"https:\/\/www.facebook.com\/agis.lombarda\" target=\"_blank\">www.facebook.com\/agis.lombarda<\/a><\/p>\n<p class=\"x_MsoNormal\" align=\"center\"><a href=\"https:\/\/twitter.com\/AgisLombarda\" target=\"_blank\">twitter.com\/AgisLombarda<\/a><\/p>\n<p class=\"x_MsoNormal\" align=\"center\"><a href=\"http:\/\/www.youtube.com\/user\/AgisLombarda\" target=\"_blank\">www.youtube.com\/user\/AgisLombarda<\/a><\/p>\n<p class=\"x_MsoNormal\" align=\"center\"><span class=\"x_MsoHyperlink\">\u00a0<\/span><\/p>\n<p class=\"x_MsoNormal\" align=\"center\"><span class=\"x_MsoHyperlink\">#leviedelcinema<\/span><\/p>\n<p class=\"x_MsoNormal\" align=\"center\"><span class=\"x_MsoHyperlink\">#leviedelcinema2016<\/span><\/p>\n<p class=\"x_MsoNormal\" align=\"center\"><span class=\"x_MsoHyperlink\">\u00a0<\/span><\/p>\n","protected":false},"excerpt":{"rendered":"<p>Luned\u00ec 19 settembre ha debuttato il secondo appuntamento dell\u2019anno de le vie del cinema, la manifestazione che porta a Milano i film dai Festival di Cannes, Locarno, Venezia e Torino. Per otto giorni di programmazione, dal 19 al 26 settembre, Milano ospiter\u00e0 infatti una ricca selezione dei film presentati alla 73. Mostra di Venezia e &hellip; <a href=\"https:\/\/www.gdapress.it\/it\/index.php\/59619\/cinema\/le-vie-del-cinema-film-venezia-pardi-locarno-milano.html\" class=\"more-link\">Read more <span class=\"screen-reader-text\">LE VIE DEL CINEMA. I FILM DI VENEZIA E I PARDI DI LOCARNO A MILANO<\/span><\/a><\/p>\n","protected":false},"author":3,"featured_media":59620,"comment_status":"closed","ping_status":"open","sticky":false,"template":"","format":"standard","meta":{"footnotes":""},"categories":[21],"tags":[11404,2311,17,350],"class_list":["post-59619","post","type-post","status-publish","format-standard","has-post-thumbnail","hentry","category-cinema","tag-le-vie-del-cinema","tag-locarno","tag-milano","tag-venezia"],"_links":{"self":[{"href":"https:\/\/www.gdapress.it\/it\/index.php\/wp-json\/wp\/v2\/posts\/59619","targetHints":{"allow":["GET"]}}],"collection":[{"href":"https:\/\/www.gdapress.it\/it\/index.php\/wp-json\/wp\/v2\/posts"}],"about":[{"href":"https:\/\/www.gdapress.it\/it\/index.php\/wp-json\/wp\/v2\/types\/post"}],"author":[{"embeddable":true,"href":"https:\/\/www.gdapress.it\/it\/index.php\/wp-json\/wp\/v2\/users\/3"}],"replies":[{"embeddable":true,"href":"https:\/\/www.gdapress.it\/it\/index.php\/wp-json\/wp\/v2\/comments?post=59619"}],"version-history":[{"count":1,"href":"https:\/\/www.gdapress.it\/it\/index.php\/wp-json\/wp\/v2\/posts\/59619\/revisions"}],"predecessor-version":[{"id":59621,"href":"https:\/\/www.gdapress.it\/it\/index.php\/wp-json\/wp\/v2\/posts\/59619\/revisions\/59621"}],"wp:featuredmedia":[{"embeddable":true,"href":"https:\/\/www.gdapress.it\/it\/index.php\/wp-json\/wp\/v2\/media\/59620"}],"wp:attachment":[{"href":"https:\/\/www.gdapress.it\/it\/index.php\/wp-json\/wp\/v2\/media?parent=59619"}],"wp:term":[{"taxonomy":"category","embeddable":true,"href":"https:\/\/www.gdapress.it\/it\/index.php\/wp-json\/wp\/v2\/categories?post=59619"},{"taxonomy":"post_tag","embeddable":true,"href":"https:\/\/www.gdapress.it\/it\/index.php\/wp-json\/wp\/v2\/tags?post=59619"}],"curies":[{"name":"wp","href":"https:\/\/api.w.org\/{rel}","templated":true}]}}