
{"id":59503,"date":"2016-09-15T00:00:57","date_gmt":"2016-09-14T22:00:57","guid":{"rendered":"http:\/\/www.gdapress.it\/it\/?p=59503"},"modified":"2016-09-15T00:00:57","modified_gmt":"2016-09-14T22:00:57","slug":"interni-open-borders-piacenza","status":"publish","type":"post","link":"https:\/\/www.gdapress.it\/it\/index.php\/59503\/arte\/interni-open-borders-piacenza.html","title":{"rendered":"&#8220;INTERNI OPEN BORDERS PIACENZA&#8221;"},"content":{"rendered":"<p><img loading=\"lazy\" decoding=\"async\" class=\"alignnone size-medium wp-image-59504\" src=\"http:\/\/www.gdapress.it\/it\/..\/public\/it\/2016\/09\/Schermata-2016-09-05-a-11.34.271-500x282-300x169.png\" alt=\"Schermata-2016-09-05-a-11.34.271-500x282\" width=\"300\" height=\"169\" srcset=\"https:\/\/www.gdapress.it\/it\/..\/public\/it\/2016\/09\/Schermata-2016-09-05-a-11.34.271-500x282-300x169.png 300w, https:\/\/www.gdapress.it\/it\/..\/public\/it\/2016\/09\/Schermata-2016-09-05-a-11.34.271-500x282.png 500w\" sizes=\"auto, (max-width: 300px) 100vw, 300px\" \/><\/p>\n<p>la FONDAZIONE DI PIACENZA E VIGEVANO, la rivista INTERNI con il COMUNE DI PIACENZA presentano la mostra<\/p>\n<p><b>&#8220;INTERNI OPEN\u00a0BORDERS\u00a0PIACENZA&#8221;<\/b><\/p>\n<p>15 SETTEMBRE &#8211; 16 OTTOBRE 2016<\/p>\n<p>INSTALLAZIONI INTERATTIVE, macro-oggetti e micro-costruzioni che invitano a superare i confini convenzionali di architettura e design per esplorare nuove sinergie e contaminazioni.<\/p>\n<p>PALAZZO ROTA PISARONI via Santa Eufemia 13<\/p>\n<p>Cortile<\/p>\n<p>CARLO RATTI ASSOCIATI \/ Pick Your Climate \/ TRANSSOLAR<\/p>\n<p>PALAZZO FARNESE piazza della Cittadella 29<\/p>\n<p>Esedra Cortile d\u2019Onore<\/p>\n<p>STEFANO BOERI ARCHITETTI \/ Radura \/ REGIONE FRIULI VENEZIA GIULIA &#8211; FILIERA DEL LEGNO FVG<\/p>\n<p>Ala Protofarnesiana Cortiletto<\/p>\n<p>VITO DI BARI \/ MyEquilibria, The Wellness Park \/ METALCO ACTIVE<\/p>\n<p>Loggiato sud-ovest (piano rialzato)<\/p>\n<p>PATRICIA URQUIOLA \/ Empathic Fuukei \/ CLEAF<\/p>\n<p>Loggiato sud-est (piano rialzato)<\/p>\n<p>TOM VACK \/ Ron Tom Tom: Ron Arad + Tom Vack \/ MOROSO<\/p>\n<p>Cittadella Viscontea<\/p>\n<p>DAVIDE GROPPI \/ Luci a corte<\/p>\n<p>GALLERIA D\u2019ARTE MODERNA RICCI ODDI via San Siro 13<\/p>\n<p>Ingresso Monumentale<\/p>\n<p>MARCO FERRERI \/ Casetta del Viandante \/ CACCIATI COSTRUZIONI RESTAURI<\/p>\n<p>Cortile d\u2019ingresso<\/p>\n<p>EMILIANA MARTINELLI \/ Ricostruzione \/ MARTINELLI LUCE<\/p>\n<p>Chiostro ex Convento di San Siro<\/p>\n<p>THE GREAT JJ \/ LEUCOS<\/p>\n<p>Orari di apertura da luned\u00ec a gioved\u00ec dalle ore 9.00 alle 18.00 venerd\u00ec, sabato e domenica dalle ore 9.00 alle 22.00<\/p>\n<p>In occasione delle \u201cGiornate del Patrimonio\u201d, il 24 Settembre 2016 i luoghi della mostra rimarranno aperti fino alle ore 24.00.<\/p>\n<p>Visite guidate gratuite alle installazioni di Palazzo Farnese: ore 21.00 &#8211; 21.45 &#8211; 22.30 &#8211; 23.15<\/p>\n<p>internimagazine.it<\/p>\n","protected":false},"excerpt":{"rendered":"<p>la FONDAZIONE DI PIACENZA E VIGEVANO, la rivista INTERNI con il COMUNE DI PIACENZA presentano la mostra &#8220;INTERNI OPEN\u00a0BORDERS\u00a0PIACENZA&#8221; 15 SETTEMBRE &#8211; 16 OTTOBRE 2016 INSTALLAZIONI INTERATTIVE, macro-oggetti e micro-costruzioni che invitano a superare i confini convenzionali di architettura e design per esplorare nuove sinergie e contaminazioni. PALAZZO ROTA PISARONI via Santa Eufemia 13 Cortile &hellip; <a href=\"https:\/\/www.gdapress.it\/it\/index.php\/59503\/arte\/interni-open-borders-piacenza.html\" class=\"more-link\">Read more <span class=\"screen-reader-text\">&#8220;INTERNI OPEN BORDERS PIACENZA&#8221;<\/span><\/a><\/p>\n","protected":false},"author":3,"featured_media":59504,"comment_status":"closed","ping_status":"open","sticky":false,"template":"","format":"standard","meta":{"footnotes":""},"categories":[4],"tags":[18548,1407,18549,2498],"class_list":["post-59503","post","type-post","status-publish","format-standard","has-post-thumbnail","hentry","category-arte","tag-interni-open-borders-piacenza","tag-interni","tag-open-borders","tag-piacenza"],"_links":{"self":[{"href":"https:\/\/www.gdapress.it\/it\/index.php\/wp-json\/wp\/v2\/posts\/59503","targetHints":{"allow":["GET"]}}],"collection":[{"href":"https:\/\/www.gdapress.it\/it\/index.php\/wp-json\/wp\/v2\/posts"}],"about":[{"href":"https:\/\/www.gdapress.it\/it\/index.php\/wp-json\/wp\/v2\/types\/post"}],"author":[{"embeddable":true,"href":"https:\/\/www.gdapress.it\/it\/index.php\/wp-json\/wp\/v2\/users\/3"}],"replies":[{"embeddable":true,"href":"https:\/\/www.gdapress.it\/it\/index.php\/wp-json\/wp\/v2\/comments?post=59503"}],"version-history":[{"count":1,"href":"https:\/\/www.gdapress.it\/it\/index.php\/wp-json\/wp\/v2\/posts\/59503\/revisions"}],"predecessor-version":[{"id":59505,"href":"https:\/\/www.gdapress.it\/it\/index.php\/wp-json\/wp\/v2\/posts\/59503\/revisions\/59505"}],"wp:featuredmedia":[{"embeddable":true,"href":"https:\/\/www.gdapress.it\/it\/index.php\/wp-json\/wp\/v2\/media\/59504"}],"wp:attachment":[{"href":"https:\/\/www.gdapress.it\/it\/index.php\/wp-json\/wp\/v2\/media?parent=59503"}],"wp:term":[{"taxonomy":"category","embeddable":true,"href":"https:\/\/www.gdapress.it\/it\/index.php\/wp-json\/wp\/v2\/categories?post=59503"},{"taxonomy":"post_tag","embeddable":true,"href":"https:\/\/www.gdapress.it\/it\/index.php\/wp-json\/wp\/v2\/tags?post=59503"}],"curies":[{"name":"wp","href":"https:\/\/api.w.org\/{rel}","templated":true}]}}