
{"id":59499,"date":"2016-09-14T23:36:25","date_gmt":"2016-09-14T21:36:25","guid":{"rendered":"http:\/\/www.gdapress.it\/it\/?p=59499"},"modified":"2016-09-14T23:36:25","modified_gmt":"2016-09-14T21:36:25","slug":"giardini-villa-della-pergola-alassio","status":"publish","type":"post","link":"https:\/\/www.gdapress.it\/it\/index.php\/59499\/turismo\/giardini-villa-della-pergola-alassio.html","title":{"rendered":"Giardini di Villa della Pergola Alassio"},"content":{"rendered":"<p><img loading=\"lazy\" decoding=\"async\" class=\"alignnone size-medium wp-image-59500\" src=\"http:\/\/www.gdapress.it\/it\/..\/public\/it\/2016\/09\/VilladellaPergola_Archivio-Giardini-di-Villa-della-Pergola-300x225.jpg\" alt=\"VilladellaPergola_Archivio Giardini di Villa della Pergola\" width=\"300\" height=\"225\" srcset=\"https:\/\/www.gdapress.it\/it\/..\/public\/it\/2016\/09\/VilladellaPergola_Archivio-Giardini-di-Villa-della-Pergola-300x225.jpg 300w, https:\/\/www.gdapress.it\/it\/..\/public\/it\/2016\/09\/VilladellaPergola_Archivio-Giardini-di-Villa-della-Pergola-500x374.jpg 500w, https:\/\/www.gdapress.it\/it\/..\/public\/it\/2016\/09\/VilladellaPergola_Archivio-Giardini-di-Villa-della-Pergola.jpg 720w\" sizes=\"auto, (max-width: 300px) 100vw, 300px\" \/><\/p>\n<figure id=\"attachment_59501\" aria-describedby=\"caption-attachment-59501\" style=\"width: 300px\" class=\"wp-caption alignnone\"><img loading=\"lazy\" decoding=\"async\" class=\"size-medium wp-image-59501\" src=\"http:\/\/www.gdapress.it\/it\/..\/public\/it\/2016\/09\/NOVE_VilladellaPergola-300x200.jpg\" alt=\"Villa Pergola\" width=\"300\" height=\"200\" srcset=\"https:\/\/www.gdapress.it\/it\/..\/public\/it\/2016\/09\/NOVE_VilladellaPergola-300x200.jpg 300w, https:\/\/www.gdapress.it\/it\/..\/public\/it\/2016\/09\/NOVE_VilladellaPergola-768x512.jpg 768w, https:\/\/www.gdapress.it\/it\/..\/public\/it\/2016\/09\/NOVE_VilladellaPergola-500x333.jpg 500w, https:\/\/www.gdapress.it\/it\/..\/public\/it\/2016\/09\/NOVE_VilladellaPergola-720x480.jpg 720w, https:\/\/www.gdapress.it\/it\/..\/public\/it\/2016\/09\/NOVE_VilladellaPergola-272x182.jpg 272w, https:\/\/www.gdapress.it\/it\/..\/public\/it\/2016\/09\/NOVE_VilladellaPergola.jpg 1361w\" sizes=\"auto, (max-width: 300px) 100vw, 300px\" \/><figcaption id=\"caption-attachment-59501\" class=\"wp-caption-text\"><strong>VILLA DELLA PERGOLA:<\/strong><\/figcaption><\/figure>\n<p><strong> A SETTEMBRE E OTTOBRE UNA GIORNATA IN RIVIERA\u00a0<\/strong><strong>TRA IL PROFUMO DEGLI AGRUMI E I COLORI DELLA MACCHIA MEDITERRANEA <\/strong><\/p>\n<p>Anche <strong>a settembre <\/strong>&#8211;<strong> e fino alla fine di ottobre<\/strong> &#8211; continuano le visite guidate <strong>ai giardini di Villa della Pergola ad Alassio, aperti al pubblico tutti i weekend.<\/strong> Realizzati alla fine del XIX secolo i <strong>Giardini di Villa della Pergola<\/strong> rappresentano uno dei rari esempi di giardino inglese in Italia e, grazie all\u2019attento restauro curato dall\u2019architetto paesaggista Paolo Pejrone, uniscono sapientemente la tipica vegetazione mediterranea con piante rare della flora esotica.<\/p>\n<p><strong>A settembre<\/strong> i giardini di Villa della Pergola vengono arricchiti dalle<strong> fioriture delle lantane<\/strong>, i cui fiori tendono a cambiare colore nell\u2019arco della fioritura, degli<strong> oleandri<\/strong>, arbusti sempreverdi dalla fioritura rigogliosa, delle <strong>buccinatorie<\/strong>, piante rampicanti dai fiori a forma di trombetta, delle <strong>bignonie<\/strong>, piante rampicanti vigorose e rigogliose che possono raggiungere anche i 10 metri d&#8217;altezza, dei <strong>solanum<\/strong> a fiore viola, dei coloratissimi <strong>ibischi <\/strong>di origine africana e americana, delle <strong>plumbago<\/strong> azzurre<strong>. <\/strong><\/p>\n<p>Fino a ottobre, poi, si pu\u00f2 ammirare anche <strong>la collezione degli agrumi<\/strong>, una delle pi\u00f9 importanti presenti nei giardini.<\/p>\n<p>E <strong>dopo l\u2019estate<\/strong> i visitatori potranno passeggiare tra la <strong>vegetazione tropicale<\/strong> e i colori della <strong>macchia mediterranea<\/strong>, fatta di pini marittimi, carrubi, ulivi, lecci sapientemente coniugati con jacarande e strelitzie giganti sudafricane, eucaliptus australiani, banani e palme di tutti i tipi, aloe, agave, fichi d\u2019india, cactacee provenienti da ogni latitudine, tumbergie, ortensie, oleandri, pelargoni odorosi, lavande, buganvillee, dature, bignonie e solanum.<\/p>\n<p>Villa del Pergola e i suoi Giardini chiuderanno a fine ottobre per riaprire la prossima primavera.<\/p>\n<p class=\"x_MsoNormal\" align=\"justify\">Fino a fine ottobre, le visite guidate si tengono<b> <\/b>tutti i sabati e le domeniche &#8211; su prenotazione (partenza ore 9.30, 11.30, <span id=\"0.11338271215633666\" class=\"highlight\">15<\/span>.00 e 17.00).<\/p>\n<p class=\"x_MsoNormal\" align=\"justify\">Per prenotare: +39 0182\/646130 o <span style=\"color: #0000ff;\">info@giardinidivilladellapergola.com<\/span>).<\/p>\n<p class=\"x_MsoNormal\" align=\"justify\"><b>Il biglietto d&#8217;ingresso \u00e8 acquistabile sul posto ed \u00e8 comprensivo di accompagnamento guidato.<\/b><\/p>\n<p class=\"x_MsoNormal\" align=\"justify\">Singolo: 12 euro<\/p>\n<p class=\"x_MsoNormal\" align=\"justify\">Soci FAI: 10 euro<\/p>\n<p class=\"x_MsoNormal\" align=\"justify\">Ragazzi da 6 a 14 anni: 6 euro, gratuito per i bambini fino ai 6 anni accompagnati da un adulto.<\/p>\n<p class=\"x_MsoNormal\" align=\"justify\">Scolaresche (visita parco): 6 euro.<\/p>\n<p class=\"x_MsoNormal\" align=\"justify\"><b>Agibilit\u00e0<\/b>: i Giardini sono visitabili in gran parte anche da persone disabili. Solo alcune zone non sono accessibili a causa della morfologia del terreno e per la presenza di brevi scale in pietra.<\/p>\n<p class=\"x_MsoNormal\" align=\"justify\">Gli animali non possono entrare.<\/p>\n<p>A Villa della Pergola \u00e8 inoltre <strong>aperto tutto l\u2019anno<\/strong> <strong>il nuovo ristorante, Nove<\/strong>, diretto dallo chef <strong>Giorgio Servetto<\/strong>.\u00a0 Qualit\u00e0 della materia prima, ricerca di prodotti del territorio e importanza della stagionalit\u00e0 sono le caratteristiche che lo contraddistinguono. Nella creazione dei piatti in men\u00f9 vengono utilizzati prodotti a Km Zero: agrumi, erbe aromatiche e fiori eduli infatti provengono direttamente dai giardini e dall&#8217;orto di Villa della Pergola. La cucina di Giorgio Servetto \u00e8 fatta di sapori che ricordano la sua infanzia, legata a una forte tradizione di cucina ligure con influenze piemontesi e francesi, rivisitata in chiave moderna.<\/p>\n<p>&nbsp;<\/p>\n<p><strong>Per informazioni e prenotazioni<\/strong>:<\/p>\n<p>Villa della Pergola, via Privata Montagu 9, 17021 Alassio (Savona)<\/p>\n<p>Tel. +39.0182.646130 &#8211; +39.0182.646140<\/p>\n<p><a href=\"mailto:info@giardinidivilladellapergola.com\">info@giardinidivilladellapergola.com<\/a> &#8211; <a href=\"mailto:info@villadellapergola.com\">info@villadellapergola.com<\/a><\/p>\n<p><a href=\"wlmailhtml:%7bC88F7C57-6CB1-41AF-B170-0C7E4D09FC4A%7dmid:\/\/00000367\/\">www.giardinidivilladellapergola.com<\/a> &#8211; <a href=\"wlmailhtml:%7bC88F7C57-6CB1-41AF-B170-0C7E4D09FC4A%7dmid:\/\/00000367\/\">www.villadellapergola.com<\/a> &#8211; <a href=\"http:\/\/www.noveristorante.it\">www.noveristorante.it<\/a><\/p>\n<p>&nbsp;<\/p>\n","protected":false},"excerpt":{"rendered":"<p>A SETTEMBRE E OTTOBRE UNA GIORNATA IN RIVIERA\u00a0TRA IL PROFUMO DEGLI AGRUMI E I COLORI DELLA MACCHIA MEDITERRANEA Anche a settembre &#8211; e fino alla fine di ottobre &#8211; continuano le visite guidate ai giardini di Villa della Pergola ad Alassio, aperti al pubblico tutti i weekend. Realizzati alla fine del XIX secolo i Giardini &hellip; <a href=\"https:\/\/www.gdapress.it\/it\/index.php\/59499\/turismo\/giardini-villa-della-pergola-alassio.html\" class=\"more-link\">Read more <span class=\"screen-reader-text\">Giardini di Villa della Pergola Alassio<\/span><\/a><\/p>\n","protected":false},"author":3,"featured_media":59500,"comment_status":"closed","ping_status":"open","sticky":false,"template":"","format":"standard","meta":{"footnotes":""},"categories":[9],"tags":[2198,2269,18547,18546,15331],"class_list":["post-59499","post","type-post","status-publish","format-standard","has-post-thumbnail","hentry","category-turismo","tag-alassio","tag-giardini","tag-giorgio-servetto","tag-nove","tag-villa-della-pergola"],"_links":{"self":[{"href":"https:\/\/www.gdapress.it\/it\/index.php\/wp-json\/wp\/v2\/posts\/59499","targetHints":{"allow":["GET"]}}],"collection":[{"href":"https:\/\/www.gdapress.it\/it\/index.php\/wp-json\/wp\/v2\/posts"}],"about":[{"href":"https:\/\/www.gdapress.it\/it\/index.php\/wp-json\/wp\/v2\/types\/post"}],"author":[{"embeddable":true,"href":"https:\/\/www.gdapress.it\/it\/index.php\/wp-json\/wp\/v2\/users\/3"}],"replies":[{"embeddable":true,"href":"https:\/\/www.gdapress.it\/it\/index.php\/wp-json\/wp\/v2\/comments?post=59499"}],"version-history":[{"count":1,"href":"https:\/\/www.gdapress.it\/it\/index.php\/wp-json\/wp\/v2\/posts\/59499\/revisions"}],"predecessor-version":[{"id":59502,"href":"https:\/\/www.gdapress.it\/it\/index.php\/wp-json\/wp\/v2\/posts\/59499\/revisions\/59502"}],"wp:featuredmedia":[{"embeddable":true,"href":"https:\/\/www.gdapress.it\/it\/index.php\/wp-json\/wp\/v2\/media\/59500"}],"wp:attachment":[{"href":"https:\/\/www.gdapress.it\/it\/index.php\/wp-json\/wp\/v2\/media?parent=59499"}],"wp:term":[{"taxonomy":"category","embeddable":true,"href":"https:\/\/www.gdapress.it\/it\/index.php\/wp-json\/wp\/v2\/categories?post=59499"},{"taxonomy":"post_tag","embeddable":true,"href":"https:\/\/www.gdapress.it\/it\/index.php\/wp-json\/wp\/v2\/tags?post=59499"}],"curies":[{"name":"wp","href":"https:\/\/api.w.org\/{rel}","templated":true}]}}