
{"id":59418,"date":"2016-09-10T09:51:40","date_gmt":"2016-09-10T07:51:40","guid":{"rendered":"http:\/\/www.gdapress.it\/it\/?p=59418"},"modified":"2016-09-10T10:15:04","modified_gmt":"2016-09-10T08:15:04","slug":"le-vrai","status":"publish","type":"post","link":"https:\/\/www.gdapress.it\/it\/index.php\/59418\/enogastronomia\/le-vrai.html","title":{"rendered":"Le Vrai per respirare  l&#8217;atmosfera parigina con gusto"},"content":{"rendered":"<p><img loading=\"lazy\" decoding=\"async\" class=\"alignnone size-medium wp-image-59419\" src=\"http:\/\/www.gdapress.it\/it\/..\/public\/it\/2016\/09\/Le-Vrai-Boulangerie-300x197.jpg\" alt=\"Le Vrai Boulangerie\" width=\"300\" height=\"197\" srcset=\"https:\/\/www.gdapress.it\/it\/..\/public\/it\/2016\/09\/Le-Vrai-Boulangerie-300x197.jpg 300w, https:\/\/www.gdapress.it\/it\/..\/public\/it\/2016\/09\/Le-Vrai-Boulangerie-768x504.jpg 768w, https:\/\/www.gdapress.it\/it\/..\/public\/it\/2016\/09\/Le-Vrai-Boulangerie-500x328.jpg 500w, https:\/\/www.gdapress.it\/it\/..\/public\/it\/2016\/09\/Le-Vrai-Boulangerie.jpg 1150w\" sizes=\"auto, (max-width: 300px) 100vw, 300px\" \/>\u00a0\u00a0<img loading=\"lazy\" decoding=\"async\" class=\"alignnone size-medium wp-image-59421\" src=\"http:\/\/www.gdapress.it\/it\/..\/public\/it\/2016\/09\/Le-Vrai-cafe-200x300.jpg\" alt=\"Le Vrai cafe\" width=\"200\" height=\"300\" srcset=\"https:\/\/www.gdapress.it\/it\/..\/public\/it\/2016\/09\/Le-Vrai-cafe-200x300.jpg 200w, https:\/\/www.gdapress.it\/it\/..\/public\/it\/2016\/09\/Le-Vrai-cafe-267x400.jpg 267w, https:\/\/www.gdapress.it\/it\/..\/public\/it\/2016\/09\/Le-Vrai-cafe.jpg 767w\" sizes=\"auto, (max-width: 200px) 100vw, 200px\" \/><\/p>\n<p>Un pezzetto, un sostanzioso pezzetto della Francia a Milano. Un luogo nuovo ove con piacevole sorpresa \u00a0scopri che \u00e8 possibile in questa Milano cosmopolita gustare \u00a0la cucina francese cosi come faresti a Parigi, dalla colazione alla cena e&#8230; anche dopo.<\/p>\n<p>Appena varcata la soglia, si respira la tipica atmosfera parigina, con quel profumo di baguette appena sfornata, i croissant deliziosamente sfogliati al burro e quel sottofondo che ti fa compiere un viaggio in pochi istanti.<\/p>\n<p><img loading=\"lazy\" decoding=\"async\" class=\"alignnone size-medium wp-image-59423\" src=\"http:\/\/www.gdapress.it\/it\/..\/public\/it\/2016\/09\/Le-Vrai-Pain-200x300.jpg\" alt=\"Le Vrai Pain\" width=\"200\" height=\"300\" srcset=\"https:\/\/www.gdapress.it\/it\/..\/public\/it\/2016\/09\/Le-Vrai-Pain-200x300.jpg 200w, https:\/\/www.gdapress.it\/it\/..\/public\/it\/2016\/09\/Le-Vrai-Pain-768x1152.jpg 768w, https:\/\/www.gdapress.it\/it\/..\/public\/it\/2016\/09\/Le-Vrai-Pain-267x400.jpg 267w\" sizes=\"auto, (max-width: 200px) 100vw, 200px\" \/>\u00a0\u00a0<img loading=\"lazy\" decoding=\"async\" class=\"alignnone size-medium wp-image-59422\" src=\"http:\/\/www.gdapress.it\/it\/..\/public\/it\/2016\/09\/Le-Vrai-cuoco-300x200.jpg\" alt=\"Le Vrai cuoco\" width=\"300\" height=\"200\" srcset=\"https:\/\/www.gdapress.it\/it\/..\/public\/it\/2016\/09\/Le-Vrai-cuoco-300x200.jpg 300w, https:\/\/www.gdapress.it\/it\/..\/public\/it\/2016\/09\/Le-Vrai-cuoco-768x512.jpg 768w, https:\/\/www.gdapress.it\/it\/..\/public\/it\/2016\/09\/Le-Vrai-cuoco-500x333.jpg 500w, https:\/\/www.gdapress.it\/it\/..\/public\/it\/2016\/09\/Le-Vrai-cuoco-720x480.jpg 720w, https:\/\/www.gdapress.it\/it\/..\/public\/it\/2016\/09\/Le-Vrai-cuoco-272x182.jpg 272w, https:\/\/www.gdapress.it\/it\/..\/public\/it\/2016\/09\/Le-Vrai-cuoco.jpg 1150w\" sizes=\"auto, (max-width: 300px) 100vw, 300px\" \/><\/p>\n<p>Le Vrai \u00e8 nato nel settembre 2015, una realt\u00e0 cresciuta con la voglia di rappresentare il territorio francese in tutte le sue sfumature e peculiarit\u00e0, offrendo quelle che sono le specialit\u00e0 e le tradizioni di molte sue regioni, dall\u2019Alsazia alla Borgogna, dalla Provenza alla Normandia: \u00e8 una brasserie dei tempi moderni, con boulangerie, caf\u00e8 e ristorante. Artigianalit\u00e0 e qualit\u00e0 sono di casa, molti prodotti vengono preparati nel laboratorio interno, da tutto ci\u00f2 che riempie vetrinette e scaffali della panetteria alla terrina di foie gras.<\/p>\n<p><img loading=\"lazy\" decoding=\"async\" class=\"alignnone size-medium wp-image-59424\" src=\"http:\/\/www.gdapress.it\/it\/..\/public\/it\/2016\/09\/Le-Vrai-staff-cucina-300x200.jpg\" alt=\"Le Vrai staff cucina\" width=\"300\" height=\"200\" srcset=\"https:\/\/www.gdapress.it\/it\/..\/public\/it\/2016\/09\/Le-Vrai-staff-cucina-300x200.jpg 300w, https:\/\/www.gdapress.it\/it\/..\/public\/it\/2016\/09\/Le-Vrai-staff-cucina-768x512.jpg 768w, https:\/\/www.gdapress.it\/it\/..\/public\/it\/2016\/09\/Le-Vrai-staff-cucina-500x333.jpg 500w, https:\/\/www.gdapress.it\/it\/..\/public\/it\/2016\/09\/Le-Vrai-staff-cucina-720x480.jpg 720w, https:\/\/www.gdapress.it\/it\/..\/public\/it\/2016\/09\/Le-Vrai-staff-cucina-272x182.jpg 272w, https:\/\/www.gdapress.it\/it\/..\/public\/it\/2016\/09\/Le-Vrai-staff-cucina.jpg 1150w\" sizes=\"auto, (max-width: 300px) 100vw, 300px\" \/>\u00a0<img loading=\"lazy\" decoding=\"async\" class=\"alignnone size-medium wp-image-59425\" src=\"http:\/\/www.gdapress.it\/it\/..\/public\/it\/2016\/09\/Foie-Gras-300x201.jpg\" alt=\"Foie Gras\" width=\"300\" height=\"201\" srcset=\"https:\/\/www.gdapress.it\/it\/..\/public\/it\/2016\/09\/Foie-Gras-300x201.jpg 300w, https:\/\/www.gdapress.it\/it\/..\/public\/it\/2016\/09\/Foie-Gras-768x514.jpg 768w, https:\/\/www.gdapress.it\/it\/..\/public\/it\/2016\/09\/Foie-Gras-500x335.jpg 500w, https:\/\/www.gdapress.it\/it\/..\/public\/it\/2016\/09\/Foie-Gras-720x480.jpg 720w, https:\/\/www.gdapress.it\/it\/..\/public\/it\/2016\/09\/Foie-Gras-272x182.jpg 272w\" sizes=\"auto, (max-width: 300px) 100vw, 300px\" \/><\/p>\n<p>L\u2019ambiente \u00e8 strutturato su due livelli con colori caldi, avvolgenti, dal velluto rosso intenso, al legno, all\u2019ottone luccicante di alcune finiture. Divanetti, sgabelli, comode sedute per uno stile che ammicca all\u2019elegante informalit\u00e0; una lunga scala centrale guida poi i clienti al ristorante brasserie posto al livello superiore.<\/p>\n<p><img loading=\"lazy\" decoding=\"async\" class=\"alignnone size-medium wp-image-59420\" src=\"http:\/\/www.gdapress.it\/it\/..\/public\/it\/2016\/09\/Le-Vrai-Brasserie-tavoli-300x198.jpg\" alt=\"Le Vrai Brasserie tavoli\" width=\"300\" height=\"198\" srcset=\"https:\/\/www.gdapress.it\/it\/..\/public\/it\/2016\/09\/Le-Vrai-Brasserie-tavoli-300x198.jpg 300w, https:\/\/www.gdapress.it\/it\/..\/public\/it\/2016\/09\/Le-Vrai-Brasserie-tavoli-768x507.jpg 768w, https:\/\/www.gdapress.it\/it\/..\/public\/it\/2016\/09\/Le-Vrai-Brasserie-tavoli-500x330.jpg 500w, https:\/\/www.gdapress.it\/it\/..\/public\/it\/2016\/09\/Le-Vrai-Brasserie-tavoli.jpg 1150w\" sizes=\"auto, (max-width: 300px) 100vw, 300px\" \/><\/p>\n<p>Le prime ore del mattino vengono coccolate con pain au chocolat, croissant, pain brioche, pane burro e marmellata, tutto rigorosamente fatto in casa, per una colazione rilassante che esca dagli stressanti binari metropolitani oppure con il Caf\u00e8 Gourmand (espresso italiano con piccole specialit\u00e0 di pasticceria francese), ideale anche per merenda.<\/p>\n<p><img loading=\"lazy\" decoding=\"async\" class=\"alignnone size-medium wp-image-59427\" src=\"http:\/\/www.gdapress.it\/it\/..\/public\/it\/2016\/09\/DSC_0965-300x201.jpg\" alt=\"DSC_0965\" width=\"300\" height=\"201\" srcset=\"https:\/\/www.gdapress.it\/it\/..\/public\/it\/2016\/09\/DSC_0965-300x201.jpg 300w, https:\/\/www.gdapress.it\/it\/..\/public\/it\/2016\/09\/DSC_0965-768x514.jpg 768w, https:\/\/www.gdapress.it\/it\/..\/public\/it\/2016\/09\/DSC_0965-500x335.jpg 500w, https:\/\/www.gdapress.it\/it\/..\/public\/it\/2016\/09\/DSC_0965-720x480.jpg 720w, https:\/\/www.gdapress.it\/it\/..\/public\/it\/2016\/09\/DSC_0965-272x182.jpg 272w\" sizes=\"auto, (max-width: 300px) 100vw, 300px\" \/>\u00a0<img loading=\"lazy\" decoding=\"async\" class=\"alignnone size-medium wp-image-59428\" src=\"http:\/\/www.gdapress.it\/it\/..\/public\/it\/2016\/09\/Le-Vrai-Vol-au-vent-200x300.jpg\" alt=\"Le Vrai Vol au vent\" width=\"200\" height=\"300\" srcset=\"https:\/\/www.gdapress.it\/it\/..\/public\/it\/2016\/09\/Le-Vrai-Vol-au-vent-200x300.jpg 200w, https:\/\/www.gdapress.it\/it\/..\/public\/it\/2016\/09\/Le-Vrai-Vol-au-vent-267x400.jpg 267w, https:\/\/www.gdapress.it\/it\/..\/public\/it\/2016\/09\/Le-Vrai-Vol-au-vent.jpg 767w\" sizes=\"auto, (max-width: 200px) 100vw, 200px\" \/>\u00a0<img loading=\"lazy\" decoding=\"async\" class=\"alignnone size-medium wp-image-59429\" src=\"http:\/\/www.gdapress.it\/it\/..\/public\/it\/2016\/09\/Le-Vrai-Ile-flottante-300x200.jpg\" alt=\"Le Vrai Ile flottante\" width=\"300\" height=\"200\" srcset=\"https:\/\/www.gdapress.it\/it\/..\/public\/it\/2016\/09\/Le-Vrai-Ile-flottante-300x200.jpg 300w, https:\/\/www.gdapress.it\/it\/..\/public\/it\/2016\/09\/Le-Vrai-Ile-flottante-768x512.jpg 768w, https:\/\/www.gdapress.it\/it\/..\/public\/it\/2016\/09\/Le-Vrai-Ile-flottante-500x333.jpg 500w, https:\/\/www.gdapress.it\/it\/..\/public\/it\/2016\/09\/Le-Vrai-Ile-flottante-720x480.jpg 720w, https:\/\/www.gdapress.it\/it\/..\/public\/it\/2016\/09\/Le-Vrai-Ile-flottante-272x182.jpg 272w, https:\/\/www.gdapress.it\/it\/..\/public\/it\/2016\/09\/Le-Vrai-Ile-flottante.jpg 1150w\" sizes=\"auto, (max-width: 300px) 100vw, 300px\" \/><\/p>\n<p>Il pranzo \u00e8 stato pensato sia per chi ha solamente pochi minuti a disposizione per la sua pausa con quiche, croque monsieur o focaccia <em>pissaladi<\/em><em>\u00e8<\/em><em>re, <\/em>sia per chi ha un pochino pi\u00f9 di tempo con la formule du jour (men\u00f9 a base di 2 o 3 portate) o la carte del ristorante.<\/p>\n<p><img loading=\"lazy\" decoding=\"async\" class=\"alignnone size-medium wp-image-59426\" src=\"http:\/\/www.gdapress.it\/it\/..\/public\/it\/2016\/09\/DSC_0971-201x300.jpg\" alt=\"DSC_0971\" width=\"201\" height=\"300\" srcset=\"https:\/\/www.gdapress.it\/it\/..\/public\/it\/2016\/09\/DSC_0971-201x300.jpg 201w, https:\/\/www.gdapress.it\/it\/..\/public\/it\/2016\/09\/DSC_0971-768x1147.jpg 768w, https:\/\/www.gdapress.it\/it\/..\/public\/it\/2016\/09\/DSC_0971-268x400.jpg 268w\" sizes=\"auto, (max-width: 201px) 100vw, 201px\" \/><\/p>\n<p>Una delle chicche \u00e8 la ricerca incessante che arricchisce periodicamente la carta dei vini, rigorosamente tutti francesi e con oltre 120 etichette, alcune delle quali presenti a Milano solamente a Le Vrai; una bella occasione per scoprire vini d\u2019oltralpe di qualit\u00e0, anche con etichette meno conosciute, soprattutto durante l\u2019aperitivo: in particolare, il gioved\u00ec di ogni settimana sar\u00e0 caratterizzato da un perfetto stile bon vivant: calice rosso rubino, scoppiettanti bollicine di champagne, raffinati cocktail internazionali a base champagne, potranno essere accompagnate da tapas che veleggiano tra il mare, la terra, il vegetale o l\u2019elegante foie gras.<\/p>\n<p>Il ristorante accoglie le tipicit\u00e0 delle diverse regioni e le aggiorna stagionalmente, ingolosendo sia chi appena non sa resistere a rane, lumache e cozze alla marinara, sia chi non vede l\u2019ora di un delizioso boeuf bourguignon, zuppa di cipolle o cocotte con pesce del giorno. Tanti piatti gustosi, ricchi che incarnano perfettamente tradizione, spirito e cultura di Francia.<\/p>\n<p>Per chi ama fare un viaggio in pochi minuti: Le Vrai, vero gusto francese.<\/p>\n<p><img loading=\"lazy\" decoding=\"async\" class=\"alignnone size-medium wp-image-59430\" src=\"http:\/\/www.gdapress.it\/it\/..\/public\/it\/2016\/09\/Le-Vrai-staff-200x300.jpg\" alt=\"Le Vrai staff\" width=\"200\" height=\"300\" srcset=\"https:\/\/www.gdapress.it\/it\/..\/public\/it\/2016\/09\/Le-Vrai-staff-200x300.jpg 200w, https:\/\/www.gdapress.it\/it\/..\/public\/it\/2016\/09\/Le-Vrai-staff-267x400.jpg 267w, https:\/\/www.gdapress.it\/it\/..\/public\/it\/2016\/09\/Le-Vrai-staff.jpg 767w\" sizes=\"auto, (max-width: 200px) 100vw, 200px\" \/><\/p>\n<p>Le Vrai, in zona Porta Nuova\u00a0a Milano, via Galilei angolo Monte Santo 8, \u00e8 un punto di riferimento per chi ama il &#8220;gusto&#8221; della vicina Francia e \u00a0dove dal mattino alla sera Claire Pauze\u00a0insieme al fratello Emmanuel e allo chef\u00a0Patrick Massera accolgono gli ospiti e li deliziano con &#8220;chicche &#8221; che invitano al ritorno. E allora perch\u00e8 non farlo anche per il rito dell&#8217; aperitivo?\u00a0Dal prossimo gioved\u00ec 15 settembre 2016 \u00a0tutti i giorni (con un focus particolare su tutti i gioved\u00ec) inizier\u00e0 la nuova formula per l\u2019aperitivo con un\u2019ampia selezione di vini al calice, bollicine, cocktail a base champagne accompagnate da tapas di mare, terra, vegetale e della boulangerie che cambieranno ogni volta. Un&#8217;esplosione di sapori francesi \u00a0per tutti.<\/p>\n<p>&nbsp;<\/p>\n<p><strong>Le Vrai<\/strong> &#8211; via Galileo Galilei angolo viale Monte Santo &#8211; Milano<\/p>\n<p>Aperto 7 giorni su 7 &#8211; dalle 7.00 fino a tarda sera<\/p>\n<p>Luned\u00ec: bar 7.00 &#8211; 18.00 \/ panetteria 7.00 &#8211; 20.00<\/p>\n<p><a href=\"http:\/\/www.levrai.it\/\">www.levrai.it<\/a> \/ prenotazioni@levrai.it<\/p>\n<p>&nbsp;<\/p>\n","protected":false},"excerpt":{"rendered":"<p>\u00a0\u00a0 Un pezzetto, un sostanzioso pezzetto della Francia a Milano. Un luogo nuovo ove con piacevole sorpresa \u00a0scopri che \u00e8 possibile in questa Milano cosmopolita gustare \u00a0la cucina francese cosi come faresti a Parigi, dalla colazione alla cena e&#8230; anche dopo. Appena varcata la soglia, si respira la tipica atmosfera parigina, con quel profumo di &hellip; <a href=\"https:\/\/www.gdapress.it\/it\/index.php\/59418\/enogastronomia\/le-vrai.html\" class=\"more-link\">Read more <span class=\"screen-reader-text\">Le Vrai per respirare  l&#8217;atmosfera parigina con gusto<\/span><\/a><\/p>\n","protected":false},"author":3,"featured_media":59422,"comment_status":"closed","ping_status":"open","sticky":false,"template":"","format":"standard","meta":{"footnotes":""},"categories":[20,13362],"tags":[18524,18523,17,742,18525],"class_list":["post-59418","post","type-post","status-publish","format-standard","has-post-thumbnail","hentry","category-enogastronomia","category-la-cantina","tag-claire-pauze","tag-le-vrai","tag-milano","tag-parigi","tag-patrick-massera"],"_links":{"self":[{"href":"https:\/\/www.gdapress.it\/it\/index.php\/wp-json\/wp\/v2\/posts\/59418","targetHints":{"allow":["GET"]}}],"collection":[{"href":"https:\/\/www.gdapress.it\/it\/index.php\/wp-json\/wp\/v2\/posts"}],"about":[{"href":"https:\/\/www.gdapress.it\/it\/index.php\/wp-json\/wp\/v2\/types\/post"}],"author":[{"embeddable":true,"href":"https:\/\/www.gdapress.it\/it\/index.php\/wp-json\/wp\/v2\/users\/3"}],"replies":[{"embeddable":true,"href":"https:\/\/www.gdapress.it\/it\/index.php\/wp-json\/wp\/v2\/comments?post=59418"}],"version-history":[{"count":3,"href":"https:\/\/www.gdapress.it\/it\/index.php\/wp-json\/wp\/v2\/posts\/59418\/revisions"}],"predecessor-version":[{"id":59433,"href":"https:\/\/www.gdapress.it\/it\/index.php\/wp-json\/wp\/v2\/posts\/59418\/revisions\/59433"}],"wp:featuredmedia":[{"embeddable":true,"href":"https:\/\/www.gdapress.it\/it\/index.php\/wp-json\/wp\/v2\/media\/59422"}],"wp:attachment":[{"href":"https:\/\/www.gdapress.it\/it\/index.php\/wp-json\/wp\/v2\/media?parent=59418"}],"wp:term":[{"taxonomy":"category","embeddable":true,"href":"https:\/\/www.gdapress.it\/it\/index.php\/wp-json\/wp\/v2\/categories?post=59418"},{"taxonomy":"post_tag","embeddable":true,"href":"https:\/\/www.gdapress.it\/it\/index.php\/wp-json\/wp\/v2\/tags?post=59418"}],"curies":[{"name":"wp","href":"https:\/\/api.w.org\/{rel}","templated":true}]}}