
{"id":59411,"date":"2016-09-08T10:05:57","date_gmt":"2016-09-08T08:05:57","guid":{"rendered":"http:\/\/www.gdapress.it\/it\/?p=59411"},"modified":"2016-09-09T00:11:22","modified_gmt":"2016-09-08T22:11:22","slug":"festival-della-comunicazione-camogli","status":"publish","type":"post","link":"https:\/\/www.gdapress.it\/it\/index.php\/59411\/cultura\/festival-della-comunicazione-camogli.html","title":{"rendered":"FESTIVAL DELLA COMUNICAZIONE CAMOGLI"},"content":{"rendered":"<p><img loading=\"lazy\" decoding=\"async\" class=\"alignnone size-medium wp-image-59412\" src=\"http:\/\/www.gdapress.it\/it\/..\/public\/it\/2016\/09\/LOGO-FESTIVAL-DELLA-COMUNICAZIONE-2016-300x90.jpg\" alt=\"LOGO FESTIVAL DELLA COMUNICAZIONE 2016\" width=\"300\" height=\"90\" srcset=\"https:\/\/www.gdapress.it\/it\/..\/public\/it\/2016\/09\/LOGO-FESTIVAL-DELLA-COMUNICAZIONE-2016-300x90.jpg 300w, https:\/\/www.gdapress.it\/it\/..\/public\/it\/2016\/09\/LOGO-FESTIVAL-DELLA-COMUNICAZIONE-2016-768x230.jpg 768w, https:\/\/www.gdapress.it\/it\/..\/public\/it\/2016\/09\/LOGO-FESTIVAL-DELLA-COMUNICAZIONE-2016-500x150.jpg 500w\" sizes=\"auto, (max-width: 300px) 100vw, 300px\" \/>\u00a0<img loading=\"lazy\" decoding=\"async\" class=\"alignnone size-medium wp-image-59413\" src=\"http:\/\/www.gdapress.it\/it\/..\/public\/it\/2016\/09\/Festival-della-Comunicazione_11-300x200.jpg\" alt=\"Festival della Comunicazione_11\" width=\"300\" height=\"200\" srcset=\"https:\/\/www.gdapress.it\/it\/..\/public\/it\/2016\/09\/Festival-della-Comunicazione_11-300x200.jpg 300w, https:\/\/www.gdapress.it\/it\/..\/public\/it\/2016\/09\/Festival-della-Comunicazione_11-768x512.jpg 768w, https:\/\/www.gdapress.it\/it\/..\/public\/it\/2016\/09\/Festival-della-Comunicazione_11-500x333.jpg 500w, https:\/\/www.gdapress.it\/it\/..\/public\/it\/2016\/09\/Festival-della-Comunicazione_11-720x480.jpg 720w, https:\/\/www.gdapress.it\/it\/..\/public\/it\/2016\/09\/Festival-della-Comunicazione_11-272x182.jpg 272w, https:\/\/www.gdapress.it\/it\/..\/public\/it\/2016\/09\/Festival-della-Comunicazione_11.jpg 900w\" sizes=\"auto, (max-width: 300px) 100vw, 300px\" \/><\/p>\n<p><strong>FESTIVAL DELLA COMUNICAZIONE<\/strong><\/p>\n<p><strong>III edizione<\/strong><\/p>\n<p><strong>Camogli, 8 &#8211; 11 settembre 2016<\/strong><\/p>\n<p>Dopo le prime due edizioni che lo hanno affermato come uno degli appuntamenti culturali pi\u00f9 importanti e apprezzati in Italia, torner\u00e0 a <strong>Camogli <\/strong>da<strong> gioved\u00ec 8 a domenica 11 settembre <\/strong>il<strong> Festival della Comunicazione<\/strong> (<a href=\"http:\/\/www.festivalcomunicazione.it\">www.festivalcomunicazione.it<\/a>). La manifestazione, sotto l\u2019Alto Patronato del Presidente della Repubblica, \u00e8 ideata e diretta da <strong>Rosangela Bonsignorio<\/strong> e <strong>Danco Singer<\/strong> e organizzata dal Comune di Camogli e da Frame, in collaborazione con la Regione Liguria.<\/p>\n<p>Quattro giornate, con oltre un centinaio di appuntamenti tra incontri, laboratori, spettacoli, mostre ed escursioni e pi\u00f9 di <strong>130 ospiti italiani e internazionali <\/strong>provenienti dal mondo della comunicazione, della letteratura, della scienza, delle imprese, della medicina e della psicologia, dell\u2019arte, dei social network, del diritto, della filosofia. Il macrotema individuato per questa terza edizione da Umberto Eco: il <strong>world wide web<\/strong>. \u00abAveva gi\u00e0 scelto il titolo della sua <em>lectio<\/em> <strong>Pro e contro il web<\/strong>\u00bb spiegano Rosangela Bonsignorio e Danco Singer \u00abvoleva, nelle giornate del Festival, analizzare tutte le implicazioni sociali, culturali, politiche, educative che questa rivoluzione ha comportato. E noi, con gli ospiti che hanno accettato il nostro invito, porteremo avanti il suo auspicio\u00bb.<\/p>\n<p>A Camogli, in un clima di accoglienza e coinvolgimento, gli ospiti \u2013 storici volti del Festival o nuovi compagni di viaggio \u2013 discuteranno con un linguaggio accessibile a tutti le opportunit\u00e0 e le potenzialit\u00e0 di questo straordinario strumento, immaginando gli scenari futuri e le vie da seguire, a venticinque anni dalla pubblicazione del primo sito web.<\/p>\n<p>Al Festival verr\u00e0 consegnato per la prima volta il <strong>premio Comunicazione<\/strong>, per celebrare una personalit\u00e0 che si sia particolarmente distinta nel mondo della cultura: quest\u2019anno sar\u00e0 <strong>Roberto Benigni<\/strong>, che ritirer\u00e0 personalmente il premio a Camogli.<\/p>\n<p>In occasione della manifestazione sar\u00e0 inaugurata la mostra di <strong>Tullio Pericoli<\/strong> <em>Quanti ritratti, caro Umberto<\/em>. In esposizione quasi un centinaio di disegni, schizzi, giochi, scambi di ritratti e lettere in cui, nel corso degli anni e di una lunga amicizia, l\u2019artista ha raffigurato il grande semiologo, ispiratore del Festival sin dall\u2019inizio. La mostra, allestita nella Sala Consiliare del Comune di Camogli, sar\u00e0 aperta fino all\u201911 dicembre.<\/p>\n<p>Gli incontri, tutti visibili anche in diretta streaming sul sito del Festival, si articoleranno in sette grandi aree, con ospiti di grande prestigio.<\/p>\n<p><strong>WEB E SCRITTURA<\/strong><\/p>\n<p>Si parler\u00e0 di come cambiano la scrittura e il legame tra autori e pubblico nell\u2019era di internet, dell\u2019uso della parola sul web, di come tutti, nella realt\u00e0 virtuale, possano esprimere la propria opinione e del rapporto tra romanzo e serial tv, chiedendosi se quest\u2019ultimo sia l\u2019erede del romanzo ottocentesco non solo come intrattenimento, ma anche nel ruolo educativo e formativo della persona. Interverranno: gli scrittori <strong>Claudio Magris<\/strong> e <strong>Luca Doninelli <\/strong>(<em>Perch\u00e9 i romanzi al tempo dei serial<\/em>), <strong>Donato Carrisi <\/strong>(<em>Scrivere Crime fiction prima e dopo internet<\/em>), <strong>Alessia Gazzola <\/strong>(<em>Come cambia il rapporto tra scrittore e lettori con l\u2019avvento di Internet<\/em>), <strong>Paolo Giordano <\/strong>(<em>La narrazione al tempo del web<\/em>), <strong>Jay Mc Inerney<\/strong> con <strong>Federico Rampini<\/strong> (<em>Quei giorni dorati a New York<\/em>); i giornalisti <strong>Massimo Gramellini<\/strong> (<em>La velocit\u00e0 e la lentezza della parola scritta<\/em>) e <strong>Aldo Cazzullo<\/strong> (<em>Giornalismo: crisi di contenitori o crisi di contenuti?<\/em>); lo storico <strong>Alessandro Barbero<\/strong> (<em>Alle origini della comunicazione aziendale: gli ordini religiosi del Medioevo<\/em>).<\/p>\n<p><strong>\u00a0<\/strong><\/p>\n<p><strong>\u00a0<\/strong><\/p>\n<p><strong>WEB E SCIENZA<\/strong><\/p>\n<p>Internet \u00e8 nato per permettere lo scambio rapido di informazioni tra scienziati e, col passare del tempo, ha messo a disposizione di tutti il patrimonio globale della conoscenza scientifica: la sua utilit\u00e0 come serbatoio per la condivisione di dati sar\u00e0 uno degli aspetti approfonditi dal direttore del Dipartimento di Nanofisica dell\u2019Istituto Italiano di Tecnologia <strong>Alberto Diaspro<\/strong>. Ma il web ha contemporaneamente permesso la diffusione delle teorie pseudoscientifiche pi\u00f9 disparate: ne parleranno il giornalista <strong>Piero Angela<\/strong> e il fisico del CERN <strong>Marco Delmastro<\/strong>. Il world wide web e il digitale saranno l\u2019ultimo atto della nostra storia evolutiva? Ne discuteranno lo scienziato <strong>Claudio Tuniz<\/strong> e l\u2019economista <strong>Patrizia Tiberi Vipraio<\/strong> in <em>Homo: un essere oltre natura<\/em>. E quali risvolti pu\u00f2 avere l\u2019utilizzo di internet sulla psiche delle persone? Lo psichiatra <strong>Paolo Crepet<\/strong> proporr\u00e0 l\u2019intervento <em>Baciami senza rete<\/em>. E ancora: il matematico <strong>Claudio Bartocci<\/strong>; gli psicoterapeuti <strong>Maurizio Arduino<\/strong>, <strong>Andr\u00e9e Bella<\/strong>, <strong>Giorgio Nardone<\/strong>; il geologo <strong>Mario Tozzi<\/strong>.<\/p>\n<p>&nbsp;<\/p>\n<p><strong>WEB, ARTE E CUCINA<\/strong><\/p>\n<p>Con la rete e il digitale cambiano ed evolvono i modi di fare arte, ma anche di fruirne. In <em>Tua figlia erediter\u00e0 il tuo Tablet?<\/em> il direttore della Pinacoteca di Brera <strong>James Bradburne<\/strong> affronter\u00e0 la questione del valore dei libri e delle biblioteche nell\u2019era della riproduzione digitale, mentre l\u2019architetto <strong>Massimiliano Fuksas<\/strong> terr\u00e0 un intervento dal titolo <em>Strategy versus Emotion. Or Emotion versus Strategy? <\/em>e l\u2019economista <strong>Severino Salvemini <\/strong>parler\u00e0 de <em>La musica della tua vita<\/em>. Inoltre, durante le quattro giornate, l\u2019autrice di graphic novel <strong>Cinzia Leone<\/strong> racconter\u00e0 la manifestazione per immagini. La cucina e il cibo come cultura saranno le tematiche discusse dal giornalista <strong>Davide Paolini<\/strong> con lo chef <strong>Fabio Picchi<\/strong> (<em>Siti blog Tripadvisor: il cibo sotto la lente di chi naviga<\/em>), dallo chef <strong>Bruno Barbieri<\/strong> con il vice president corporate marketing di Costa Crociere <strong>Luca Casaura<\/strong> (<em>La comunicazione del cibo e l&#8217;integrazione delle culture<\/em>) e dallo storico <strong>Massimo Montanari<\/strong> (<em>Cucina in rete. Da Pellegrino Artusi al web<\/em>).<\/p>\n<p>&nbsp;<\/p>\n<p><strong>WEB E COMUNICAZIONE<\/strong><\/p>\n<p>Oggi, grazie alla rete, ciascuno pu\u00f2 accedere in tempo reale a una quantit\u00e0 di notizie come mai \u00e8 successo prima: i mezzi di informazione tradizionali devono tenere conto di questo aspetto e adeguarsi. Si cercher\u00e0 anche di capire l\u2019influenza positiva e negativa dei social network e ci si interrogher\u00e0 su quanto sia irreale la realt\u00e0 virtuale e quanto le nostre percezioni e i nostri comportamenti possano essere manipolati da chi realizza le macchine su cui facciamo affidamento. E quale futuro ci possiamo aspettare per l\u2019Italia digitale?<\/p>\n<p>Si affronter\u00e0 il tema del cambiamento della trasmissione e fruizione di contenuti con <strong>Carlo Verdelli<\/strong>, direttore editoriale per l\u2019informazione Rai, e il giornalista <strong>Carlo Rognoni<\/strong>, modera il giornalista<strong> Massimo Righi <\/strong>(<em>Dalla stampa alla televisione al web: come cambia l\u2019informazione<\/em>), i giornalisti <strong>Mario Calabresi<\/strong> <em>(\u201cVerr\u00e0 il turno della nostra generazione\u201d &#8211; la voce delle nuove generazioni contro i venditori di paure<\/em>) e <strong>Aldo Grasso<\/strong> (<em>La televisione nell\u2019et\u00e0 della convergenza<\/em>), il car designer <strong>Chris Bangle<\/strong> con il direttore scientifico dell\u2019IIT di Genova <strong>Roberto Cingolani<\/strong>, il direttore del centro di ricerca IBM di Zurigo <strong>Alessandro Curioni<\/strong>. Di social network dialogher\u00e0 il giornalista <strong>Beppe Severgnini<\/strong> con <strong>Stefania Chiale<\/strong> (<em>I social sono la palestra dell\u2019odio?<\/em>), mentre <strong>Charles Seife<\/strong> della New York University parler\u00e0 di <em>Irrealt\u00e0 virtuale: la rete i Big Data, informazione e verit\u00e0<\/em>. Sul lato \u201coscuro\u201d della rete il semiologo <strong>Paolo Fabbri <\/strong>terr\u00e0 la conferenza <em>Deep Web, ovvero la comunicazione al nero<\/em>, mentre il filosofo <strong>Marco Santambrogio <\/strong>rifletter\u00e0 sulla memoria, nell\u2019era di internet in cui tutto si trova facilmente, ma altrettanto facilmente si dimentica. Il sociologo <strong>Evgenij Morozov <\/strong>risponder\u00e0 alla domanda <em>La piattaforma del capitalismo arriver\u00e0 a divorare se stessa?<\/em> e <strong>Paolo Barberis<\/strong>, consigliere per l\u2019Innovazione, discuter\u00e0 con il giornalista <strong>Gianni Riotta<\/strong> e l\u2019esperto di sicurezza informatica <strong>Andrea Stroppa <\/strong>sul tema <em>Dal Rinascimento fiorentino, alla Silicon Valley: che futuro oggi per l\u2019Italia digitale?<\/em>. Il filosofo <strong>Maurizio Ferraris<\/strong>, infine, proporr\u00e0 <em>Documedialit\u00e0: una ragion pratica per il web<\/em>, mentre il giornalista <strong>Massimo Russo <\/strong>illustrer\u00e0 com\u2019\u00e8 <em>La vita in mondovisione<\/em>. Interverranno anche: l\u2019autore televisivo <strong>Carlo Freccero<\/strong>; il filosofo <strong>Riccardo Fedriga<\/strong>; i giornalisti <strong>Ferruccio de Bortoli<\/strong> con <strong>Stefano Quintarelli<\/strong>, <strong>Roberto Cotroneo<\/strong>, <strong>Furio Colombo<\/strong>, <strong>Federico Rampini <\/strong>(<em>Il tradimento delle \u00e9lites: globalizzazione, immigrazione, le promesse mancate<\/em>), <strong>Carola Frediani<\/strong>; da Facebook Italia, il country manager<strong> Luca Colombo <\/strong>e da Twitter Italia il country manager<strong> Salvatore Ippolito<\/strong>; <strong>Mariangela Marseglia<\/strong>, responsabile europea di Amazon Prime Now; <strong>Fabio Vaccarono<\/strong>, country director di Google Italia.<\/p>\n<p><strong>WEB E IMPRESE<\/strong><\/p>\n<p>La rivoluzione del web ha investito anche gli ambiti dell\u2019economia e delle imprese, basti pensare a quanto \u00e8 fondamentale oggi per un\u2019azienda un buon marketing online e a come sono cambiati i modi di proporre e vendere i prodotti. Uno dei settori in cui pi\u00f9 si avverte questo cambiamento \u00e8 l\u2019impresa editoriale: <strong>Alvise Leonetti<\/strong>, consulente all&#8217;Alta Direzione di IBS, si confronter\u00e0 con <strong>Alessandro Magno<\/strong>, direttore dell\u2019Area Digital di GeMS, <strong>Riccardo Porro<\/strong>, market business developer, commercial print di Canon Italia e il responsabile contenuti de ilLibraio.it <strong>Antonio Prudenzano <\/strong>su <em>Essere rilevanti in rete: le best practices del digitale italiano nel mondo del libro<\/em>. <strong>Giulio Blasi<\/strong>, amministratore delegato di Horizons Unlimited \u2013 societ\u00e0 che gestisce il servizio MLOL (MediaLibraryOnLine) \u2013 illustrer\u00e0 lo scenario del mondo delle biblioteche, oggi completamente mutato dai processi di digitalizzazione.<\/p>\n<p>Con la rete si possono raggiungere persone in tutto il mondo, un unico, grande, pubblico globale: <strong>Luigi De Siervo<\/strong>, AD di Infront Italy, con il vice presidente di Cond\u00e9 Nast <strong>Fedele Usai <\/strong>e il giornalista<strong> Pierluigi Pardo <\/strong>si concentrer\u00e0 sul tema <em>Calcio, diritti e nuovi media in un mondo di spettatori globali. <\/em>Un nuovo modello di business per risolvere la crisi che sta attraversando il mondo dei media sar\u00e0 oggetto dell\u2019intervento dell\u2019economista <strong>Julia Cag\u00e9<\/strong>, mentre si parler\u00e0 di reputazione con <strong>Gabriele Galateri Di Genola<\/strong>, presidente di Assicurazioni Generali, <strong>Alessandra Perrazzelli<\/strong>, country manager di Barclays Bank, <strong>Marco Sala<\/strong>, amministratore delegato di Gtech e la giornalista <strong>Annalisa Bruchi <\/strong><em>Reputazione italiana all\u2019estero, internazionalizzazione<\/em>. Gli economisti <strong>Salvatore Bragantini <\/strong>e<strong> Lucrezia Reichlin <\/strong>dialogheranno su <em>Quale pericolo per l&#8217;Italia, le banche o il debito pubblico?<\/em><\/p>\n<p>Dal mondo delle imprese parteciperanno anche: <strong>Monica Maggioni<\/strong>, presidente della Rai (<em>WWW: Wired Word War &#8211; La rete della fiducia e le trappole della paura<\/em>); <strong>Oscar Farinetti<\/strong>, fondatore di Eataly; <strong>Edoardo Garrone<\/strong>, presidente del Gruppo ERG; il ministro <strong>Stefania Giannini<\/strong> con <strong>Evelina Christillin<\/strong>, presidente del Museo Egizio, e l\u2019economista Severino Salvemini (<em>La sostenibilit\u00e0 della cultura: economicit\u00e0 e qualit\u00e0 per una cultura sostenibile<\/em>); <strong>Barbara Morgante<\/strong>, amministratore delegato e direttore generale di Trenitalia, con il giornalista Massimo Russo; <strong>Giovanni Parapini<\/strong>, direttore Comunicazione RAI con <strong>Maurizio Beretta<\/strong>, responsabile a livello globale di Group Identity &amp; Communications in Unicredit, <strong>Andrea Prandi<\/strong>, direttore comunicazione e relazioni esterne di Edison, e il direttore di Wired <strong>Federico Ferrazza<\/strong>; <strong>Kathryn Fink<\/strong>, amministratore delegato di Fox Networks Group Italy; <strong>Annalisa Galardi<\/strong> di Wingage con l\u2019autore teatrale e televisivo <strong>Carlo Turati<\/strong>; il direttore dell\u2019Ente Parco di Portofino <strong>Alberto Girani<\/strong>; <strong>Francesco Profumo<\/strong>, presidente della Compagnia di San Paolo con il dirigente <strong>Luigi Gubitosi<\/strong>; <strong>Enrico Deluchi<\/strong>, presidente e managing director di Canon Italia; <strong>Alessandra Bianco<\/strong>, responsabile della direzione global public relations &amp; events di Lavazza con il giornalista <strong>Marco Zatterin<\/strong>; l\u2019imprenditore <strong>Vittorio Malacalza<\/strong> dialogher\u00e0 con Severino Salvemini nell\u2019incontro dal titolo <em>31 minuti con Vittorio Malacalza.<\/em><\/p>\n<p>&nbsp;<\/p>\n<p><strong>WEB E CULTURA DIGITALE<\/strong><\/p>\n<p>Misurarci con le nuove tecnologie, ora che il web \u00e8 una presenza sempre pi\u00f9 pervasiva nelle nostre vite, \u00e8 diventata una necessit\u00e0: <strong>Salvatore Aranzulla<\/strong>, che da anni risponde ai dubbi di tipo informatico sul suo sito, sar\u00e0 a disposizione del pubblico per un inedito <em>Pronto soccorso informatico<\/em>. I social network sono strumento d\u2019eccellenza oggi per stringere contatti, esprimere opinioni, cercare notizie, ma anche per diventare star: lo youtuber <strong>Daniele Doesn\u2019t Matter<\/strong>, giovane fenomeno del web, racconter\u00e0 al Festival il suo percorso. Come vengono usati i social dai nostri bambini? E dai vip? Il preside <strong>Pierpaolo Eramo<\/strong> con lo psichiatra <strong>Paolo Crepet<\/strong> affronter\u00e0 il tema delicato del ruolo educativo della scuola nel rapporto tra i bambini e il mondo virtuale di Facebook e Instagram, mentre il semiologo <strong>Lucio Spaziante <\/strong>prender\u00e0 in esame <em>L\u2019identit\u00e0 pubblica nell\u2019era dei social media: celebrities e icone pop<\/em>. Ma i social sono anche terreno di esperimenti culturali: interverranno a raccontarlo <strong>Luna Orlando <\/strong><em>(#LezioniDAmore<\/em>), tra gli ideatori del primo esperimento di filosofia su Twitter, #TwitSofia, e <strong>Rick DuFer<\/strong>, che dal 2014 ha avviato un progetto di divulgazione filosofica attraverso YouTube. Con internet, ogni cosa \u00e8 a portata di mano subito, anche migliaia di puntate di serie televisive: la semiologa <strong>Valentina Pisanty<\/strong> analizzer\u00e0 il fenomeno della visione compulsiva di serie tv nell\u2019intervento <em>Binge-watching: la narrativa al tempo di Internet<\/em>. Il blogger <strong>Matteo Bordone <\/strong>parler\u00e0 di come amare i videogiochi in <em>E smettila con quel libro!<\/em>, mentre lo scrittore <strong>Pietrangelo Buttafuoco<\/strong> con il professore <strong>Gino Ruozzi <\/strong>proporr\u00e0 gli aforismi di Leo Longanesi in 140 caratteri.<\/p>\n<p>Si tratter\u00e0 anche di digital economy, web storytelling e blog con: <strong>Alessandro Rimassa<\/strong>, direttore e cofondatore di TAG Innovation School; la blogger <strong>Anna Venere<\/strong>; dall\u2019Enciclopedia delle donne <strong>Rossana Di Fazio<\/strong> con <strong>Margherita Marcheselli<\/strong>; il cofondatore di Storyfactory <strong>Andrea Fontana<\/strong>; il semiologo <strong>Gianfranco Marrone<\/strong>; l\u2019enigmista e saggista <strong>Stefano Bartezzaghi<\/strong>; il giornalista <strong>Luca De Biase<\/strong>.<\/p>\n<p>&nbsp;<\/p>\n<p><strong>WEB E DIRITTI<\/strong><\/p>\n<p>Internet ha reso accessibili a tutti una serie di informazioni che solo pochi anni fa avremmo considerato private. Si discute sempre pi\u00f9 spesso di privacy e di chi controlla i nostri dati, di sicurezza informatica e cybercrimini. A parlarne al Festival: il giurista<strong> Sabino Cassese <\/strong><em>Chi governa il web?<\/em>; l\u2019ex magistrato<strong> Gherardo Colombo <\/strong>con <strong>Armando Spataro<\/strong>, procuratore capo della Repubblica di Torino, e l\u2019avvocato<strong> Vincenzo Roppo <\/strong><em>Giustizia, comunicazione, privacy: la Costituzione al tempo del web<\/em>; <strong>Alessandro Armando<\/strong>, esperto di cybersecurity, con <strong>Luca Sabatini<\/strong>, portavoce del rettore dell&#8217;Universit\u00e0 di Genova <em>Tra cybercrimini e cyberterrorismo. I nuovi paradigmi della sicurezza informatica<\/em>; <strong>Luigi Berlinguer<\/strong> <em>Comunicazione, cultura e riforme per l&#8217;Italia di domani<\/em>.<\/p>\n<p>&nbsp;<\/p>\n<p>Come \u00e8 tradizione del Festival, spazio anche agli <strong>spettacoli<\/strong>: teatro e musica per un ulteriore e inedito sguardo sul mondo della comunicazione. Con <strong>Gianni Coscia <\/strong>(<em>Gianni Coscia con piccola fisarmonica<\/em>), <strong>Andrea De Carlo <\/strong>(<em>Parole e musica<\/em>), <strong>Claudio Bisio<\/strong> e <strong>Michele Serra <\/strong>con<strong> Denise Pardo <\/strong>(<em>Padri e Figli: iperconnessi ma scollegati?<\/em>), <strong>Marco Travaglio<\/strong> che porter\u00e0 in scena, con <strong>Giorgia Salari <\/strong>nei panni del ministro Maria Elena Boschi, le ragioni del S\u00ec e del No al referendum sulla Costituzione (<em>Perch\u00e9 No<\/em>).<\/p>\n<p>Infine, una notte a teatro con <em>Dolores<\/em> e, per gli appassionati di film, le serate di cinema sotto le stelle, con una minirassegna dedicata a Roberto Benigni (<em>Johnny Stecchino<\/em>, <em>Pinocchio<\/em>, <em>La vita \u00e8 bella<\/em>).<\/p>\n<p>&nbsp;<\/p>\n<p>Come tutti gli anni, il Festival propone un ampio programma di <strong>laboratori<\/strong>, <strong>workshop<\/strong> e <strong>attivit\u00e0 collaterali<\/strong>, studiati per le diverse fasce d\u2019et\u00e0. Per ragazzi e adulti, le proposte spaziano dalla letteratura alla scienza, dalla formazione alla tecnologia; ricchissimo anche il palinsesto per i pi\u00f9 piccoli, cui sono dedicati sei appuntamenti.<\/p>\n<p>Durante i giorni della manifestazione sar\u00e0 visitabile la mostra <em>La rete dell\u2019arte nella rete della vita<\/em>, che presenter\u00e0 un\u2019ampia selezione di opere della Collezione Remotti.<\/p>\n<p>Per gli amanti dell\u2019aria aperta, tornano le escursioni alla scoperta del patrimonio naturale dell\u2019Area Marina Protetta del Promontorio di Portofino e del Monte di Portofino.<\/p>\n<p>&nbsp;<\/p>\n<p>Novit\u00e0 di quest\u2019anno \u00e8 il contest su Twitter promosso dal Festival della Comunicazione, da <strong>Longanesi<\/strong> e da <strong>Il Libraio,<\/strong> un\u2019attivit\u00e0 di comunicazione dedicata agli aforismi di Leo Longanesi. Tutti saranno invitati a reinterpretare le scoccate letterarie su Cultura e libri, Cialtronismo, Amore, Italia.<\/p>\n<p>Ad animare i canali social del Festival, quest\u2019anno sar\u00e0 una squadra di 8 studenti-reporter provenienti dalla <strong>scuola Holden<\/strong>, selezionati in base a un concorso, che durante la manifestazione produrranno contenuti ad hoc per raccontare le quattro giornate.<\/p>\n<p>&nbsp;<\/p>\n<p>Il Festival della Comunicazione \u00e8 organizzato in collaborazione con l\u2019Istituto Italiano di Tecnologia di Genova, l\u2019Ente Parco di Portofino, l\u2019Area Marina Protetta di Portofino, il Talent Garden di Genova, l\u2019Universit\u00e0 degli Studi di Genova, il Gruppo editoriale Mauri Spagnol, FME Education.<\/p>\n<p>&nbsp;<\/p>\n<p>Tutte le iniziative del Festival sono <strong>gratuite<\/strong> e <strong>aperte al pubblico<\/strong> fino a esaurimento posti. Per circa met\u00e0 dei posti disponibili per ciascun evento sar\u00e0 possibile effettuare una prenotazione online fino al 5 settembre.<\/p>\n<p><strong>Informazioni: <a href=\"http:\/\/www.festivalcomunicazione.it\">www.festivalcomunicazione.it<\/a><\/strong><\/p>\n<p><strong>Facebook: FestivalComunicazione &#8211; Twitter: FestivalCom <\/strong><\/p>\n<p><strong>Instagram: <\/strong><strong><a href=\"http:\/\/www.instagram.com\/festivalcomunicazione\">festivalcomunicazione<\/a><\/strong> \u2013 <strong>Canale<\/strong> <strong>Youtube: <a href=\"http:\/\/www.youtube.com\/FestivalComunicazioneit\">FestivalComunicazioneit<\/a><\/strong><\/p>\n<p><strong>\u00a0<\/strong><\/p>\n<p><strong>La cartella stampa e il materiale iconografico (crediti obbligatori) sono disponibili in <\/strong><\/p>\n","protected":false},"excerpt":{"rendered":"<p>\u00a0 FESTIVAL DELLA COMUNICAZIONE III edizione Camogli, 8 &#8211; 11 settembre 2016 Dopo le prime due edizioni che lo hanno affermato come uno degli appuntamenti culturali pi\u00f9 importanti e apprezzati in Italia, torner\u00e0 a Camogli da gioved\u00ec 8 a domenica 11 settembre il Festival della Comunicazione (www.festivalcomunicazione.it). La manifestazione, sotto l\u2019Alto Patronato del Presidente della &hellip; <a href=\"https:\/\/www.gdapress.it\/it\/index.php\/59411\/cultura\/festival-della-comunicazione-camogli.html\" class=\"more-link\">Read more <span class=\"screen-reader-text\">FESTIVAL DELLA COMUNICAZIONE CAMOGLI<\/span><\/a><\/p>\n","protected":false},"author":3,"featured_media":59412,"comment_status":"closed","ping_status":"open","sticky":false,"template":"","format":"standard","meta":{"footnotes":""},"categories":[5],"tags":[1218,16442],"class_list":["post-59411","post","type-post","status-publish","format-standard","has-post-thumbnail","hentry","category-cultura","tag-camogli","tag-festival-della-comunicazione"],"_links":{"self":[{"href":"https:\/\/www.gdapress.it\/it\/index.php\/wp-json\/wp\/v2\/posts\/59411","targetHints":{"allow":["GET"]}}],"collection":[{"href":"https:\/\/www.gdapress.it\/it\/index.php\/wp-json\/wp\/v2\/posts"}],"about":[{"href":"https:\/\/www.gdapress.it\/it\/index.php\/wp-json\/wp\/v2\/types\/post"}],"author":[{"embeddable":true,"href":"https:\/\/www.gdapress.it\/it\/index.php\/wp-json\/wp\/v2\/users\/3"}],"replies":[{"embeddable":true,"href":"https:\/\/www.gdapress.it\/it\/index.php\/wp-json\/wp\/v2\/comments?post=59411"}],"version-history":[{"count":1,"href":"https:\/\/www.gdapress.it\/it\/index.php\/wp-json\/wp\/v2\/posts\/59411\/revisions"}],"predecessor-version":[{"id":59414,"href":"https:\/\/www.gdapress.it\/it\/index.php\/wp-json\/wp\/v2\/posts\/59411\/revisions\/59414"}],"wp:featuredmedia":[{"embeddable":true,"href":"https:\/\/www.gdapress.it\/it\/index.php\/wp-json\/wp\/v2\/media\/59412"}],"wp:attachment":[{"href":"https:\/\/www.gdapress.it\/it\/index.php\/wp-json\/wp\/v2\/media?parent=59411"}],"wp:term":[{"taxonomy":"category","embeddable":true,"href":"https:\/\/www.gdapress.it\/it\/index.php\/wp-json\/wp\/v2\/categories?post=59411"},{"taxonomy":"post_tag","embeddable":true,"href":"https:\/\/www.gdapress.it\/it\/index.php\/wp-json\/wp\/v2\/tags?post=59411"}],"curies":[{"name":"wp","href":"https:\/\/api.w.org\/{rel}","templated":true}]}}