
{"id":59408,"date":"2016-09-08T10:46:06","date_gmt":"2016-09-08T08:46:06","guid":{"rendered":"http:\/\/www.gdapress.it\/it\/?p=59408"},"modified":"2016-09-08T10:46:06","modified_gmt":"2016-09-08T08:46:06","slug":"museo-bagatti-valsecchi-visite-guidate-gratuite-aperture-straordinarie","status":"publish","type":"post","link":"https:\/\/www.gdapress.it\/it\/index.php\/59408\/arte\/museo-bagatti-valsecchi-visite-guidate-gratuite-aperture-straordinarie.html","title":{"rendered":"Museo Bagatti Valsecchi  visite guidate gratuite e aperture straordinarie"},"content":{"rendered":"<p class=\"x_MsoNormal\"><img loading=\"lazy\" decoding=\"async\" class=\"alignnone size-medium wp-image-59409\" src=\"http:\/\/www.gdapress.it\/it\/..\/public\/it\/2016\/09\/Polittico-Marinoni_-credits-Vittorio-Calore-200x300.jpg\" alt=\"Polittico Marinoni_ credits Vittorio Calore\" width=\"200\" height=\"300\" srcset=\"https:\/\/www.gdapress.it\/it\/..\/public\/it\/2016\/09\/Polittico-Marinoni_-credits-Vittorio-Calore-200x300.jpg 200w, https:\/\/www.gdapress.it\/it\/..\/public\/it\/2016\/09\/Polittico-Marinoni_-credits-Vittorio-Calore-267x400.jpg 267w, https:\/\/www.gdapress.it\/it\/..\/public\/it\/2016\/09\/Polittico-Marinoni_-credits-Vittorio-Calore.jpg 568w\" sizes=\"auto, (max-width: 200px) 100vw, 200px\" \/><\/p>\n<p class=\"x_MsoNormal\">Con il mese di settembre il <b>Museo Bagatti Valsecchi torna visitabile oltre i consueti orari d\u2019apertura<\/b>. Tutti i gioved\u00ec, a partire dall\u20198 settembre, le sale della casa museo saranno visitabili fino alle 20.30 e alle 19 sar\u00e0 possibile partecipare alle <b>visite guidate gratuite incluse nel biglietto<\/b> (su prenotazione)\u00a0Con l\u2019occasione \u00e8 possibile visitare, oltre al museo, la <b>piccola mostra <i>Un affare di famiglia. I Marinoni e il Polittico di San Giovanni Battista<\/i><\/b> (aperta fino al 2 ottobre) a cura di Chiara Paratico. Quella dei Marinoni \u00e8 una dinastia di pittori originaria di Desenzano al Serio e attiva per cinque generazioni che domina la produzione artistica della provincia bergamasca, inondandola di polittici, affreschi e pale d\u2019altare. Per scoprire questa enorme produzione artistica <b>una piantina dettagliata della Val Seriana, Val Brembana e Bassa Bergamasca<\/b> viene data <b>in omaggio ai visitatori del Museo<\/b>, per consentire la mappatura di tutte le opere presenti sul territorio.<\/p>\n<p>La mostra<\/p>\n<p>Un affare di famiglia I Marinoni e il Polittico di San Giovanni Battista<\/p>\n<p>Mostra a cura di Chiara Paratico<\/p>\n<p>Il Polittico di San Giovanni Battista torna a casa dopo un anno di assenza e il Museo Bagatti Valsecchi ne celebra il rientro producendo una piccola mostra, curata da Chiara Paratico, che fa il punto su quest\u2019opera, tanto intensa quanto portatrice di misteri. Realizzato nel 1493 da Giovanni Marinoni con i figli Bernardino e Antonio, il Polittico \u00e8 l\u2019unico dipinto giunto fino a noi firmato e datato dalla bottega Marinoni. Allestito in mostra fino al 2 ottobre, e poi ricollocato nella sua originaria posizione sullo scalone di via S. Spirito, il Polittico \u00e8 allestito insieme ad uno schermo touch con un video che consente di contestualizzare e conoscere l\u2019ampia attivit\u00e0 dei Marinoni nel territorio di Bergamo.<\/p>\n<p>Quella dei Marinoni \u00e8 una dinastia di pittori originaria di Desenzano al Serio e attiva per cinque generazioni che domina la produzione artistica della provincia bergamasca, inondandola di polittici, affreschi e pale d\u2019altare. Per scoprire questa enorme produzione artistica una piantina dettagliata della Val Seriana, Val Brembana e Bassa Bergamasca viene data in omaggio ai visitatori del Museo, per consentire la mappatura di tutte le opere presenti sul territorio. Il successo della pittura dei Marinoni stupisce se lo si misura con le esperienze contemporanee di punta come Milano o Venezia, ma trova spiegazione nel profondo radicamento di questa bottega nel proprio territorio: gli sforzi economici della committenza non sono compensati dall\u2019originalit\u00e0 creativa, bens\u00ec dalla qualit\u00e0 dei materiali impiegati, dall\u2019affidabilit\u00e0 della perizia artigiana e dalla facilit\u00e0 di lettura del soggetto dipinto. Secondo una tipologia diffusa a questa data nell\u2019Italia del nord, il polittico si compone di tavole dipinte e sculture lignee. Proprio le sculture, insieme alla grande cornice di gusto classico rappresentano, rispetto al linguaggio tardivamente goticheggiante dei grandi santi dipinti, gli elementi stilisticamente pi\u00f9 avanzati dell\u2019opera, ma la loro autografia \u00e8 un mistero ancora tutto da chiarire e fa addirittura ipotizzare la mano di due autori diversi: se il San Giovanni Battista nervoso e scavato sembra rimandare all\u2019ambito veneto, la Santa nel registro superiore mostra affinit\u00e0 con i modi di Pietro Bussolo, scultore milanese presente tra Quattrocento e Cinquecento in territorio bergamasco e con il quale i Marinoni collaborarono in pi\u00f9 di un\u2019occasione.<\/p>\n<p>\u201cLa bottega Marinoni sorprende per la capacit\u00e0 di entrare in relazione con grandi maestri di passaggio nella Bergamasca, come Pietro Bussolo, e soprattutto per il serrato dialogo con le \u201cinvenzioni\u201d di Vincenzo Foppa, archetipo di ogni rivoluzione rinascimentale padana\u201d asserisce Chiara Paratico, curatrice della mostra. \u201cDi fronte ai pi\u00f9 illustri modelli (Foppa, Bramante, Mantegna), nessuna pretesa di originalit\u00e0 e anzi l\u2019emulazione delle medesime soluzioni iconografiche, spesso senza comprenderne a fondo la portata. Nel lento rinnovamento delle tipologie della tradizione i Marinoni rappresentano un\u2019eloquente testimonianza di un approccio alla pittura come \u201cmestiere\u201d e all\u2019opera d\u2019arte come \u201cmateria\u201d preziosa, opera corale di pi\u00f9 artigiani, mastri dell\u2019\u201carte del fare\u201d, lontani dalla pi\u00f9 moderna concezione del \u201cfare arte\u201d.<\/p>\n<p>\u201cQuesta iniziativa dedicata al Polittico di San Giovanni Battista non \u00e8 soltanto un modo per valorizzare un\u2019opera della collezione Bagatti Valsecchi \u2013 afferma Lucia Pini, conservatore del Museo \u2013 ma anche per raccontare una vicenda che sottolinea come le opere d\u2019arte allaccino legami profondi con il proprio territorio. La cultura figurativa non \u00e8 fatta soltanto di \u201cgrandi rotte\u201d, ma \u00e8 un tessuto ben pi\u00f9 ricco e capillare. E Fausto e Giuseppe Bagatti Valsecchi lo avevano capito, acquisendo quest\u2019opera di cui certo apprezzavano l\u2019aspetto polimaterico\u201d.<\/p>\n<p>L\u2019assenza di informazioni circa l\u2019acquisizione dell\u2019opera da parte di Fausto e Giuseppe Bagatti Valsecchi non aiuta a sciogliere i dubbi. Certo \u00e8 che, all\u2019interno della loro dimora milanese, divenuta oggi museo, i due fratelli riservano al polittico la scenografica collocazione sullo scalone verso via Santo Spirito, nella cui parete di fondo lo fanno addirittura murare. In linea quindi con l\u2019attenzione data dai due fratelli al polittico, la Fondazione sceglie di offrire a Milano e ai suoi visitatori una riflessione sull\u2019arte diffusa nel rinascimento nelle valli bergamasche.<\/p>\n<p>Insieme al supporto di Regione Lombardia, l\u2019esposizione si avvale del contributo progettuale dello studio Lissoni Associati.<\/p>\n<p>INFORMAZIONI Un affare di famiglia I Marinoni e il Polittico di San Giovanni Battista 16 giugno \u2013 2 ottobre 2016 Museo Bagatti Valsecchi, Milano Museo Bagatti Valsecchi Via Ges\u00f9 5 &#8211; 20121 Milano T. 02 76006132 info@museobagattivalsecchi.org www.museobagattivalsecchi.org<\/p>\n<p>Orari mostra e museo: Luned\u00ec chiuso Marted\u00ec \u2013 domenica 13:00 &#8211; 17.45 Ultimo accesso 30 minuti prima della chiusura Giorni di chiusura: tutti i luned\u00ec, 15 agosto Per le aperture straordinarie consultare il sito<\/p>\n<p>TARIFFE MUSEO \u2022 biglietto intero \u20ac 9,00 \u2022 biglietto ridotto \u20ac 6,00 \u2022 biglietto ragazzi (6-18 anni) \u20ac 2,00 \u2022 biglietto gratuito<\/p>\n","protected":false},"excerpt":{"rendered":"<p>Con il mese di settembre il Museo Bagatti Valsecchi torna visitabile oltre i consueti orari d\u2019apertura. Tutti i gioved\u00ec, a partire dall\u20198 settembre, le sale della casa museo saranno visitabili fino alle 20.30 e alle 19 sar\u00e0 possibile partecipare alle visite guidate gratuite incluse nel biglietto (su prenotazione)\u00a0Con l\u2019occasione \u00e8 possibile visitare, oltre al museo, &hellip; <a href=\"https:\/\/www.gdapress.it\/it\/index.php\/59408\/arte\/museo-bagatti-valsecchi-visite-guidate-gratuite-aperture-straordinarie.html\" class=\"more-link\">Read more <span class=\"screen-reader-text\">Museo Bagatti Valsecchi  visite guidate gratuite e aperture straordinarie<\/span><\/a><\/p>\n","protected":false},"author":3,"featured_media":59409,"comment_status":"closed","ping_status":"open","sticky":false,"template":"","format":"standard","meta":{"footnotes":""},"categories":[4],"tags":[8280],"class_list":["post-59408","post","type-post","status-publish","format-standard","has-post-thumbnail","hentry","category-arte","tag-museo-bagatti-valsecchi"],"_links":{"self":[{"href":"https:\/\/www.gdapress.it\/it\/index.php\/wp-json\/wp\/v2\/posts\/59408","targetHints":{"allow":["GET"]}}],"collection":[{"href":"https:\/\/www.gdapress.it\/it\/index.php\/wp-json\/wp\/v2\/posts"}],"about":[{"href":"https:\/\/www.gdapress.it\/it\/index.php\/wp-json\/wp\/v2\/types\/post"}],"author":[{"embeddable":true,"href":"https:\/\/www.gdapress.it\/it\/index.php\/wp-json\/wp\/v2\/users\/3"}],"replies":[{"embeddable":true,"href":"https:\/\/www.gdapress.it\/it\/index.php\/wp-json\/wp\/v2\/comments?post=59408"}],"version-history":[{"count":1,"href":"https:\/\/www.gdapress.it\/it\/index.php\/wp-json\/wp\/v2\/posts\/59408\/revisions"}],"predecessor-version":[{"id":59410,"href":"https:\/\/www.gdapress.it\/it\/index.php\/wp-json\/wp\/v2\/posts\/59408\/revisions\/59410"}],"wp:featuredmedia":[{"embeddable":true,"href":"https:\/\/www.gdapress.it\/it\/index.php\/wp-json\/wp\/v2\/media\/59409"}],"wp:attachment":[{"href":"https:\/\/www.gdapress.it\/it\/index.php\/wp-json\/wp\/v2\/media?parent=59408"}],"wp:term":[{"taxonomy":"category","embeddable":true,"href":"https:\/\/www.gdapress.it\/it\/index.php\/wp-json\/wp\/v2\/categories?post=59408"},{"taxonomy":"post_tag","embeddable":true,"href":"https:\/\/www.gdapress.it\/it\/index.php\/wp-json\/wp\/v2\/tags?post=59408"}],"curies":[{"name":"wp","href":"https:\/\/api.w.org\/{rel}","templated":true}]}}