
{"id":59098,"date":"2016-06-21T23:50:53","date_gmt":"2016-06-21T21:50:53","guid":{"rendered":"http:\/\/www.gdapress.it\/it\/?p=59098"},"modified":"2016-07-21T23:52:38","modified_gmt":"2016-07-21T21:52:38","slug":"fondotinta-estate-basta-scegliere-quello-giusto","status":"publish","type":"post","link":"https:\/\/www.gdapress.it\/it\/index.php\/59098\/benessere\/fondotinta-estate-basta-scegliere-quello-giusto.html","title":{"rendered":"FONDOTINTA IN ESTATE? BASTA SCEGLIERE QUELLO GIUSTO!"},"content":{"rendered":"<p><img loading=\"lazy\" decoding=\"async\" class=\"alignnone size-medium wp-image-59099\" src=\"http:\/\/www.gdapress.it\/it\/..\/public\/it\/2016\/07\/EM0003b-copia-300x300.jpg\" alt=\"EM0003b copia\" width=\"300\" height=\"300\" srcset=\"https:\/\/www.gdapress.it\/it\/..\/public\/it\/2016\/07\/EM0003b-copia-300x300.jpg 300w, https:\/\/www.gdapress.it\/it\/..\/public\/it\/2016\/07\/EM0003b-copia-150x150.jpg 150w, https:\/\/www.gdapress.it\/it\/..\/public\/it\/2016\/07\/EM0003b-copia-768x768.jpg 768w, https:\/\/www.gdapress.it\/it\/..\/public\/it\/2016\/07\/EM0003b-copia-400x400.jpg 400w, https:\/\/www.gdapress.it\/it\/..\/public\/it\/2016\/07\/EM0003b-copia.jpg 900w\" sizes=\"auto, (max-width: 300px) 100vw, 300px\" \/><\/p>\n<p>In estate il caldo e il sole sono i graditi e ingombranti protagonisti delle nostre giornate. Il nostro beauty cambia e diventa cos\u00ec pi\u00f9 essenziale e spesso finiamo con il rinunciare ad alcuni dei nostri prodotti preferiti, come i fondi ad esempio, per paura di soffocare la pelle. Il segreto per un beauty case \u2018zero rinunce\u2019? Scegliere il prodotto giusto per le esigenze della nostra pelle!<\/p>\n<p>Emani e la sua linea di fondi multifunzionali sono studiati per soddisfare gli skintype pi\u00f9 diversi e pi\u00f9 sensibili, senza rinunciare mai a confort e prestazioni professionali, anche in estate.<\/p>\n<table width=\"100%\">\n<tbody>\n<tr>\n<td width=\"100%\">\n<table width=\"100%\">\n<tbody>\n<tr>\n<td width=\"100%\">\n<table width=\"100%\">\n<tbody>\n<tr>\n<td>\n<table width=\"100%\">\n<tbody>\n<tr>\n<td>\n<table width=\"100%\">\n<tbody>\n<tr>\n<td><strong><em>Fondo cremoso\u00a0Deluxe Cream Foundation<\/em><\/strong><\/p>\n<p><strong>Perfettamente opacizzante<\/strong><\/p>\n<p>Lenitivo, rimpolpante, restitutivo, illuminante, super coprente e comunque leggerissimo! Le caratteristiche dell\u2019innovativo fondo cremoso sono davvero tante e tutte speciali. Studiato per regalare alla pelle un aspetto visibilmente pi\u00f9 giovane e combattere attivamente i segni del tempo, questo fondo attenua le rughe e minimizza le imperfezioni. A base di torba, oro e peptidi, la formulazione del Fondo Deluxe ha una potente azione anti-et\u00e0.<\/p>\n<p><strong>\u00c8 disponibile in 5 tonalit\u00e0<\/strong><\/p>\n<p><strong><em>Fondo compatto\u00a0Flawless Matte Pressed Foundation<\/em><\/strong><\/p>\n<p><strong>Perfettamente opacizzante<\/strong><\/p>\n<p>La soluzione ideale per minimizzare ogni lucidit\u00e0 e uniformare anche gli incarnati che presentano discromie marcate. La copertura \u00e8 media e la formulazione \u00e8 pensata per pelli normali, miste o impure. Questo fondo purifica la pelle grazie all\u2019estratto di caprifoglio e migliora la microcircolazione cutanea grazie al rosmarino officinale.<\/p>\n<p><strong>\u00c8 disponibile in 10 tonalit\u00e0<\/strong><\/p>\n<p><strong><em>Fondo liquido idratante<\/em><\/strong><br \/>\n<strong><em>Hydrawear 12H<\/em><\/strong><\/p>\n<p><strong>Effetto BB Cream, pre-post tanning<\/strong><\/p>\n<p>Perfetto per le pelli normali e secche, questo fondo liquido effetto BB Cream regala una copertura leggera\/media per tutto il giorno, reidrata la pelle e lenisce le irritazioni anche dopo l\u2019esposizione al sole, garantendole un effetto fresco e naturale. Incarnato sano, pori minimizzati, rughe levigate e viso illuminato.<\/p>\n<p><strong>\u00c8 disponibile in 10 tonalit\u00e0<\/strong><\/p>\n<p>&nbsp;<\/p>\n<p>&nbsp;<\/td>\n<\/tr>\n<\/tbody>\n<\/table>\n<\/td>\n<\/tr>\n<\/tbody>\n<\/table>\n<\/td>\n<\/tr>\n<\/tbody>\n<\/table>\n<\/td>\n<\/tr>\n<\/tbody>\n<\/table>\n<\/td>\n<\/tr>\n<\/tbody>\n<\/table>\n","protected":false},"excerpt":{"rendered":"<p>In estate il caldo e il sole sono i graditi e ingombranti protagonisti delle nostre giornate. Il nostro beauty cambia e diventa cos\u00ec pi\u00f9 essenziale e spesso finiamo con il rinunciare ad alcuni dei nostri prodotti preferiti, come i fondi ad esempio, per paura di soffocare la pelle. Il segreto per un beauty case \u2018zero &hellip; <a href=\"https:\/\/www.gdapress.it\/it\/index.php\/59098\/benessere\/fondotinta-estate-basta-scegliere-quello-giusto.html\" class=\"more-link\">Read more <span class=\"screen-reader-text\">FONDOTINTA IN ESTATE? BASTA SCEGLIERE QUELLO GIUSTO!<\/span><\/a><\/p>\n","protected":false},"author":3,"featured_media":59099,"comment_status":"closed","ping_status":"open","sticky":false,"template":"","format":"standard","meta":{"footnotes":""},"categories":[729],"tags":[18412,2701,11998],"class_list":["post-59098","post","type-post","status-publish","format-standard","has-post-thumbnail","hentry","category-benessere","tag-emani","tag-estate","tag-fondotinta"],"_links":{"self":[{"href":"https:\/\/www.gdapress.it\/it\/index.php\/wp-json\/wp\/v2\/posts\/59098","targetHints":{"allow":["GET"]}}],"collection":[{"href":"https:\/\/www.gdapress.it\/it\/index.php\/wp-json\/wp\/v2\/posts"}],"about":[{"href":"https:\/\/www.gdapress.it\/it\/index.php\/wp-json\/wp\/v2\/types\/post"}],"author":[{"embeddable":true,"href":"https:\/\/www.gdapress.it\/it\/index.php\/wp-json\/wp\/v2\/users\/3"}],"replies":[{"embeddable":true,"href":"https:\/\/www.gdapress.it\/it\/index.php\/wp-json\/wp\/v2\/comments?post=59098"}],"version-history":[{"count":1,"href":"https:\/\/www.gdapress.it\/it\/index.php\/wp-json\/wp\/v2\/posts\/59098\/revisions"}],"predecessor-version":[{"id":59100,"href":"https:\/\/www.gdapress.it\/it\/index.php\/wp-json\/wp\/v2\/posts\/59098\/revisions\/59100"}],"wp:featuredmedia":[{"embeddable":true,"href":"https:\/\/www.gdapress.it\/it\/index.php\/wp-json\/wp\/v2\/media\/59099"}],"wp:attachment":[{"href":"https:\/\/www.gdapress.it\/it\/index.php\/wp-json\/wp\/v2\/media?parent=59098"}],"wp:term":[{"taxonomy":"category","embeddable":true,"href":"https:\/\/www.gdapress.it\/it\/index.php\/wp-json\/wp\/v2\/categories?post=59098"},{"taxonomy":"post_tag","embeddable":true,"href":"https:\/\/www.gdapress.it\/it\/index.php\/wp-json\/wp\/v2\/tags?post=59098"}],"curies":[{"name":"wp","href":"https:\/\/api.w.org\/{rel}","templated":true}]}}