
{"id":58924,"date":"2016-07-15T11:54:00","date_gmt":"2016-07-15T09:54:00","guid":{"rendered":"http:\/\/www.gdapress.it\/it\/?p=58924"},"modified":"2016-07-15T12:00:02","modified_gmt":"2016-07-15T10:00:02","slug":"cuore-del-design-nel-centro-milano-nasce-milano-durini-design","status":"publish","type":"post","link":"https:\/\/www.gdapress.it\/it\/index.php\/58924\/design\/cuore-del-design-nel-centro-milano-nasce-milano-durini-design.html","title":{"rendered":"IL CUORE DEL DESIGN NEL CENTRO DI MILANO NASCE MILANO DURINI DESIGN"},"content":{"rendered":"<p><img loading=\"lazy\" decoding=\"async\" class=\"alignnone size-large wp-image-58926\" src=\"http:\/\/www.gdapress.it\/it\/..\/public\/it\/2016\/07\/Milano-Durini-Design_3-500x375.jpg\" alt=\"Milano Durini Design\" width=\"500\" height=\"375\" srcset=\"https:\/\/www.gdapress.it\/it\/..\/public\/it\/2016\/07\/Milano-Durini-Design_3-500x375.jpg 500w, https:\/\/www.gdapress.it\/it\/..\/public\/it\/2016\/07\/Milano-Durini-Design_3-300x225.jpg 300w, https:\/\/www.gdapress.it\/it\/..\/public\/it\/2016\/07\/Milano-Durini-Design_3-768x576.jpg 768w\" sizes=\"auto, (max-width: 500px) 100vw, 500px\" \/><\/p>\n<p>B&amp;B Italia, Cassina, Interni, Luxury Living, Meritalia, Porro e Technogym \u00a0hanno presentato l\u2019<strong>Associazione Milano Durini Design<\/strong><\/p>\n<p>Banca Profilo, socio onorario dell&#8217;Associazione, ha ospitato la conferenza stampa che ha presentato alla citt\u00e0 \u00a0Milano Durini Design grazie agli interventi dell&#8217;Architetto\u00a0<b>Mario Bellini<\/b>, dell&#8217;Amministratore delegato di Banca Profilo\u00a0<b>Fabio Candel<\/b>i, dello Storico del design\u00a0<b>Enrico Morteo<\/b>, del Presidente dell&#8217;Associazione Milano Durini Design Arch.\u00a0<b>Massimo Salamone<\/b>\u00a0e dell&#8217;<b>Assessore Cristina Tajani<\/b>.<\/p>\n<p>Via Durini, per la citt\u00e0 di Milano, \u00e8 da sempre icona del design di eccellenza grazie alla presenza degli showroom\/store di alcuni tra i brand pi\u00f9 prestigiosi che hanno reso famoso a livello internazionale il saper fare italiano, identificando la stessa via e l\u2019area circostante quale punto di riferimento per chi vuole vivere un\u2019esperienza all\u2019insegna dell\u2019esclusivit\u00e0.<\/p>\n<p>L\u2019Associazione Milano Durini Design nasce dall\u2019intento comune di queste aziende, ambasciatrici del Made in Italy nel mondo, di dare vita ad un\u2019operazione sinergica per indirizzare e massimizzare in maniera organica e coesa lo sviluppo di questa importante area cittadina di cui Via Durini, in termini di rappresentativit\u00e0, ne \u00e8 la dorsale.<\/p>\n<p>La valorizzazione e riqualificazione urbana di Via Durini e della zona circostante richieder\u00e0 nuove forme di partnership pubblico-privato, di cui Milano\u00a0Durini Design si fa portatrice, finalizzate ad una pianificazione strategica delle politiche territoriali mediante il coinvolgimento di tutti i portatori d\u2019interesse che hanno aderito all\u2019iniziativa e quelli che vorranno aderirvi: preminenti brand di design, istituzioni, cittadinanza e municipalit\u00e0, mondo universitario e culturale, designer, architetti.<\/p>\n<p>L\u2019iniziativa \u00e8 stata promossa e coordinata dallo studio di architettura Studio AMS ed \u00e8 sostenuta dai soci fondatori: B&amp;B Italia, Cassina, Interni, Luxury Living, Meritalia, Porro e Technogym.<\/p>\n<p>A Milano Durini Design ha aderito anche Banca Profilo (Private &amp; Investment Banking) che ne ha condiviso da subito obiettivi e finalit\u00e0.<\/p>\n<p>Milano Durini Design \u00e8 anche un progetto di branding territoriale volto alla promozione dei tratti distintivi e dei valori che caratterizzano l\u2019area e chi vi opera: design, storia, arte, cultura, insieme a eccellenza, innovazione, imprenditorialit\u00e0 e know how progettuale che qui trovano piena espressione. Sulle quinte sceniche di palazzi d\u2019epoca, Via Durini \u00e8, infatti, un archivio storico dove ripercorrere, attraverso le vetrine che vi si affacciano, l\u2019evoluzione del design industriale con i pezzi iconici che ne scandiscono le tappe salienti per giungere ai giorni nostri. Alcuni tra gli showroom tutt\u2019oggi esistenti sono presenti nella via da quasi cinquant\u2019anni, spazi non solo deputati alla vendita, ma Luoghi che riflettono filiere produttive di alta qualit\u00e0, collaborazioni con i designer pi\u00f9 importanti e vicende stilistiche del design italiano.<\/p>\n<p>Le azioni che saranno intraprese dall\u2019Associazione verteranno alla valorizzazione territoriale, commerciale e immobiliare dell\u2019area attraverso la creazione di un forte network che condivida e metta a sistema competenze e opportunit\u00e0 per potenziare il ruolo di protagonista della Via e della zona circostante nell\u2019ambito del design attraverso un fitto programma di eventi ed iniziative collegiali, nonch\u00e9 il suo posizionamento come destinazione in citt\u00e0 per una clientela nazionale e internazionale di alto profilo<\/p>\n<p>A Milano, citt\u00e0 della moda e del design, esistono, infatti, due dorsali che rappresentano l\u2019italian style: Via Montenapoleone per la moda e Via Durini per il design. Accomunate dai valori di eccellenza ed esclusivit\u00e0, con la nascita di Milano Durini Design nasce la possibilit\u00e0 di intensificare un dialogo tra le due aree ed operare in modo sinergico per potenziare l\u2019offerta di servizi ad hoc studiati per un pubblico sempre pi\u00f9 esigente.<\/p>\n<p>Il palinsesto di progetti speciali che Milano Durini Design presenter\u00e0 nel corso dell\u2019anno far\u00e0 s\u00ec che il rifl ettore acceso sul design sia costante con il coinvolgimento della citt\u00e0 e la sperimentazione di nuove modalit\u00e0 di fruizione, grazie agli appuntamenti che saranno comunicati durante la conferenza stampa del 14 luglio.<\/p>\n<p>Parallelamente al programma di eventi, Milano Durini Design avvier\u00e0 le attivit\u00e0 di riqualificazione dell\u2019area attraverso azioni mirate al suo potenziamento urbano ed estetico che portino, nel tempo, ad una semipedonalizzazione, all\u2019implementazione delle aree verdi e dell\u2019illuminazione, oltre che sensibilizzare l\u2019amministrazione comunale nel rendere la zona pi\u00f9 elegante e rappresentativa, il tutto per una propulsione della sua brand identity.<\/p>\n","protected":false},"excerpt":{"rendered":"<p>B&amp;B Italia, Cassina, Interni, Luxury Living, Meritalia, Porro e Technogym \u00a0hanno presentato l\u2019Associazione Milano Durini Design Banca Profilo, socio onorario dell&#8217;Associazione, ha ospitato la conferenza stampa che ha presentato alla citt\u00e0 \u00a0Milano Durini Design grazie agli interventi dell&#8217;Architetto\u00a0Mario Bellini, dell&#8217;Amministratore delegato di Banca Profilo\u00a0Fabio Candeli, dello Storico del design\u00a0Enrico Morteo, del Presidente dell&#8217;Associazione Milano Durini &hellip; <a href=\"https:\/\/www.gdapress.it\/it\/index.php\/58924\/design\/cuore-del-design-nel-centro-milano-nasce-milano-durini-design.html\" class=\"more-link\">Read more <span class=\"screen-reader-text\">IL CUORE DEL DESIGN NEL CENTRO DI MILANO NASCE MILANO DURINI DESIGN<\/span><\/a><\/p>\n","protected":false},"author":3,"featured_media":58926,"comment_status":"closed","ping_status":"open","sticky":false,"template":"","format":"standard","meta":{"footnotes":""},"categories":[32],"tags":[18341,18335,18336,1407,18337,18338,18339,18340],"class_list":["post-58924","post","type-post","status-publish","format-standard","has-post-thumbnail","hentry","category-design","tag-associazione-milano-durini-design","tag-bb-italia","tag-cassina","tag-interni","tag-luxury-living","tag-meritalia","tag-porro","tag-technogym"],"_links":{"self":[{"href":"https:\/\/www.gdapress.it\/it\/index.php\/wp-json\/wp\/v2\/posts\/58924","targetHints":{"allow":["GET"]}}],"collection":[{"href":"https:\/\/www.gdapress.it\/it\/index.php\/wp-json\/wp\/v2\/posts"}],"about":[{"href":"https:\/\/www.gdapress.it\/it\/index.php\/wp-json\/wp\/v2\/types\/post"}],"author":[{"embeddable":true,"href":"https:\/\/www.gdapress.it\/it\/index.php\/wp-json\/wp\/v2\/users\/3"}],"replies":[{"embeddable":true,"href":"https:\/\/www.gdapress.it\/it\/index.php\/wp-json\/wp\/v2\/comments?post=58924"}],"version-history":[{"count":2,"href":"https:\/\/www.gdapress.it\/it\/index.php\/wp-json\/wp\/v2\/posts\/58924\/revisions"}],"predecessor-version":[{"id":58928,"href":"https:\/\/www.gdapress.it\/it\/index.php\/wp-json\/wp\/v2\/posts\/58924\/revisions\/58928"}],"wp:featuredmedia":[{"embeddable":true,"href":"https:\/\/www.gdapress.it\/it\/index.php\/wp-json\/wp\/v2\/media\/58926"}],"wp:attachment":[{"href":"https:\/\/www.gdapress.it\/it\/index.php\/wp-json\/wp\/v2\/media?parent=58924"}],"wp:term":[{"taxonomy":"category","embeddable":true,"href":"https:\/\/www.gdapress.it\/it\/index.php\/wp-json\/wp\/v2\/categories?post=58924"},{"taxonomy":"post_tag","embeddable":true,"href":"https:\/\/www.gdapress.it\/it\/index.php\/wp-json\/wp\/v2\/tags?post=58924"}],"curies":[{"name":"wp","href":"https:\/\/api.w.org\/{rel}","templated":true}]}}