
{"id":58891,"date":"2016-07-14T00:29:12","date_gmt":"2016-07-13T22:29:12","guid":{"rendered":"http:\/\/www.gdapress.it\/it\/?p=58891"},"modified":"2016-07-14T00:39:02","modified_gmt":"2016-07-13T22:39:02","slug":"pane-prevenzionericette-intelligenti-varvello-1888","status":"publish","type":"post","link":"https:\/\/www.gdapress.it\/it\/index.php\/58891\/enogastronomia\/pane-prevenzionericette-intelligenti-varvello-1888.html","title":{"rendered":"PANE E PREVENZIONE:RICETTE INTELLIGENTI VARVELLO 1888"},"content":{"rendered":"<p><img loading=\"lazy\" decoding=\"async\" class=\"alignnone size-large wp-image-58892\" src=\"http:\/\/www.gdapress.it\/it\/..\/public\/it\/2016\/07\/Foto0783-300x400.jpg\" alt=\"Foto0783\" width=\"300\" height=\"400\" srcset=\"https:\/\/www.gdapress.it\/it\/..\/public\/it\/2016\/07\/Foto0783-300x400.jpg 300w, https:\/\/www.gdapress.it\/it\/..\/public\/it\/2016\/07\/Foto0783-225x300.jpg 225w, https:\/\/www.gdapress.it\/it\/..\/public\/it\/2016\/07\/Foto0783-768x1024.jpg 768w, https:\/\/www.gdapress.it\/it\/..\/public\/it\/2016\/07\/Foto0783.jpg 1536w\" sizes=\"auto, (max-width: 300px) 100vw, 300px\" \/>\u00a0<img loading=\"lazy\" decoding=\"async\" class=\"alignnone size-large wp-image-58893\" src=\"http:\/\/www.gdapress.it\/it\/..\/public\/it\/2016\/07\/Foto0784-300x400.jpg\" alt=\"Foto0784\" width=\"300\" height=\"400\" srcset=\"https:\/\/www.gdapress.it\/it\/..\/public\/it\/2016\/07\/Foto0784-300x400.jpg 300w, https:\/\/www.gdapress.it\/it\/..\/public\/it\/2016\/07\/Foto0784-225x300.jpg 225w, https:\/\/www.gdapress.it\/it\/..\/public\/it\/2016\/07\/Foto0784-768x1024.jpg 768w, https:\/\/www.gdapress.it\/it\/..\/public\/it\/2016\/07\/Foto0784.jpg 1536w\" sizes=\"auto, (max-width: 300px) 100vw, 300px\" \/><\/p>\n<p>Con la farina ci fai il pane. Con la farina &#8220;buona&#8221; ci fai dei pani &#8220;buoni&#8221;. E poi? Puoi scegliere<\/p>\n<p>che questo pane accompagni il tuo pasto o di renderlo protagonista farcendolo con ingredienti<\/p>\n<p>equilibrati. Potremmo dunque smarcare I&#8217;idea diffusa che questo tipo di alimentazione non \u00e8 delle migliori? Varvello1888 ne \u00e8 convinta e per questo si \u00e8 data appuntamento all&#8217;Accademia<\/p>\n<p>del Panino Italiano di Milano, in compagnia della Fondazione Umberto Veronesi, che Varvello<\/p>\n<p>1888 sostiene.<\/p>\n<p>Un appuntamento istruttivo, nonch\u00e8 goloso per i tre panini presentati:<\/p>\n<p>Hamburger vegetariano<\/p>\n<p>Panino Melanzana Grill<\/p>\n<p>Panino dolce<\/p>\n<p>Tutti e tre ottimi per una sana alimentazione come confermato dal prof.Veronesi che ha invitato all&#8217;uso delle farine intere, come quelle di Varvello 1888.<\/p>\n<p><img loading=\"lazy\" decoding=\"async\" class=\"alignnone size-large wp-image-58894\" src=\"http:\/\/www.gdapress.it\/it\/..\/public\/it\/2016\/07\/Foto0785-300x400.jpg\" alt=\"Foto0785\" width=\"300\" height=\"400\" srcset=\"https:\/\/www.gdapress.it\/it\/..\/public\/it\/2016\/07\/Foto0785-300x400.jpg 300w, https:\/\/www.gdapress.it\/it\/..\/public\/it\/2016\/07\/Foto0785-225x300.jpg 225w, https:\/\/www.gdapress.it\/it\/..\/public\/it\/2016\/07\/Foto0785-768x1024.jpg 768w, https:\/\/www.gdapress.it\/it\/..\/public\/it\/2016\/07\/Foto0785.jpg 1536w\" sizes=\"auto, (max-width: 300px) 100vw, 300px\" \/>\u00a0<img loading=\"lazy\" decoding=\"async\" class=\"alignnone size-medium wp-image-58895\" src=\"http:\/\/www.gdapress.it\/it\/..\/public\/it\/2016\/07\/Foto0786-e1468448847159-300x225.jpg\" alt=\"Foto0786\" width=\"300\" height=\"225\" srcset=\"https:\/\/www.gdapress.it\/it\/..\/public\/it\/2016\/07\/Foto0786-e1468448847159-300x225.jpg 300w, https:\/\/www.gdapress.it\/it\/..\/public\/it\/2016\/07\/Foto0786-e1468448847159-768x576.jpg 768w, https:\/\/www.gdapress.it\/it\/..\/public\/it\/2016\/07\/Foto0786-e1468448847159-500x375.jpg 500w, https:\/\/www.gdapress.it\/it\/..\/public\/it\/2016\/07\/Foto0786-e1468448847159.jpg 2048w\" sizes=\"auto, (max-width: 300px) 100vw, 300px\" \/><\/p>\n<p>L&#8217;azienda ha introdotto sul mercato da qualche anno Farina Intera\u00ae (fino a poche settimane<\/p>\n<p>fa si chiamava Integralbianco) una fonte naturale di fibra solubiIe che riduce la risposta glicemica<\/p>\n<p>post-prandiale. La creazione di questa farina sana \u00e8 il risultato di un percorso innovativo durato<\/p>\n<p>una vita intera . Coinvolgendo quindi panificatori e nutrizionisti e raccogliendo una sfida non<\/p>\n<p>facilissima si possono eseguire \u00a0ricette intelligenti.<\/p>\n<p>A proposito di Farina lntera&#8221;<\/p>\n<p>Intera\u00ae \u00e8 \u00a0una farina base di tipo &#8220;0 &#8221; ideaIe per tutti gli utilizzi in cucina. La sua peculiarit\u00e0 sta nel<\/p>\n<p>fatto che questo prodotto unico nel suo genere \u00e8 fonte di fibre solubili con ridotto impatto glicemico<\/p>\n<p>e di antiossidanti. II suo consumo, abbinato a uno stile di vita sano \u00e8 adatto a contrastare e<\/p>\n<p>prevenire fenomeni di iperglicemia. II progetto Intera\u00ae ha preso forma con la collaborazione di una<\/p>\n<p>realt\u00e0 portavoce di qualit\u00e0 nel mondo cerealicolo italiano: il Molino Colombo di Paderno d&#8217;Adda in<\/p>\n<p>provincia di Lecco.<\/p>\n<p>Adottando il modello di business collaudato da Varvello 1888. basato su un<\/p>\n<p>concetto di distribuzione e partership selettivo \u00a0si \u00e8 arrivati alla creazione di un sistema di rete che<\/p>\n<p>coinvolge le eccellenze artigiane del settore della panificazione e della ristorazione offrendo loro gli<\/p>\n<p>strumenti necessari per raggiungere I&#8217;eccellenza.<\/p>\n<p>&nbsp;<\/p>\n<p>A proposito di Varvello 1888<\/p>\n<p>Vorvello 1888 \u00e8 \u00a0un&#8217;azienda di famiglia votata da sempre alla ricerca e all&#8217;innovazione. Una societ\u00e0<\/p>\n<p>con uno doppio animo artigianale e industriale, che unisce la storia ad un approccio al passo coi<\/p>\n<p>tempi. Dall&#8217;antica tradizione molitoria Varvello 1888 ha ereditato una sensibilit\u00e0 quasi istintiva per<\/p>\n<p>la qualit\u00e0 del grano e per la naturalit\u00e0 dei processi produttivi. Dallo spirito pionieristico delle<\/p>\n<p>generazioni precedenti deriva I&#8217;attitudine alla scoperta di soluzioni innovative. Varvello 1888 \u00e8<\/p>\n<p>all&#8217;avanguardia per I&#8217;eccellenzo della qualit\u00e0. per la ricerca maniacale di essa e per abitudine alla<\/p>\n<p>semplicit\u00e0 e alla \u00a0genuinit\u00e0. Utilizzando questi valori come &#8220;base di lancio&#8221;, Varvello 1888. nella sua<\/p>\n<p>pi\u00f9 recente storia aziendale ha innescato in chiave nutrizionale un forte orientamento verso<\/p>\n<p>I&#8217;innovazione di prodotto. L&#8217;azienda \u00e8 stata official sponsor del Cluster dei Tuberi e Cereali a Expo<\/p>\n<p>2 015.<\/p>\n<p>http:\/\/www.integralbianco.it\/<\/p>\n<p><a class=\"c_nobdr t_prs\" href=\"http:\/\/www.accademiapaninoitaliano.it\/\" target=\"_blank\">www.accademiapaninoitaliano.it<\/a><\/p>\n","protected":false},"excerpt":{"rendered":"<p>\u00a0 Con la farina ci fai il pane. Con la farina &#8220;buona&#8221; ci fai dei pani &#8220;buoni&#8221;. E poi? Puoi scegliere che questo pane accompagni il tuo pasto o di renderlo protagonista farcendolo con ingredienti equilibrati. Potremmo dunque smarcare I&#8217;idea diffusa che questo tipo di alimentazione non \u00e8 delle migliori? Varvello1888 ne \u00e8 convinta e &hellip; <a href=\"https:\/\/www.gdapress.it\/it\/index.php\/58891\/enogastronomia\/pane-prevenzionericette-intelligenti-varvello-1888.html\" class=\"more-link\">Read more <span class=\"screen-reader-text\">PANE E PREVENZIONE:RICETTE INTELLIGENTI VARVELLO 1888<\/span><\/a><\/p>\n","protected":false},"author":3,"featured_media":58894,"comment_status":"closed","ping_status":"open","sticky":false,"template":"","format":"standard","meta":{"footnotes":""},"categories":[20],"tags":[283,4179,18323,139],"class_list":["post-58891","post","type-post","status-publish","format-standard","has-post-thumbnail","hentry","category-enogastronomia","tag-accademia","tag-panino","tag-varvello-1888","tag-veronesi"],"_links":{"self":[{"href":"https:\/\/www.gdapress.it\/it\/index.php\/wp-json\/wp\/v2\/posts\/58891","targetHints":{"allow":["GET"]}}],"collection":[{"href":"https:\/\/www.gdapress.it\/it\/index.php\/wp-json\/wp\/v2\/posts"}],"about":[{"href":"https:\/\/www.gdapress.it\/it\/index.php\/wp-json\/wp\/v2\/types\/post"}],"author":[{"embeddable":true,"href":"https:\/\/www.gdapress.it\/it\/index.php\/wp-json\/wp\/v2\/users\/3"}],"replies":[{"embeddable":true,"href":"https:\/\/www.gdapress.it\/it\/index.php\/wp-json\/wp\/v2\/comments?post=58891"}],"version-history":[{"count":3,"href":"https:\/\/www.gdapress.it\/it\/index.php\/wp-json\/wp\/v2\/posts\/58891\/revisions"}],"predecessor-version":[{"id":58898,"href":"https:\/\/www.gdapress.it\/it\/index.php\/wp-json\/wp\/v2\/posts\/58891\/revisions\/58898"}],"wp:featuredmedia":[{"embeddable":true,"href":"https:\/\/www.gdapress.it\/it\/index.php\/wp-json\/wp\/v2\/media\/58894"}],"wp:attachment":[{"href":"https:\/\/www.gdapress.it\/it\/index.php\/wp-json\/wp\/v2\/media?parent=58891"}],"wp:term":[{"taxonomy":"category","embeddable":true,"href":"https:\/\/www.gdapress.it\/it\/index.php\/wp-json\/wp\/v2\/categories?post=58891"},{"taxonomy":"post_tag","embeddable":true,"href":"https:\/\/www.gdapress.it\/it\/index.php\/wp-json\/wp\/v2\/tags?post=58891"}],"curies":[{"name":"wp","href":"https:\/\/api.w.org\/{rel}","templated":true}]}}