
{"id":58873,"date":"2016-07-11T22:34:31","date_gmt":"2016-07-11T20:34:31","guid":{"rendered":"http:\/\/www.gdapress.it\/it\/?p=58873"},"modified":"2016-07-11T22:34:31","modified_gmt":"2016-07-11T20:34:31","slug":"palazzo-reale-apre-al-pubblico-la-mostra-la-nostra-storia-ieri-oggi-nelle-fotografie-de-lespresso","status":"publish","type":"post","link":"https:\/\/www.gdapress.it\/it\/index.php\/58873\/arte\/palazzo-reale-apre-al-pubblico-la-mostra-la-nostra-storia-ieri-oggi-nelle-fotografie-de-lespresso.html","title":{"rendered":"A PALAZZO REALE  APRE AL PUBBLICO LA MOSTRA \u201cLA NOSTRA STORIA. IERI E OGGI NELLE FOTOGRAFIE DE L\u2019ESPRESSO\u201d"},"content":{"rendered":"<p><img loading=\"lazy\" decoding=\"async\" class=\"alignnone size-large wp-image-58874\" src=\"http:\/\/www.gdapress.it\/it\/..\/public\/it\/2016\/07\/13592272_1048360948591285_5146858148142652591_n-477x400.jpg\" alt=\"13592272_1048360948591285_5146858148142652591_n\" width=\"477\" height=\"400\" srcset=\"https:\/\/www.gdapress.it\/it\/..\/public\/it\/2016\/07\/13592272_1048360948591285_5146858148142652591_n-477x400.jpg 477w, https:\/\/www.gdapress.it\/it\/..\/public\/it\/2016\/07\/13592272_1048360948591285_5146858148142652591_n-300x251.jpg 300w, https:\/\/www.gdapress.it\/it\/..\/public\/it\/2016\/07\/13592272_1048360948591285_5146858148142652591_n-768x644.jpg 768w, https:\/\/www.gdapress.it\/it\/..\/public\/it\/2016\/07\/13592272_1048360948591285_5146858148142652591_n.jpg 940w\" sizes=\"auto, (max-width: 477px) 100vw, 477px\" \/><\/p>\n<p>Fin dal suo esordio nel 1955 \u201cl\u2019Espresso\u201d scelse come segno distintivo l\u2019immagine \u2013 ingrandita, enfatizzata, esaltata, comunque d\u2019autore \u2013 quasi a voler dire: di ogni avvenimento le firme di questo settimanale vi daranno un diverso punto di vista, illumineranno un dettaglio, forniranno un\u2019interpretazione nuova. In pi\u00f9 di sessant\u2019anni di vita nell\u2019archivio de \u201cl\u2019Espresso\u201d\u00a0 \u00e8 rimasto il meglio della fotografia italiana e internazionale. Oggi una larga selezione di quelle fotografie vengono esposte al pubblico, in un percorso tematico a sottolineare momenti diversi della storia italiana.<\/p>\n<p>\u201cLa mostra dedicata ai sessant\u2019anni di vita dell\u2019Espresso rappresenta un\u2019occasione unica per celebrare una voce imprescindibile del giornalismo italiano &#8211; ha dichiarato l\u2019Assessore alla Cultura Filippo Del Corno \u2013 e illustra la capacit\u00e0 del glorioso settimanale di raccontare gli avvenimenti, le trasformazioni sociali e di costume e i protagonisti che hanno fatto la storia del nostro Paese.<\/p>\n<p>Il focus speciale della mostra di Palazzo Reale dedicato a Milano suggella, con straordinarie immagini d\u2019archivio, la vicinanza dell\u2019Espresso alla nostra citt\u00e0 e alla sua storia.\u201d<\/p>\n<p>Dagli anni del boom economico a quelli della contestazione giovanile ed operaia; dalla caduta del muro di Berlino ai muri di oggi; dai misteri agli scandali, alla grande stagione di \u201cmani pulite\u201d sino ad arrivare alle mafie di ieri e di oggi.<\/p>\n<p>Ma non solo. Le testimonianze sulle battaglie per i diritti civili e per la tutela dell\u2019ambiente: ogni fotografia \u00e8 un programma culturale e politico, a volte compiuto, sovente disatteso.<\/p>\n<p>Oggi per l\u2019esposizione a Palazzo Reale, abbiamo aggiunto una sezione dedicata interamente a Milano Capitale, un viaggio attraverso i nomi che l\u2019hanno fatta grande in una evoluzione culturale, politica, sociale ed urbanistica a partire dagli anni Cinquanta sino al successo dell\u2019Expo di Giuseppe Sala e Giuliano Pisapia.<\/p>\n<p>Saranno esposte circa 450 immagini \u2013 molte originali ed esclusive \u2013 scattate da maestri della fotografia e notissimi reporter: da Mauro Vallinotto a Gilles Caron, da Letizia Battaglia a Nick Ut; e poi Uliano Lucas, Massimo Vergari, Angelo Palma, Franco Zecchin, e le firme di vecchie agenzie scomparse come Sygma, Gamma, Grazia Neri o ancora attivissime come Magnum, Contact Press, Agence VU.<\/p>\n<p>Sar\u00e0 possibile rivedere, riemerse dagli archivi, foto storiche stampate appositamente per il settimanale, come quelle di Dana Stone, grande reporter di guerra, ucciso a 32 anni dai khmer rossi dopo aver documentato gli orrori del Vietnam e della Cambogia; \u00a0il \u201cdietro le quinte\u201d del cinema italiano degli anni Sessanta; quelle pi\u00f9 recenti scattate da Massimo Sestini nel mare di Lampedusa, da Alex Majoli subito dopo la strage del Bataclan e da Andrea Jemolo per l\u2019Expo di Milano; o ancora i grandi servizi dei giovani fotografi che oggi lavorano per \u201cl\u2019Espresso\u201d come Paolo Pellegrin, il premio Pulitzer Manu Brabo, Fabio Bucciarelli, Simone Donati, Gianni Cipriano.<\/p>\n<p>La mostra rester\u00e0 aperta al pubblico dal 12 luglio all\u201911 settembre 2016<\/p>\n<p>Ingresso gratuito<\/p>\n<p>Orari:<\/p>\n<p>luned\u00ec 14.30 &#8211; 19.30; marted\u00ec, mercoled\u00ec, venerd\u00ec e domenica 9.30 &#8211; 19.30<\/p>\n<p>gioved\u00ec e sabato 9.30 &#8211; 22.30. Ultimo ingresso un\u2019ora prima della chiusura<\/p>\n<p>Info:<\/p>\n<p><a class=\"\" href=\"http:\/\/www.palazzorealemilano.it\/\" target=\"\">http:\/\/www.palazzorealemilano.it<\/a><\/p>\n<p><a class=\"\" href=\"http:\/\/www.facebook.com\/palazzorealemilano\" target=\"\">http:\/\/www.facebook.com\/palazzorealemilano<\/a><\/p>\n","protected":false},"excerpt":{"rendered":"<p>Fin dal suo esordio nel 1955 \u201cl\u2019Espresso\u201d scelse come segno distintivo l\u2019immagine \u2013 ingrandita, enfatizzata, esaltata, comunque d\u2019autore \u2013 quasi a voler dire: di ogni avvenimento le firme di questo settimanale vi daranno un diverso punto di vista, illumineranno un dettaglio, forniranno un\u2019interpretazione nuova. In pi\u00f9 di sessant\u2019anni di vita nell\u2019archivio de \u201cl\u2019Espresso\u201d\u00a0 \u00e8 rimasto &hellip; <a href=\"https:\/\/www.gdapress.it\/it\/index.php\/58873\/arte\/palazzo-reale-apre-al-pubblico-la-mostra-la-nostra-storia-ieri-oggi-nelle-fotografie-de-lespresso.html\" class=\"more-link\">Read more <span class=\"screen-reader-text\">A PALAZZO REALE  APRE AL PUBBLICO LA MOSTRA \u201cLA NOSTRA STORIA. IERI E OGGI NELLE FOTOGRAFIE DE L\u2019ESPRESSO\u201d<\/span><\/a><\/p>\n","protected":false},"author":3,"featured_media":58874,"comment_status":"closed","ping_status":"open","sticky":false,"template":"","format":"standard","meta":{"footnotes":""},"categories":[4],"tags":[7497,18317,8018,300,140,18316],"class_list":["post-58873","post","type-post","status-publish","format-standard","has-post-thumbnail","hentry","category-arte","tag-fotografie","tag-ieri-e-oggi","tag-lespresso","tag-mostra","tag-palazzo-reale","tag-la-nostra-storia"],"_links":{"self":[{"href":"https:\/\/www.gdapress.it\/it\/index.php\/wp-json\/wp\/v2\/posts\/58873","targetHints":{"allow":["GET"]}}],"collection":[{"href":"https:\/\/www.gdapress.it\/it\/index.php\/wp-json\/wp\/v2\/posts"}],"about":[{"href":"https:\/\/www.gdapress.it\/it\/index.php\/wp-json\/wp\/v2\/types\/post"}],"author":[{"embeddable":true,"href":"https:\/\/www.gdapress.it\/it\/index.php\/wp-json\/wp\/v2\/users\/3"}],"replies":[{"embeddable":true,"href":"https:\/\/www.gdapress.it\/it\/index.php\/wp-json\/wp\/v2\/comments?post=58873"}],"version-history":[{"count":1,"href":"https:\/\/www.gdapress.it\/it\/index.php\/wp-json\/wp\/v2\/posts\/58873\/revisions"}],"predecessor-version":[{"id":58875,"href":"https:\/\/www.gdapress.it\/it\/index.php\/wp-json\/wp\/v2\/posts\/58873\/revisions\/58875"}],"wp:featuredmedia":[{"embeddable":true,"href":"https:\/\/www.gdapress.it\/it\/index.php\/wp-json\/wp\/v2\/media\/58874"}],"wp:attachment":[{"href":"https:\/\/www.gdapress.it\/it\/index.php\/wp-json\/wp\/v2\/media?parent=58873"}],"wp:term":[{"taxonomy":"category","embeddable":true,"href":"https:\/\/www.gdapress.it\/it\/index.php\/wp-json\/wp\/v2\/categories?post=58873"},{"taxonomy":"post_tag","embeddable":true,"href":"https:\/\/www.gdapress.it\/it\/index.php\/wp-json\/wp\/v2\/tags?post=58873"}],"curies":[{"name":"wp","href":"https:\/\/api.w.org\/{rel}","templated":true}]}}