
{"id":58779,"date":"2016-07-06T09:13:04","date_gmt":"2016-07-06T07:13:04","guid":{"rendered":"http:\/\/www.gdapress.it\/it\/?p=58779"},"modified":"2016-07-06T09:13:04","modified_gmt":"2016-07-06T07:13:04","slug":"2-festival-internazionale-dei-depuratori-milano","status":"publish","type":"post","link":"https:\/\/www.gdapress.it\/it\/index.php\/58779\/arte\/2-festival-internazionale-dei-depuratori-milano.html","title":{"rendered":"2\u00b0 Festival Internazionale dei Depuratori Milano"},"content":{"rendered":"<p class=\"ecxMsoNormal\"><img loading=\"lazy\" decoding=\"async\" class=\"alignnone size-medium wp-image-58780\" src=\"http:\/\/www.gdapress.it\/it\/..\/public\/it\/2016\/07\/IMG_7668-211x300.jpg\" alt=\"IMG_7668\" width=\"211\" height=\"300\" srcset=\"https:\/\/www.gdapress.it\/it\/..\/public\/it\/2016\/07\/IMG_7668-211x300.jpg 211w, https:\/\/www.gdapress.it\/it\/..\/public\/it\/2016\/07\/IMG_7668-768x1090.jpg 768w, https:\/\/www.gdapress.it\/it\/..\/public\/it\/2016\/07\/IMG_7668-282x400.jpg 282w, https:\/\/www.gdapress.it\/it\/..\/public\/it\/2016\/07\/IMG_7668.jpg 874w\" sizes=\"auto, (max-width: 211px) 100vw, 211px\" \/>\u00a0<img loading=\"lazy\" decoding=\"async\" class=\"alignnone size-medium wp-image-58781\" src=\"http:\/\/www.gdapress.it\/it\/..\/public\/it\/2016\/07\/image001-206x300.jpg\" alt=\"image001\" width=\"206\" height=\"300\" srcset=\"https:\/\/www.gdapress.it\/it\/..\/public\/it\/2016\/07\/image001-206x300.jpg 206w, https:\/\/www.gdapress.it\/it\/..\/public\/it\/2016\/07\/image001-275x400.jpg 275w, https:\/\/www.gdapress.it\/it\/..\/public\/it\/2016\/07\/image001.jpg 657w\" sizes=\"auto, (max-width: 206px) 100vw, 206px\" \/><\/p>\n<p class=\"ecxMsoNormal\">Nell&#8217;ambito della manifestazione performance di Clara Bartolini\u201cBIANCANEVE RISVEGLIATA\u201d<\/p>\n<p class=\"ecxMsoNormal\">\u00a0mercoled\u00ec 6 luglio alle ore 16\u00a0e con l\u2019installazione dell\u2019opera \u201cMEDITERRANEO\u201d<\/p>\n<p align=\"center\"><b><i>Programma 2\u00b0 Festival Internazionale dei Depuratori<\/i><\/b><\/p>\n<p><b>6 \u2013 7 \u2013\u00a08 luglio 2016<\/b><\/p>\n<p><b>Depuratore di Milano Nosedo<\/b><\/p>\n<p><b>Via San Dionigi 90, Milano<\/b><\/p>\n<p><b>Programma:<\/b><\/p>\n<p><b><u>Mercoled\u00ec\u00a0 6 luglio<\/u><\/b><\/p>\n<p><b>Ore 10.00 \u2013 DepurArt Lab Gallery<\/b>: inaugurazione del Festival alla Presenza della Autorit\u00e0 della regione Lombardia, del Sindaco e dell\u2019Assessore alla Cultura del Comune di MIlano. Saluti di\u00a0<b>Roberto Mazzini<\/b>, Presidente del Depuratore di Milano Nosedo; di\u00a0<b>Ornella Piluso<\/b>, Direttore Artistico di Arte da mangiare mangiare Arte; di\u00a0<b>Vincenzo de Vera<\/b>, Vicepresidente di Arte da mangiare mangiare Arte.<\/p>\n<p><b>Performance ore 10.30 \u2013 Sala Conferenza:<\/b><\/p>\n<p>Ingresso in sala conferenza con performance sull\u2019installazione\u00a0<i>\u201cFonte\u201d<\/i>\u00a0dell\u2019artista\u00a0<b>Beba Stoppani<\/b>.<\/p>\n<p><b>ORE\u00a010.30 \u2013 13.00\u00a0Sala Conferenza:<\/b><\/p>\n<p>Incontro:\u00a0<i>\u201cProblematiche e prospettive della depurazione nel XXI secolo\u201d.<\/i><\/p>\n<p>Fra i relatori:\u00a0<b>Mauro D\u2019Ascenzi<\/b>, Vicepresidente di Utilitalia;\u00a0<b>Viviane Iacone<\/b>, Pianificazione tutela e riqualificazione risorse idriche &#8211; Regione Lombardia;\u00a0<b>Rolando Bellini<\/b>, Teorico del Movimento Arte da mangiare mangiare Arte;\u00a0\u00a0<b>Damiano Di Simine<\/b>\u00a0di Legambiente;\u00a0<b>Roberto Mazzini<\/b>, Presidente del Depuratore di Milano Nosedo;\u00a0<b>Roberto Codazzi<\/b>, Direttore del Festival Acquedotte, con l\u2019intervento:\u00a0<i>\u201cFestival Acquedotte, quando l\u2019acqua \u00e8 spettacolo\u201d<\/i>;\u00a0<b>Gloria Mari<\/b>, membro del gruppo per la custodia del creato della C.E.I. (Conferenza Episcopale Italiana).<\/p>\n<p>Concluder\u00e0 l\u2019incontro l\u2019Arch.\u00a0<b>Luisa Bocchietto<\/b>, Past President ADI con un intervento dal titolo: \u201cForma, funzione, sostenibilit\u00e0: come cambia il design\u201d.<\/p>\n<p><b>Performance ore 13.00 \u2013 DepurArt Lab Gallery:<\/b><\/p>\n<p><i>\u201cBandiere d\u2019Artista\u201d<\/i>\u00a0performance all\u2019interno dell\u2019Installazione\u00a0<i>\u201cTriangolo ribelle con crocifissione di albero\u201d\u00a0<\/i>di\u00a0<b>Vito Giacummo<\/b>.<\/p>\n<p><b>Ore\u00a013.00 \u2013 14.30<\/b>: pranzo libero<\/p>\n<p><b>Ore\u00a014.00 \u2013 18.00\u00a0Sala Conferenza:<\/b><\/p>\n<p>Seminario\u00a0<i>\u201cProblematiche e prospettive nella depurazione delle acque reflue\u201d<\/i>\u00a0organizzato dall\u2019Ordine degli Ingegneri della Provincia di Milano e Politecnico di Milano (con crediti formativi).<\/p>\n<p>Saluti e introduzione del seminario di:<\/p>\n<p><b>Silvio Bosetti<\/b>\u00a0Presidente Fondazione Ordine degli Ingegneri di Milano;\u00a0<b>Roberto Mazzini<\/b>, Presidente MilanoDepur.<\/p>\n<p>Interventi di:<\/p>\n<p><b>Manuela Antonelli<\/b>, Prof.ssa Politecnico \u2013 DICA;\u00a0<b>Francesca Pizza,<\/b>\u00a0Depuratore di Milano Nosedo \u2013 MilanoDepur S.p.A.;\u00a0<b>Andrea Aliscioni<\/b>,\u00a0 Direttore Acque Reflue MM Spa;\u00a0<b>Andrea Lanuzza<\/b>; CAP Holding;\u00a0<b>Marcello Mazzone<\/b>, D\u00e9gremont-Suez;\u00a0<b>Ermanno Cacciari<\/b>, Consulente ambientale;\u00a0<b>Cesare Salvetat<\/b>, Comune di Milano \u2013 Settore Verde e Agricoltura.<\/p>\n<p><b>Performance ore 16.00 \u2013 Palazzina e Sala Conferenza<\/b><\/p>\n<p><i>\u201cBiancaneve risvegliata\u201d<\/i>\u00a0performance di\u00a0<b>Clara Bartolini<\/b>.<\/p>\n<p><b>Performance ore\u00a011.00 \u2013 17.00\u00a0Hangar:<\/b><\/p>\n<p><i>DepurArt in atto<\/i>: creazione di un\u2019opera d\u2019arte in divenire. Fra gli artisti internazionali presenti:\u00a0<b>Jutka Csakany<\/b>, Ungheria;\u00a0<b>Valentinaki<\/b>, Lettonia;\u00a0<b>Gothy Lopez<\/b>, El Salvador;\u00a0<b>Fatemeh mousa Vand<\/b>, Iran;\u00a0<b>Ania Demianovich<\/b>, Bielorussia.<\/p>\n<p><b>Performance ore 18.00 &#8211;\u00a0 DepurArt Lab Gallery<\/b><\/p>\n<p><i>\u201cGoccia dopo goccia\u201d<\/i>\u00a0percorso tra teatro, natura, storie ed emozioni tra le installazioni di DepurArt Lab Gallery. A cura della compagnia\u00a0<b>I Senza Rete<\/b>.<\/p>\n<p><b><u>Gioved\u00ec 7 luglio<\/u><\/b><\/p>\n<p><b>Ore 10.00 \u2013 DepurArt Lab Gallery<\/b><\/p>\n<p>Saluti di\u00a0<b>Roberto Mazzini<\/b>, Presidente del Depuratore di Milano Nosedo;\u00a0<b>Ornella Piluso<\/b>Direttore Artistico di DepurArt Lab Gallery;\u00a0 benvenuto al depuratore.<\/p>\n<p><b>Performance Ore 10.30 \u2013 DepurArt Lab Gallery \/ Palazzina<\/b><\/p>\n<p>Sfilata musicale e performativa fino alla palazzina della sala conferenza con gli artisti di\u00a0<b>Fraternit\u00e0 e Amicizia<\/b>.<\/p>\n<p><b>Meditazione dalle ore 11.00 alle ore 12.30 \u2013 DepurArt Lab Gallery<\/b><\/p>\n<p><i>\u201cYoga per tutti\u201d<\/i>\u00a0con\u00a0<b>Silvia Capiluppi<\/b>,\u00a0<b>Alessandra Bramini<\/b>\u00a0e\u00a0<b>Federica Giusti.\u00a0<\/b>Si consiglio l\u2019utilizzo di un abbigliamento comodo e di un tappetino. E\u2019 gradita la prenotazione allo:\u00a002 39843575.<\/p>\n<p><b>Ore\u00a010.40 \u2013 13.30\u00a0Sala Conferenza:<\/b><\/p>\n<p>&#8211;\u00a0\u00a0\u00a0\u00a0\u00a0\u00a0\u00a0Saluto dei Consoli presenti<\/p>\n<p>&#8211;\u00a0\u00a0\u00a0\u00a0\u00a0\u00a0\u00a0Incontro sul tema\u00a0<i>\u201cArte che sostiene la sostenibilit\u00e0: l\u2019Arte nei luoghi di lavoro\u201d,\u00a0<\/i>interventi di:<\/p>\n<p><b>Consoli partecipanti\u00a0<\/b>-adesione ai principi del progetto DepurArt<\/p>\n<p><b>Ornella Piluso<\/b><\/p>\n<p><b>Rolando Bellini<\/b>, teorico del Movimento e prof. Di Storia dell\u2019arte presso l\u2019Accademia di Brera: &#8220;Realt\u00e0 Artistiche all\u2019interno\u00a0dei luoghi di lavoro funzionanti, esperienze nazionali ed internazionali\u201d.<\/p>\n<p><b>Mario Quadraroli<\/b>, Naturarte:<b>\u00a0<\/b>\u201cGuardare l\u2019arte\u2026 cercando di innovare. L\u2019esperienza della Zucchetti Group di Lodi.\u00a0Gli artisti Angelo Frosio e Claus Joans, due generazioni che si confrontano in una realt\u00e0 aziendale che genera futuro \u201d.<\/p>\n<p><b>Gabriella Anedi<\/b>, critica e storica dell\u2019arte: &#8220;L&#8217;arte applicata alla convivenza civile&#8221;<\/p>\n<p><b>Maria Antonietta Porfirione<\/b>, Women for Art:\u00a0<i>\u201cIl Depuratore a difesa del mare\u201d.<\/i><\/p>\n<p><b>Jonathan Rodriguez,\u00a0<\/b>Artista: &#8220;Un impianto idroelettrico in Venezuela&#8221;<\/p>\n<p>Modera\u00a0<b>Milo Goj.<\/b><\/p>\n<p><b>ORE 13.00\u00a0<\/b><\/p>\n<p>Conclusioni\u00a0<b>Maria Fratelli<\/b>, Dirigente Settore Soprintendenza Castello, Musei Archeologici e Musei Storici, Servizio Case Museo e Progetti Speciali per il Comune di Milano.<\/p>\n<p>Pranzo libero in giardino<\/p>\n<p><b>Performance ore 14.00 \u2013 DepurArt Lab Gallery:<\/b><\/p>\n<p>Presentazione dell\u2019installazione degli artisti di\u00a0<b>Fraternit\u00e0 e Amicizia<\/b>.<\/p>\n<p class=\"ecxMsoNormal\">\u201cOspitato dal Movimento Arte da mangiare mangiare Arte durante il II Festival Internazionale dei Depuratori e ideato dall\u2019Arch.\u00a0<b>Giovanni De Lucchi, Silvia Capiluppi e Paola Ghinatti<\/b>, il progetto\u00a0<i>\u201cE il viaggiar mi \u00e8 caro\u2026da seduto: suggestioni\u201d<\/i>\u00a0\u00a0mira ad accompagnare gli artisti del Circolo delle Arti della cooperativa sociale ONLUS \u00a0Fraternit\u00e0 e Amicizia in un viaggio fatto di immagini ed emozioni e a portarli a scoprire la creativit\u00e0 che in loro alberga. Il risultato sono opere che illustrano come l\u2019Arte possa diventare nutrimento per il mondo dei sentimenti, affinch\u00e9 ognuno si senta parte vitale di un gruppo, di una societ\u00e0, oltre che di s\u00e9. Le opere sono realizzate attraverso il recupero di materiali di vario genere nell\u2019intenzione di vivificarli in nuove dimensioni.\u00a0 Anche se non sembra, perfino nei deserti c\u2019\u00e8 l\u2019acqua. Basta avere voglia di scavare e portarla in superficie. Allo stesso modo, l\u2019Arte si nasconde in ognuno dei ragazzi che hanno partecipato al progetto. E alla fine di questo viaggio \u00e8 venuta a galla.\u201d<\/p>\n<p class=\"ecxMsoNormal\">Il progetto \u00e8 realizzato in collaborazione con le aziende\u00a0<b>OIKOS, BLUEDESIGN, Jannelli &amp; Volpi<\/b>che hanno fornito materiali e consulenza tecnica per la realizzazione dell\u2019installazione. Si ringrazia\u00a0<b>ADspace<\/b>\u00a0per il supporto all\u2019organizzazione e alla comunicazione.<\/p>\n<p><b>Laboratorio ore 16.00 \u2013 zona Hangar<\/b><\/p>\n<p><i>\u201cDell\u2019errore e dell\u2019incidente\u201d.<\/i>\u00a0Workshop di\u00a0<b>Spazioalquadrato<\/b>\u00a0a cura di\u00a0<b>Roberto Clemente<\/b>\u00a0e\u00a0<b>Elisa Massoni.<\/b><\/p>\n<p><b>Ore 16.30 &#8211; Sala Conferenza:<\/b><\/p>\n<p>Presentazione del libro:\u00a0<i>\u201dL\u2019Oro di Milano \u2013 usi agricoli e sociali delle acque milanesi\u201d.\u00a0<\/i>La presentazione sar\u00e0 tenuta dalla Prof.ssa del Politecnico di Milano Maria Antonietta Breda e dall\u2019Ing. Maurizio Brown. A termine della presentazione sar\u00e0 possibile acquistare il libro.<\/p>\n<p><b>Performance ore 17.30 \u2013 DepurArt Lab Gallery<\/b><\/p>\n<p><i>\u201cAnima and Elegance\u201d<\/i>\u00a0performance di danza orientale di\u00a0<b>Stefania Fusion<\/b><\/p>\n<p><b>Performance ore\u00a011.00 \u2013 17.00\u00a0Hangar:<\/b><\/p>\n<p><i>DepurArt in atto<\/i>: creazione di un\u2019opera d\u2019arte in divenire. Fra gli artisti internazionali presenti:\u00a0<b>Jutka Csakany<\/b>, Ungheria;\u00a0<b>Valentinaki<\/b>, Lettonia;\u00a0<b>Gothy Lopez<\/b>, El Salvador;\u00a0<b>Fatemeh mousa Vand<\/b>, Iran;\u00a0<b>Ania Demianovich<\/b>, Bielorussia.<\/p>\n<p><b>Meditazione dalle ore 18.00 alle ore 19.30 \u2013 DepurArt Lab Gallery<\/b><\/p>\n<p><i>\u201cTO BE \u2013 TUBI\u201d<\/i>\u00a0yoga nei tubi nell\u2019installazione \u201cPin 21\u201d di\u00a0<b>Silvia Capiluppi<\/b>.<\/p>\n<p>&nbsp;<\/p>\n<p><b><u>8 luglio<\/u><\/b><\/p>\n<p>Programma per ICOM:<\/p>\n<p><b>Ore\u00a009.30 &#8211; 10.00:<\/b><\/p>\n<p>Accoglienza dei partecipanti e benvenuto<\/p>\n<p><b>Ore\u00a010.00 \u2013 10.30\u00a0Sala Conferenze:\u00a0<\/b><\/p>\n<p>Saluti di\u00a0<b>Bruno Maras\u00e0<\/b>, Direttore dell\u2019Ufficio di Informazione del Parlamento Europeo a Milano, e di alcuni Eurodeputati; di\u00a0<b>Roberto Mazzini<\/b>, Presidente del Depuratore di Milano Nosedo;\u00a0<b>Ornella Piluso<\/b>\u00a0Direttore Artistico di DepurArt Lab Gallery\u00a0 Saluti di\u00a0<b>Fabio Minoli<\/b>, Confindustria<\/p>\n<p>Proiezione di materiali audiovisivi sul Depuratore di Milano Nosedo e su DepurArt Lab Gallery.<\/p>\n<p><b>Ore\u00a010.30 \u2013 11.30\u00a0Impianto di Depurazione e DepurArt Lab Gallery:<\/b><\/p>\n<p>Escursione fra Arte, Tecnologia e Paesaggio. Gli \u201cescursionisti\u201d saranno accompagnati alla scoperta delle installazioni d\u2019arte di DepurArt Lab Gallery, prima Galleria e Laboratorio d\u2019Arte all\u2019interno di un depuratore, dell\u2019eccellenza tecnologica dell\u2019impianto di Milano Nosedo, del contesto paesaggistico in cui l\u2019impianto e la galleria d\u2019arte sono inseriti.<\/p>\n<p>Gli ospiti saranno accompagnati da\u00a0<b>Ornella Piluso<\/b>, Direttore Artistico di DepurArt Lab Gallery; dagli Artisti della DepurArt Lab Gallery; Ing.\u00a0<b>Roberto Mazzini<\/b>, Presidente dell\u2019Impianto di Milano Nosedo; Arch.\u00a0<b>Marco Prusicki<\/b>, responsabile del progetto di inserimento ambientale dell\u2019impianto di Milano Nosedo nel Parco della Vettabbia.<\/p>\n<p>Le escursioni saranno tenute in parte in lingua italiana con traduzione da interprete in inglese, ed in parte in lingua inglese.<\/p>\n<p>A seguire ristoro.<\/p>\n<p><b>Meditazione dalle ore 11.00 alle ore 12.30 \u2013 DepurArt Lab Gallery<\/b><\/p>\n<p><i>\u201cYoga per tutti\u201d<\/i>\u00a0con\u00a0<b>Silvia Capiluppi<\/b>,\u00a0<b>Alessandra Bramini<\/b>\u00a0e\u00a0<b>Federica Giusti.\u00a0<\/b>Si consiglio l\u2019utilizzo di un abbigliamento comodo e di un tappetino. E\u2019 gradita la prenotazione allo:\u00a002 39843575.<\/p>\n<p><b>Performance nel corso della mattinata, fra le installazioni<\/b>:<\/p>\n<p><i>\u201cSto, specchio infinito\u201d<\/i>\u00a0performance di\u00a0<b>Silvia Capiluppi<\/b>\u00a0presso le installazioni da le i realizzate Sri Eye\/PIN\/Specchi.<\/p>\n<p><i>\u201cIl bosco delle poesie\u201d\u00a0<\/i>\u00a0performance di\u00a0<b>Monika wolf<\/b>\u00a0e\u00a0<b>Marjorie Tomkinsdi<\/b>\u00a0presso l\u2019installazione\u00a0<i>\u201cL\u2019orto tepee\u201d\u00a0<\/i>di\u00a0<b>Monika Wolf<\/b>.<\/p>\n<p><i>\u201cHic@Nunc\u201d Parabola della Vita.\u00a0<\/i>Performance di\u00a0<b>Micaela Tornaghi<\/b>\u00a0presso la sua installazione\u00a0<i>\u201cMaternit\u00e0\u201d.<\/i><\/p>\n<p><i>\u201cAcqua piegata\u201d\u00a0<\/i>performance di\u00a0<b>Daniela Gorla<\/b>presso la sua installazione\u00a0<i>\u201cSirena di Fiume\u201d.<\/i><\/p>\n<p><b>Performance ore\u00a011.00 \u2013 15.00\u00a0Hangar:<\/b><\/p>\n<p><i>DepurArt in atto<\/i>: creazione di un\u2019opera d\u2019arte in divenire. Fra gli artisti internazionali presenti:\u00a0<b>Jutka Csakany<\/b>, Ungheria;\u00a0<b>Valentinaki<\/b>, Lettonia;\u00a0<b>Gothy Lopez<\/b>, El Salvador;\u00a0<b>Fatemeh mousa Vand<\/b>, Iran;\u00a0<b>Ania Demianovich<\/b>, Bielorussia.<i>\u00a0<\/i><\/p>\n<p align=\"center\"><b><i>LE MOSTRE D\u2019ARTE DEL\u00a0<\/i><\/b><\/p>\n<p align=\"center\"><b><i>2\u00b0 FESTIVAL INTERNAZIONALE DEI DEPURATORI<\/i><\/b><\/p>\n<p align=\"center\"><b>6 \u2013 7 \u2013\u00a08 luglio<\/b><\/p>\n<p align=\"center\"><b>Dalle ore 10.30 alle ore 19.00<\/b><\/p>\n<p align=\"center\"><b>DepurArt Lab Gallery:<\/b><\/p>\n<p><b>Grandi installazioni sul tema\u00a0<i>\u201cBellezza Etica\u201d<\/i><\/b><\/p>\n<p class=\"ecxMsoNormal\">Artisti in mostra: Isabella Angelantoni Geiger, Silvia Capiluppi, Paolo Carnevale, Giovanni De Lucchi, Li Ding, Salvatore Fiori, Luciana Gallo, Claudio Gasparini, Elmar Giacummo, Vito Giacummo, Daniela Gorla, Isa Lavi Giacconi, Anna Mainardi, Abele Malpiedi, Silvio Manzotti, Aris Marakis, Lorenzo Marini, Elisabetta Morandi, Paride Ranieri,\u00a0 Jonathan Rodriguez, Franz Stahler, Studio Pace10, Jang Sung An, Mariella Tabacco, topylabrys, Micaela Tornaghi, Monika Wolf.<\/p>\n<p class=\"ecxMsoListParagraph\">&#8211;\u00a0\u00a0\u00a0\u00a0\u00a0\u00a0\u00a0<b>Boschetto del Depuratore:<\/b><\/p>\n<p class=\"ecxMsoListParagraph\"><b>Piccole installazioni sul tema\u00a0<i>\u201cBellezza Etica\u201d<\/i><\/b><\/p>\n<p class=\"ecxMsoListParagraph\">Artisti in mostra: Antonella Besia, Franca Cantini, Fiorella Cicardi, Isa Locatelli, Carlo Malandra e Serena Rossi, Giosuina Pria, Antonella Prota Giurleo, Maria Antonietta Rossi, Eugenia Serafini, Maria Cristina Tebaldi.<\/p>\n<p class=\"ecxMsoListParagraph\">&#8211;\u00a0\u00a0\u00a0\u00a0\u00a0\u00a0\u00a0<b>Portineria:<\/b><\/p>\n<p class=\"ecxMsoListParagraph\"><b><i>\u201cH2O\u201d<\/i><\/b><\/p>\n<p class=\"ecxMsoListParagraph\">Mostra inserita all\u2019interno del circuito \u201cLe vie del Compasso d\u2019Oro\u201d \u2013 XXI Esposizione Internazionale della Triennale di Milano, a cura di ADI Lombardia.<\/p>\n<p class=\"ecxMsoListParagraph\">&#8211;\u00a0\u00a0\u00a0\u00a0\u00a0\u00a0\u00a0<b>Palazzina:<\/b><\/p>\n<p class=\"ecxMsoListParagraph\"><b><i>\u201cPugno di ferro, guanto di velluto\u201d<\/i><\/b>, mostra della scultrice salvadoregna Roxana Castro.<\/p>\n<p class=\"ecxMsoListParagraph\"><b><i>\u201cFonte\u201d,\u00a0<\/i><\/b>installazione dell\u2019artista Beba Stoppani.<\/p>\n<p class=\"ecxMsoListParagraph\"><b><i>\u201cSfere di \u201cProfumo d\u2019Artista per Depuratore\u201d<\/i><\/b>, installazione olfattiva dell\u2019artista topylabrys.<\/p>\n<p class=\"ecxMsoListParagraph\">&#8211;\u00a0\u00a0\u00a0\u00a0\u00a0\u00a0\u00a0<b>\u00a0Hangar:<\/b><\/p>\n<p class=\"ecxMsoListParagraph\"><b><i>\u201c L\u2019acqua, l\u2019Uomo e il paesaggio\u201d,\u00a0<\/i><\/b>video proiezioni e testimonianze degli artisti: Fabio Fondacci, Beba Stoppani, Studio Pace10, Roberto Villa.<\/p>\n<p class=\"ecxMsoListParagraph\"><b><i>\u201c24 ore\u201d<\/i><\/b>, installazione su progetto fotografico di Lucrezia Ponzano.<\/p>\n<p class=\"ecxMsoNormal\">\n","protected":false},"excerpt":{"rendered":"<p>\u00a0 Nell&#8217;ambito della manifestazione performance di Clara Bartolini\u201cBIANCANEVE RISVEGLIATA\u201d \u00a0mercoled\u00ec 6 luglio alle ore 16\u00a0e con l\u2019installazione dell\u2019opera \u201cMEDITERRANEO\u201d Programma 2\u00b0 Festival Internazionale dei Depuratori 6 \u2013 7 \u2013\u00a08 luglio 2016 Depuratore di Milano Nosedo Via San Dionigi 90, Milano Programma: Mercoled\u00ec\u00a0 6 luglio Ore 10.00 \u2013 DepurArt Lab Gallery: inaugurazione del Festival alla Presenza &hellip; <a href=\"https:\/\/www.gdapress.it\/it\/index.php\/58779\/arte\/2-festival-internazionale-dei-depuratori-milano.html\" class=\"more-link\">Read more <span class=\"screen-reader-text\">2\u00b0 Festival Internazionale dei Depuratori Milano<\/span><\/a><\/p>\n","protected":false},"author":3,"featured_media":58780,"comment_status":"closed","ping_status":"open","sticky":false,"template":"","format":"standard","meta":{"footnotes":""},"categories":[4],"tags":[18280,9371],"class_list":["post-58779","post","type-post","status-publish","format-standard","has-post-thumbnail","hentry","category-arte","tag-2-festival-internazionale-dei-depuratori-milano","tag-clara-bartolini"],"_links":{"self":[{"href":"https:\/\/www.gdapress.it\/it\/index.php\/wp-json\/wp\/v2\/posts\/58779","targetHints":{"allow":["GET"]}}],"collection":[{"href":"https:\/\/www.gdapress.it\/it\/index.php\/wp-json\/wp\/v2\/posts"}],"about":[{"href":"https:\/\/www.gdapress.it\/it\/index.php\/wp-json\/wp\/v2\/types\/post"}],"author":[{"embeddable":true,"href":"https:\/\/www.gdapress.it\/it\/index.php\/wp-json\/wp\/v2\/users\/3"}],"replies":[{"embeddable":true,"href":"https:\/\/www.gdapress.it\/it\/index.php\/wp-json\/wp\/v2\/comments?post=58779"}],"version-history":[{"count":1,"href":"https:\/\/www.gdapress.it\/it\/index.php\/wp-json\/wp\/v2\/posts\/58779\/revisions"}],"predecessor-version":[{"id":58782,"href":"https:\/\/www.gdapress.it\/it\/index.php\/wp-json\/wp\/v2\/posts\/58779\/revisions\/58782"}],"wp:featuredmedia":[{"embeddable":true,"href":"https:\/\/www.gdapress.it\/it\/index.php\/wp-json\/wp\/v2\/media\/58780"}],"wp:attachment":[{"href":"https:\/\/www.gdapress.it\/it\/index.php\/wp-json\/wp\/v2\/media?parent=58779"}],"wp:term":[{"taxonomy":"category","embeddable":true,"href":"https:\/\/www.gdapress.it\/it\/index.php\/wp-json\/wp\/v2\/categories?post=58779"},{"taxonomy":"post_tag","embeddable":true,"href":"https:\/\/www.gdapress.it\/it\/index.php\/wp-json\/wp\/v2\/tags?post=58779"}],"curies":[{"name":"wp","href":"https:\/\/api.w.org\/{rel}","templated":true}]}}