
{"id":58668,"date":"2016-06-24T02:02:34","date_gmt":"2016-06-24T00:02:34","guid":{"rendered":"http:\/\/www.gdapress.it\/it\/?p=58668"},"modified":"2016-07-04T02:09:39","modified_gmt":"2016-07-04T00:09:39","slug":"wallpepper-dalla-colazione-alla-cena","status":"publish","type":"post","link":"https:\/\/www.gdapress.it\/it\/index.php\/58668\/costume\/wallpepper-dalla-colazione-alla-cena.html","title":{"rendered":"Wallpepper\u00ae, dalla colazione alla cena"},"content":{"rendered":"<table width=\"100%\">\n<tbody>\n<tr>\n<td width=\"100%\"><img loading=\"lazy\" decoding=\"async\" class=\"alignnone size-medium wp-image-58669\" src=\"http:\/\/www.gdapress.it\/it\/..\/public\/it\/2016\/07\/Amb-SUNSET-ISLAND_MT-12-A-196x300.jpg\" alt=\"Amb SUNSET ISLAND_MT-12-A\" width=\"196\" height=\"300\" srcset=\"https:\/\/www.gdapress.it\/it\/..\/public\/it\/2016\/07\/Amb-SUNSET-ISLAND_MT-12-A-196x300.jpg 196w, https:\/\/www.gdapress.it\/it\/..\/public\/it\/2016\/07\/Amb-SUNSET-ISLAND_MT-12-A-768x1173.jpg 768w, https:\/\/www.gdapress.it\/it\/..\/public\/it\/2016\/07\/Amb-SUNSET-ISLAND_MT-12-A-262x400.jpg 262w, https:\/\/www.gdapress.it\/it\/..\/public\/it\/2016\/07\/Amb-SUNSET-ISLAND_MT-12-A.jpg 900w\" sizes=\"auto, (max-width: 196px) 100vw, 196px\" \/>\u00a0<img loading=\"lazy\" decoding=\"async\" class=\"alignnone size-medium wp-image-58670\" src=\"http:\/\/www.gdapress.it\/it\/..\/public\/it\/2016\/07\/f8a1e21f7bef44169c7c8957de5ad73d-209x300.jpg\" alt=\"f8a1e21f7bef44169c7c8957de5ad73d\" width=\"209\" height=\"300\" srcset=\"https:\/\/www.gdapress.it\/it\/..\/public\/it\/2016\/07\/f8a1e21f7bef44169c7c8957de5ad73d-209x300.jpg 209w, https:\/\/www.gdapress.it\/it\/..\/public\/it\/2016\/07\/f8a1e21f7bef44169c7c8957de5ad73d-279x400.jpg 279w, https:\/\/www.gdapress.it\/it\/..\/public\/it\/2016\/07\/f8a1e21f7bef44169c7c8957de5ad73d.jpg 557w\" sizes=\"auto, (max-width: 209px) 100vw, 209px\" \/><\/p>\n<table style=\"height: 5px;\" width=\"733\">\n<tbody>\n<tr>\n<td width=\"100%\">\n<table style=\"height: 13px;\" width=\"659\">\n<tbody>\n<tr>\n<td><\/td>\n<\/tr>\n<\/tbody>\n<\/table>\n<\/td>\n<\/tr>\n<\/tbody>\n<\/table>\n<\/td>\n<\/tr>\n<\/tbody>\n<\/table>\n<p><img loading=\"lazy\" decoding=\"async\" class=\"alignnone size-medium wp-image-58671\" src=\"http:\/\/www.gdapress.it\/it\/..\/public\/it\/2016\/07\/63_p2_bodega_navarra_t3100559.jpg_369272544-300x122.jpg\" alt=\"63_p2_bodega_navarra_t3100559.jpg_369272544\" width=\"300\" height=\"122\" srcset=\"https:\/\/www.gdapress.it\/it\/..\/public\/it\/2016\/07\/63_p2_bodega_navarra_t3100559.jpg_369272544-300x122.jpg 300w, https:\/\/www.gdapress.it\/it\/..\/public\/it\/2016\/07\/63_p2_bodega_navarra_t3100559.jpg_369272544-500x204.jpg 500w, https:\/\/www.gdapress.it\/it\/..\/public\/it\/2016\/07\/63_p2_bodega_navarra_t3100559.jpg_369272544.jpg 550w\" sizes=\"auto, (max-width: 300px) 100vw, 300px\" \/><\/p>\n<table width=\"100%\">\n<tbody>\n<tr>\n<td width=\"100%\">\n<table width=\"100%\">\n<tbody>\n<tr>\n<td width=\"100%\">\n<table width=\"100%\">\n<tbody>\n<tr>\n<td>\n<table width=\"100%\">\n<tbody>\n<tr>\n<td>\n<table width=\"100%\">\n<tbody>\n<tr>\n<td>Per alcuni deve essere uno spazio dal sapore tradizionale, per altri l\u2019elogio della tecnologia, un palcoscenico vivace dove esercitare la propria creativit\u00e0 o, ancora, un microcosmo dalle suggestioni etniche che faccia sentire veri e propri cosmopoliti. La cucina non \u00e8 solo il cuore della casa ma anche l\u2019ambito in cui ciascuno riversa le pi\u00f9 grandi aspettative. Deve essere funzionale, conviviale, emotiva; un luogo dove stare soli, in compagnia, dove rilassarsi o muoversi freneticamente nei preparativi di un pranzo o di una cena. Accompagna la giornata sin dal primo mattino ed \u00e8 per questo che va costruita su misura, sia dal punto di vista delle attrezzature che dell\u2019atmosfera, suscitata dall\u2019insieme di colori, arredo, ricordi e piccoli dettagli.<\/p>\n<p>Tutto, infatti, deve parlare di chi la vive: barattoli di pasta sulle mensole, calamite provenienti dagli innumerevoli viaggi attaccate al frigo, lavagnette per segnare la lista della spesa o per lasciare messaggi affettuosi prima di uscire di casa, ma anche foto, quadretti o le stesse tonalit\u00e0 e decori che avvolgono questo tempio di intimit\u00e0 domestica.<\/p>\n<p>L\u2019accoglienza della cucina nasce anche dalle pareti ed \u00e8 per questo che le grafiche di Wallpepper\u00ae sono sviluppate con l\u2019obiettivo di arricchire questa stanza unica, rendendola affine alla sensibilit\u00e0 dei suoi abitanti.<\/td>\n<\/tr>\n<\/tbody>\n<\/table>\n<\/td>\n<\/tr>\n<\/tbody>\n<\/table>\n<\/td>\n<\/tr>\n<\/tbody>\n<\/table>\n<\/td>\n<\/tr>\n<\/tbody>\n<\/table>\n<\/td>\n<\/tr>\n<\/tbody>\n<\/table>\n<p>&nbsp;<\/p>\n<table width=\"100%\">\n<tbody>\n<tr>\n<td width=\"100%\">\n<table width=\"100%\">\n<tbody>\n<tr>\n<td width=\"100%\">\n<table width=\"100%\">\n<tbody>\n<tr>\n<td>\n<table width=\"100%\">\n<tbody>\n<tr>\n<td>\n<table width=\"100%\">\n<tbody>\n<tr>\n<td>La collezione Mediterraneo, parte del catalogo Wallpepper\u00ae Trend-Line, interpreta con allegria i motivi tipici della nostra cultura: piatti in maiolica colorata creano una texture pittoresca nel soggetto \u201cCasablanca\u201d, mentre le popolarissime azulejas sono l\u2019ispirazione per \u201cGranada\u201d, un caleidoscopio di tratti e disegni rigorosamente nella tonalit\u00e0 del bianco e del blu. \u201cMilano\u201d ricorda invece il gioco di piastrelle esagonali cos\u00ec diffuse negli anni \u201970, proposte nelle sfumature del grigio e beige per regalare alla cucina un\u2019atmosfera retr\u00f2.<\/p>\n<p>Le suggestioni della natura ritornano invece nelle collezioni Tropical Attitude e Naturalis: le pareti diventano ora una pioggia di frutta tropicale coloratissima, ora un terreno da cui nascono rigogliosi cactus o piante di fichi, succulenti ingredienti della nostra tavola.<\/p>\n<p>Nel soggetto \u201cCaf\u00e8\u201d della linea Retr\u00f2, invece, le caffettiere di un tempo parlano del rito preferito di quando si \u00e8 appena svegli, nonch\u00e9 della bevanda italiana pi\u00f9 conosciuta al mondo.<\/p>\n<p>Con Wallpepper\u00ae la cucina \u00e8 personalizzata, \u00e8 improntata ai nostri sogni, al nostro viverla quotidianamente; ma non solo perch\u00e9 la carta da parati ha un valore prestazionale, in quanto \u00e8 certificata per la resistenza al fuoco in Classe 1, inodore, traspirante, anallergica e idrorepellente.<\/td>\n<\/tr>\n<\/tbody>\n<\/table>\n<\/td>\n<\/tr>\n<\/tbody>\n<\/table>\n<\/td>\n<\/tr>\n<\/tbody>\n<\/table>\n<\/td>\n<\/tr>\n<\/tbody>\n<\/table>\n<\/td>\n<\/tr>\n<\/tbody>\n<\/table>\n<p>&nbsp;<\/p>\n<p>&nbsp;<\/p>\n","protected":false},"excerpt":{"rendered":"<p>\u00a0 Per alcuni deve essere uno spazio dal sapore tradizionale, per altri l\u2019elogio della tecnologia, un palcoscenico vivace dove esercitare la propria creativit\u00e0 o, ancora, un microcosmo dalle suggestioni etniche che faccia sentire veri e propri cosmopoliti. La cucina non \u00e8 solo il cuore della casa ma anche l\u2019ambito in cui ciascuno riversa le pi\u00f9 &hellip; <a href=\"https:\/\/www.gdapress.it\/it\/index.php\/58668\/costume\/wallpepper-dalla-colazione-alla-cena.html\" class=\"more-link\">Read more <span class=\"screen-reader-text\">Wallpepper\u00ae, dalla colazione alla cena<\/span><\/a><\/p>\n","protected":false},"author":3,"featured_media":58669,"comment_status":"closed","ping_status":"open","sticky":false,"template":"","format":"standard","meta":{"footnotes":""},"categories":[2244],"tags":[61,725,18233],"class_list":["post-58668","post","type-post","status-publish","format-standard","has-post-thumbnail","hentry","category-costume","tag-cena","tag-colazione","tag-wallpepper"],"_links":{"self":[{"href":"https:\/\/www.gdapress.it\/it\/index.php\/wp-json\/wp\/v2\/posts\/58668","targetHints":{"allow":["GET"]}}],"collection":[{"href":"https:\/\/www.gdapress.it\/it\/index.php\/wp-json\/wp\/v2\/posts"}],"about":[{"href":"https:\/\/www.gdapress.it\/it\/index.php\/wp-json\/wp\/v2\/types\/post"}],"author":[{"embeddable":true,"href":"https:\/\/www.gdapress.it\/it\/index.php\/wp-json\/wp\/v2\/users\/3"}],"replies":[{"embeddable":true,"href":"https:\/\/www.gdapress.it\/it\/index.php\/wp-json\/wp\/v2\/comments?post=58668"}],"version-history":[{"count":1,"href":"https:\/\/www.gdapress.it\/it\/index.php\/wp-json\/wp\/v2\/posts\/58668\/revisions"}],"predecessor-version":[{"id":58672,"href":"https:\/\/www.gdapress.it\/it\/index.php\/wp-json\/wp\/v2\/posts\/58668\/revisions\/58672"}],"wp:featuredmedia":[{"embeddable":true,"href":"https:\/\/www.gdapress.it\/it\/index.php\/wp-json\/wp\/v2\/media\/58669"}],"wp:attachment":[{"href":"https:\/\/www.gdapress.it\/it\/index.php\/wp-json\/wp\/v2\/media?parent=58668"}],"wp:term":[{"taxonomy":"category","embeddable":true,"href":"https:\/\/www.gdapress.it\/it\/index.php\/wp-json\/wp\/v2\/categories?post=58668"},{"taxonomy":"post_tag","embeddable":true,"href":"https:\/\/www.gdapress.it\/it\/index.php\/wp-json\/wp\/v2\/tags?post=58668"}],"curies":[{"name":"wp","href":"https:\/\/api.w.org\/{rel}","templated":true}]}}