
{"id":58621,"date":"2016-07-02T09:30:22","date_gmt":"2016-07-02T07:30:22","guid":{"rendered":"http:\/\/www.gdapress.it\/it\/?p=58621"},"modified":"2016-07-02T09:30:22","modified_gmt":"2016-07-02T07:30:22","slug":"edolo-contexto-2016","status":"publish","type":"post","link":"https:\/\/www.gdapress.it\/it\/index.php\/58621\/arte\/edolo-contexto-2016.html","title":{"rendered":"Edolo contexto 2016"},"content":{"rendered":"<p><img loading=\"lazy\" decoding=\"async\" class=\"alignnone size-medium wp-image-58622\" src=\"http:\/\/www.gdapress.it\/it\/..\/public\/it\/2016\/07\/Contexto-Davide-Rivalta-Ghepardi-2015-bronzo-300x200.jpeg\" alt=\"Contexto - Davide Rivalta, Ghepardi, 2015 - bronzo\" width=\"300\" height=\"200\" srcset=\"https:\/\/www.gdapress.it\/it\/..\/public\/it\/2016\/07\/Contexto-Davide-Rivalta-Ghepardi-2015-bronzo-300x200.jpeg 300w, https:\/\/www.gdapress.it\/it\/..\/public\/it\/2016\/07\/Contexto-Davide-Rivalta-Ghepardi-2015-bronzo-768x512.jpeg 768w, https:\/\/www.gdapress.it\/it\/..\/public\/it\/2016\/07\/Contexto-Davide-Rivalta-Ghepardi-2015-bronzo-500x334.jpeg 500w, https:\/\/www.gdapress.it\/it\/..\/public\/it\/2016\/07\/Contexto-Davide-Rivalta-Ghepardi-2015-bronzo-720x480.jpeg 720w, https:\/\/www.gdapress.it\/it\/..\/public\/it\/2016\/07\/Contexto-Davide-Rivalta-Ghepardi-2015-bronzo-272x182.jpeg 272w, https:\/\/www.gdapress.it\/it\/..\/public\/it\/2016\/07\/Contexto-Davide-Rivalta-Ghepardi-2015-bronzo.jpeg 1280w\" sizes=\"auto, (max-width: 300px) 100vw, 300px\" \/><\/p>\n<p><strong>In ogni angolo un artista.<\/strong><\/p>\n<p><strong>Cos\u00ec si accende l\u2019estate di Edolo<\/strong><\/p>\n<p><strong>contexto 2016 <\/strong><\/p>\n<p><strong>2 luglio \u2013 8 settembre<\/strong><\/p>\n<p><strong>A Edolo<\/strong><strong>\u00a0 la 2\u00aa edizione della mostra di arte contemporanea diffusa nel centro del paese. <\/strong><\/p>\n<p><strong>28 gli artisti selezionati da Casa Testori che ne cura la regia. <\/strong><\/p>\n<p><strong>Installazioni, residenze, incontri con i protagonisti e visite guidate anche di notte per oltre due mesi di eventi nel cuore della nota localit\u00e0 turistica della Val Camonica<\/strong><\/p>\n<p>Dopo il grande successo della scorsa estate, Edolo presenta <strong>Contexto 2016<\/strong>,<strong> mostra di arte contemporanea diffusa nel centro del paese<\/strong> con un\u2019edizione ricca di novit\u00e0 e una rosa di nomi di artisti tutta nuova che non mancher\u00e0 di stupire e coinvolgere il pubblico.\u00a0 Obiettivo: superare il successo di pubblico del 2015 quando la cittadina camuna fu invasa da artisti, curatori, critici, appassionati d\u2019arte che hanno affascinato e coinvolto un pubblico italiano e internazionale trasversale tra cui numerosissimi giovani, famiglie. <strong>28 gli artisti selezionati<\/strong>, protagonisti di altrettante installazioni e residenze che contaminano il paese dando vita a <strong>un percorso singolare<\/strong>: la loro arte entra prepotentemente in piazze, vicoli, cortili ma anche in negozi in disuso, antiche residenze abbandonate, pareti di case private, finestre che diventano cornici per opere murali. Cos\u00ec <strong>l\u2019arte diffusa accende Edolo all\u2019interno di un calendario di eventi dedicati all\u2019arte contemporanea<\/strong> che prevede anche incontri con gli stessi artisti e visite guidate lungo il percorso anche di notte.<\/p>\n<p><strong>Promossa e organizzata dal Comune di Edolo <\/strong>che si \u00e8 avvalsa della sapiente regia di<strong> Casa Testori, da sempre fucina straordinaria di nuovi talenti artistici<\/strong>, la nuova edizione di Contexto prender\u00e0 il via il <strong>2 luglio per concludersi l\u20198 settembre, <\/strong>un arco temporale che quest\u2019anno abbraccer\u00e0 <strong>tutta la stagione<\/strong> turistica. La <strong>grande mostra di arte contemporanea diffusa<\/strong> si snoder\u00e0 per le vie e le piazze della cittadina, invadendo spazi aperti e chiusi, pubblici e privati, compresi <strong>luoghi solitamente non accessibili<\/strong>. Un <em>parterre<\/em> particolarmente ricco di <strong>artisti <\/strong>italiani e stranieri \u2013 tra cui molti bresciani e lombardi &#8211; insieme ad alcuni <strong>emergenti<\/strong>, esporr\u00e0 le proprie sculture, installazioni, fotografie e video ispirati al contesto edolese per valorizzare e <strong>reinterpretare i luoghi caratteristici<\/strong> della cittadina, seguendo il filo conduttore della contaminazione dei generi. Opere che in alcuni casi rimarranno stabilmente nella localit\u00e0 camuna. Si tratta di un\u2019occasione unica per i <strong>turisti,<\/strong> che potranno <strong>conoscere Edolo sotto una luce nuova e diversa<\/strong>, ma anche per gli stessi <strong>abitanti<\/strong>, che avranno l\u2019opportunit\u00e0 di scoprire angoli mai osservati da vicino o <strong>riscoprire luoghi legati alla memoria<\/strong> storica o personale.<\/p>\n<p>Il percorso parte dal centro di Edolo con un omaggio a Giovanni Testori, che sar\u00e0 evocato nella prima stazione di Contexto nel Palazzo del Comune, oltre che dai lavori realizzati per l\u2019occasione da Mauro Maffezzioni, d\u2019apr\u00e9s degli affreschi romaniniani, per poi snodarsi per le vie del paese attraverso le opere dei 28 artisti: Adriana Albertini, Davide Baroggi, Andrea Bianconi, Paolo Brambilla, Andrea Bruschi, Monica Carrera, Emma Ciceri, Massimo Dalla Pola, Francesca Damiano, Emanuele Dottori, Francesco Fossati, Andrea Fiorino, Riccardo Gavazzi, Dario Goldaniga, Julia Krahn, Marina Lorusso, Mauro Maffezzoni, Matteo Maino, Fulvia Mendini, Piero 1\/2Botta, Matteo Negri, Luca Petti, Domenico Pievani, Michela Pomaro, Davide Rivalta, Anna Turina, Aleksander Veliscek, Giulio Zanet<\/p>\n<p>\u201cAbbiamo deciso di raddoppiare la durata di Contexto per arricchire la proposta culturale e turistica del nostro territorio in un\u2019epoca in cui il viaggiatore \u00e8 diventato pi\u00f9 esigente e non si accontenta pi\u00f9 soltanto delle bellezze naturali offerte dalla destinazione prescelta \u2013 dichiara il <strong>Sindaco Luca Masneri. <\/strong>Questa iniziativa \u00e8 il fondamentale tassello che, nel corso delle edizioni, consentir\u00e0 a Edolo di crescere, distinguersi e affermarsi a livello internazionale come qualificata e apprezzata localit\u00e0 turistica, artistica e culturale\u201d.<\/p>\n<p>\u201cVinta la scommessa della 1\u00aa edizione con un ritorno di immagine straordinario, quest\u2019anno abbiamo potuto arricchire ulteriormente l\u2019offerta di arte e cultura, esplorando nuovi linguaggi del contemporaneo \u2013 conferma l\u2019<strong>assessore al Turismo e Marketing territoriale<\/strong>, <strong>Ilenia Setola<\/strong>. \u2013 Puntiamo a trasformare questa grande iniziativa legata all\u2019estate in un patrimonio consolidato che perdura nel tempo, in grado di oltrepassare i confini locali e nazionali per approdare in Europa\u201d.<\/p>\n<p>Un lunghissimo filo arancione, sospeso sul paese, traccer\u00e0 il percorso della mostra. Arancione come il colore simbolo di Contexto. Arancione come la magnifica utopia diventata realt\u00e0 di Christo sul Lago d\u2019Iseo, proprio a pochi chilometri da Edolo. Per <strong>Giuseppe Frangi <\/strong>di <strong>Casa Testori<\/strong>, \u201cl\u2019arancione \u00e8 il colore simbolo di questa vitalit\u00e0, di questa capacit\u00e0 di sorprendere, che gli artisti riverseranno per due mesi tra le strade e le case di questo magnifico paese, capaci di \u201cfare Contexto\u201d, di contaminare i luoghi, ma anche di stabilire un \u201ccon-texto\u201d. Cio\u00e8 un \u201ctesto\u201d comune tra chi crea e chi partecipa come osservatore curioso, critico, e alla fine felicemente complice di questa grande, bellissima festa dell\u2019arte tra le montagne. Perch\u00e9 Contexto vuole e deve essere una festa\u201d.<\/p>\n<p>Obiettivo: consolidare e rilanciare il proprio ruolo di protagonista dell\u2019offerta turistico-culturale la Val Camonica, capace di attrarre non pi\u00f9 solo famiglie e anziani, ma target di pubblico diversi e sempre pi\u00f9 internazionali grazie a un inedito accostamento tra lo spettacolo proposto dall\u2019arte e quello offerto da un \u201ccontesto\u201d di eccezionale forza e bellezza: le montagne e i ghiacciai, la fauna alpina, il fiume Oglio, il fascino del centro storico, l\u2019indole aperta e ospitale degli abitanti. Caratteristiche che, unite alla posizione strategica tra i passi alpini dell\u2019Aprica e del Tonale, e a una vocazione antica di crocevia tra le genti, dagli eserciti in arme al turismo moderno \u2013 fanno di Edolo il luogo ideale per l\u2019incontro delle persone, delle idee, dei linguaggi espressivi contemporanei.<\/p>\n<p>Cospicuo e variegato anche il calendario degli eventi collaterali, tutti gratuiti, che spaziano\u00a0dalla rassegna di\u00a0di musica classica, con il tradizionale appuntamento estivo di Maestro Giovane, i concerti di musica pop, jazz e blues, le conferenze e incontri dedicati allo sport, all&#8217;ambiente e agli animali senza dimenticare le iniziative per i bambini e le serate dedicate alla riscoperta dei sapori tipici della tradizione edolese. Da sottolineare l&#8217;importante appuntamento nella prima settimana di agosto, dall&#8217;1 al 6,\u00a0con il simposio di scultura lignea LIGNUM SUMMER ART abbinato al campionato mondiale di scultura in velocit\u00e0. Durante questa imponente manifestazione 30 artisti del legno (10 donne e 20 uomini), provenienti da diverse zone dell&#8217;Italia, dell&#8217;Europa e del Mondo, daranno vita al pi\u00f9 significativo e spettacolare simposio di scultura dedicato al tema del &#8220;bosco che cammina&#8221;.\u00a0A fine agosto l&#8217;importantissimo appuntamento con il Raduno dei 3 battaglioni Edolo, Tirano e Morbegno che porter\u00e0 a Edolo migliaia di alpini per tre giornate ricche di commemorazione ed eventi ispirati alla storia e alle gesta di questi tre famosi battaglioni.<\/p>\n<p>&nbsp;<\/p>\n<p>&nbsp;<\/p>\n","protected":false},"excerpt":{"rendered":"<p>In ogni angolo un artista. Cos\u00ec si accende l\u2019estate di Edolo contexto 2016 2 luglio \u2013 8 settembre A Edolo\u00a0 la 2\u00aa edizione della mostra di arte contemporanea diffusa nel centro del paese. 28 gli artisti selezionati da Casa Testori che ne cura la regia. Installazioni, residenze, incontri con i protagonisti e visite guidate anche &hellip; <a href=\"https:\/\/www.gdapress.it\/it\/index.php\/58621\/arte\/edolo-contexto-2016.html\" class=\"more-link\">Read more <span class=\"screen-reader-text\">Edolo contexto 2016<\/span><\/a><\/p>\n","protected":false},"author":3,"featured_media":58622,"comment_status":"closed","ping_status":"open","sticky":false,"template":"","format":"standard","meta":{"footnotes":""},"categories":[4],"tags":[18217,11293],"class_list":["post-58621","post","type-post","status-publish","format-standard","has-post-thumbnail","hentry","category-arte","tag-contexto-2016","tag-edolo"],"_links":{"self":[{"href":"https:\/\/www.gdapress.it\/it\/index.php\/wp-json\/wp\/v2\/posts\/58621","targetHints":{"allow":["GET"]}}],"collection":[{"href":"https:\/\/www.gdapress.it\/it\/index.php\/wp-json\/wp\/v2\/posts"}],"about":[{"href":"https:\/\/www.gdapress.it\/it\/index.php\/wp-json\/wp\/v2\/types\/post"}],"author":[{"embeddable":true,"href":"https:\/\/www.gdapress.it\/it\/index.php\/wp-json\/wp\/v2\/users\/3"}],"replies":[{"embeddable":true,"href":"https:\/\/www.gdapress.it\/it\/index.php\/wp-json\/wp\/v2\/comments?post=58621"}],"version-history":[{"count":1,"href":"https:\/\/www.gdapress.it\/it\/index.php\/wp-json\/wp\/v2\/posts\/58621\/revisions"}],"predecessor-version":[{"id":58623,"href":"https:\/\/www.gdapress.it\/it\/index.php\/wp-json\/wp\/v2\/posts\/58621\/revisions\/58623"}],"wp:featuredmedia":[{"embeddable":true,"href":"https:\/\/www.gdapress.it\/it\/index.php\/wp-json\/wp\/v2\/media\/58622"}],"wp:attachment":[{"href":"https:\/\/www.gdapress.it\/it\/index.php\/wp-json\/wp\/v2\/media?parent=58621"}],"wp:term":[{"taxonomy":"category","embeddable":true,"href":"https:\/\/www.gdapress.it\/it\/index.php\/wp-json\/wp\/v2\/categories?post=58621"},{"taxonomy":"post_tag","embeddable":true,"href":"https:\/\/www.gdapress.it\/it\/index.php\/wp-json\/wp\/v2\/tags?post=58621"}],"curies":[{"name":"wp","href":"https:\/\/api.w.org\/{rel}","templated":true}]}}