
{"id":58407,"date":"2016-06-24T20:50:55","date_gmt":"2016-06-24T18:50:55","guid":{"rendered":"http:\/\/www.gdapress.it\/it\/?p=58407"},"modified":"2016-06-24T20:58:20","modified_gmt":"2016-06-24T18:58:20","slug":"la-montina-franciacorta-soli-20-minuti-the-floating-piers","status":"publish","type":"post","link":"https:\/\/www.gdapress.it\/it\/index.php\/58407\/enogastronomia\/la-montina-franciacorta-soli-20-minuti-the-floating-piers.html","title":{"rendered":"La Montina Franciacorta, a soli 20 minuti da \u201cThe Floating Piers\u201d"},"content":{"rendered":"<p class=\"ecxMsoNormal\" align=\"center\"><img loading=\"lazy\" decoding=\"async\" class=\"alignnone size-large wp-image-58408\" src=\"http:\/\/www.gdapress.it\/it\/..\/public\/it\/2016\/06\/copertina-1200x1697-283x400.png\" alt=\"copertina-1200x1697\" width=\"283\" height=\"400\" srcset=\"https:\/\/www.gdapress.it\/it\/..\/public\/it\/2016\/06\/copertina-1200x1697-283x400.png 283w, https:\/\/www.gdapress.it\/it\/..\/public\/it\/2016\/06\/copertina-1200x1697-212x300.png 212w, https:\/\/www.gdapress.it\/it\/..\/public\/it\/2016\/06\/copertina-1200x1697-768x1086.png 768w, https:\/\/www.gdapress.it\/it\/..\/public\/it\/2016\/06\/copertina-1200x1697.png 1200w\" sizes=\"auto, (max-width: 283px) 100vw, 283px\" \/><\/p>\n<p class=\"ecxMsoNormal\" align=\"center\"><img loading=\"lazy\" decoding=\"async\" class=\"alignnone size-medium wp-image-58409\" src=\"http:\/\/www.gdapress.it\/it\/..\/public\/it\/2016\/06\/La-Montina_Panoramica-300x96.jpg\" alt=\"La Montina_Panoramica\" width=\"300\" height=\"96\" srcset=\"https:\/\/www.gdapress.it\/it\/..\/public\/it\/2016\/06\/La-Montina_Panoramica-300x96.jpg 300w, https:\/\/www.gdapress.it\/it\/..\/public\/it\/2016\/06\/La-Montina_Panoramica-768x246.jpg 768w, https:\/\/www.gdapress.it\/it\/..\/public\/it\/2016\/06\/La-Montina_Panoramica-500x160.jpg 500w\" sizes=\"auto, (max-width: 300px) 100vw, 300px\" \/><\/p>\n<p class=\"ecxMsoNormal\" align=\"center\">Il ponte galleggiante sul lago d\u2019Iseo, progettato dall&#8217;artista di fama internazionale Christo,<\/p>\n<p class=\"ecxMsoNormal\" align=\"center\">a Giugno 2016 reinterpreta per 16 giorni (dal 18 Giugno al 3 Luglio) il lago lombardo.<\/p>\n<p class=\"ecxMsoNormal\" style=\"text-align: center;\" align=\"center\">Per l&#8217;occasione La Montina \u00a0il 29 giugno dedica una serata speciale all&#8217;evento mondiale dell&#8217;anno:<\/p>\n<ul id=\"menu-montina-ita\" class=\"fusion-menu\">\n<li id=\"menu-item-2393\" class=\"menu-item menu-item-type-post_type menu-item-object-page current-menu-item page_item page-item-2390 current_page_item menu-item-2393\" style=\"text-align: center;\"><a href=\"http:\/\/www.lamontina.it\/w-t-n-g-w-l-k-n-g-w-at-r-v-n-t\/\"><span class=\"menu-text\"># W A I T I N G W A L K I N G W AT E R E V E N T<\/span><\/a><\/li>\n<\/ul>\n<p class=\"ecxMsoNormal\">L&#8217;installazione si sviluppa in circolo <b>da Sulzano a Monteisola<\/b> (Peschiera Maraglio) e poi con due diramazioni condurr\u00e0 all&#8217;isola privata di San Paolo. Un evento di risonanza internazionale, che prospetta l\u2019arrivo di pi\u00f9 di 50.000 visitatori al giorno.<\/p>\n<p class=\"ecxMsoNormal\">Il lago si \u00e8 preparato al meglio per poter accogliere una mole cos\u00ec concentrata di turisti, e lo stesso le attivit\u00e0 che vi ruotano attorno. <b>La Montina<\/b>, storica cantina della Franciacorta, ha preparato per tutti i turisti appassionati di vino ed arte un <b>tour completo di degustazione Franciacorta e visita al Museo d\u2019arte contemporanea \u201cRemo Bianco\u201d<\/b>.<\/p>\n<p class=\"ecxMsoNormal\">In esposizione presso il museo durante le due settimane del \u201cThe Floating Piers\u201d, una delle <b>collezioni di arte aborigena<\/b> pi\u00f9 completa a livello mondiale. Artista principale della mostra Kunibilarranda \u201c<b>Dir Dik<\/b>\u201d (nato a Roebuck Bay nel 1946). Da sempre forte sostenitore dei diritti del popolo aborigeno, utilizza la propria arte come strumento di divulgazione e trasmissione delle ricchezze e della cultura dei nativi australiani alle generazioni future.<\/p>\n<p class=\"ecxMsoNormal\">La Montina, insignita nel 2008 del premio \u201c<b>Ospitalit\u00e0<\/b>\u201d indetto dalla Bocconi, per le visite guidate \u00e8 <b>aperta 7 giorni su 7<\/b>, con disponibilit\u00e0 di due turni di visita: <b>10,00<\/b> e<b>15,30<\/b>. Per prenotare \u00e8 necessario rivolgersi all\u2019ufficio incoming: Alberto Botticini &#8211; <a href=\"mailto:amministrazione@lamontina.it\">amministrazione@lamontina.it<\/a> oppure allo 030 653278.<\/p>\n<div>\n<p class=\"ecxParagrafobase\">Le <b>Tenute La Montina<\/b> di Monticelli Brusati sono fra le aziende storiche della Franciacorta. Le vigne aziendali sviluppano su di una superficie vitata di circa 72 ettari, dislocati in 7 Comuni della Franciacorta. Vigneti, con giacitura preminentemente collinare, impiantati su terreni calcarei e limo-argillosi con una resa circa di 100 quintali per ettaro con densit\u00e0 di 5.400\/7.000 ceppi per ettaro. La cantina si estende per 7.450 m\u00b2 sotterranei, il che garantisce tutto l\u2019anno la minore escursione termica possibile (attorno ai 13\u00b0- 16\u00b0) e condizione ottimale per la giusta maturazione dei Franciacorta. La produzione media \u00e8 di 380.000 bottiglie annue.<\/p>\n<\/div>\n<p class=\"ecxMsoNormal\"><b>Info:<\/b><b> <\/b><b>La<\/b><b> Montina<\/b> &#8211; Tel. 030 653278 &#8211; <a href=\"mailto:info@lamontina.it\">info@lamontina.it<\/a> &#8211; <a href=\"http:\/\/www.lamontina.it\/\" target=\"_blank\">www.lamontina.it<\/a><\/p>\n","protected":false},"excerpt":{"rendered":"<p>Il ponte galleggiante sul lago d\u2019Iseo, progettato dall&#8217;artista di fama internazionale Christo, a Giugno 2016 reinterpreta per 16 giorni (dal 18 Giugno al 3 Luglio) il lago lombardo. Per l&#8217;occasione La Montina \u00a0il 29 giugno dedica una serata speciale all&#8217;evento mondiale dell&#8217;anno: # W A I T I N G W A L K I &hellip; <a href=\"https:\/\/www.gdapress.it\/it\/index.php\/58407\/enogastronomia\/la-montina-franciacorta-soli-20-minuti-the-floating-piers.html\" class=\"more-link\">Read more <span class=\"screen-reader-text\">La Montina Franciacorta, a soli 20 minuti da \u201cThe Floating Piers\u201d<\/span><\/a><\/p>\n","protected":false},"author":3,"featured_media":58409,"comment_status":"closed","ping_status":"open","sticky":false,"template":"","format":"standard","meta":{"footnotes":""},"categories":[20],"tags":[18133,1397,2054,15800],"class_list":["post-58407","post","type-post","status-publish","format-standard","has-post-thumbnail","hentry","category-enogastronomia","tag-dir-dik","tag-franciacorta","tag-la-montina","tag-remo-bianco"],"_links":{"self":[{"href":"https:\/\/www.gdapress.it\/it\/index.php\/wp-json\/wp\/v2\/posts\/58407","targetHints":{"allow":["GET"]}}],"collection":[{"href":"https:\/\/www.gdapress.it\/it\/index.php\/wp-json\/wp\/v2\/posts"}],"about":[{"href":"https:\/\/www.gdapress.it\/it\/index.php\/wp-json\/wp\/v2\/types\/post"}],"author":[{"embeddable":true,"href":"https:\/\/www.gdapress.it\/it\/index.php\/wp-json\/wp\/v2\/users\/3"}],"replies":[{"embeddable":true,"href":"https:\/\/www.gdapress.it\/it\/index.php\/wp-json\/wp\/v2\/comments?post=58407"}],"version-history":[{"count":3,"href":"https:\/\/www.gdapress.it\/it\/index.php\/wp-json\/wp\/v2\/posts\/58407\/revisions"}],"predecessor-version":[{"id":58412,"href":"https:\/\/www.gdapress.it\/it\/index.php\/wp-json\/wp\/v2\/posts\/58407\/revisions\/58412"}],"wp:featuredmedia":[{"embeddable":true,"href":"https:\/\/www.gdapress.it\/it\/index.php\/wp-json\/wp\/v2\/media\/58409"}],"wp:attachment":[{"href":"https:\/\/www.gdapress.it\/it\/index.php\/wp-json\/wp\/v2\/media?parent=58407"}],"wp:term":[{"taxonomy":"category","embeddable":true,"href":"https:\/\/www.gdapress.it\/it\/index.php\/wp-json\/wp\/v2\/categories?post=58407"},{"taxonomy":"post_tag","embeddable":true,"href":"https:\/\/www.gdapress.it\/it\/index.php\/wp-json\/wp\/v2\/tags?post=58407"}],"curies":[{"name":"wp","href":"https:\/\/api.w.org\/{rel}","templated":true}]}}