
{"id":58356,"date":"2016-05-30T11:53:20","date_gmt":"2016-05-30T09:53:20","guid":{"rendered":"http:\/\/www.gdapress.it\/it\/?p=58356"},"modified":"2016-06-22T11:55:07","modified_gmt":"2016-06-22T09:55:07","slug":"bluette-lifestyle-salon-celebra-suo-50-anniversario","status":"publish","type":"post","link":"https:\/\/www.gdapress.it\/it\/index.php\/58356\/benessere\/bluette-lifestyle-salon-celebra-suo-50-anniversario.html","title":{"rendered":"BLUETTE LIFESTYLE SALON CELEBRA IL SUO 50\u00b0 ANNIVERSARIO"},"content":{"rendered":"<p><img loading=\"lazy\" decoding=\"async\" class=\"alignnone size-medium wp-image-58357\" src=\"http:\/\/www.gdapress.it\/it\/..\/public\/it\/2016\/06\/BLUETTE-LIFESTYLE-SALON4-300x200.jpg\" alt=\"BLUETTE LIFESTYLE SALON4\" width=\"300\" height=\"200\" srcset=\"https:\/\/www.gdapress.it\/it\/..\/public\/it\/2016\/06\/BLUETTE-LIFESTYLE-SALON4-300x200.jpg 300w, https:\/\/www.gdapress.it\/it\/..\/public\/it\/2016\/06\/BLUETTE-LIFESTYLE-SALON4-768x512.jpg 768w, https:\/\/www.gdapress.it\/it\/..\/public\/it\/2016\/06\/BLUETTE-LIFESTYLE-SALON4-500x333.jpg 500w, https:\/\/www.gdapress.it\/it\/..\/public\/it\/2016\/06\/BLUETTE-LIFESTYLE-SALON4-720x480.jpg 720w, https:\/\/www.gdapress.it\/it\/..\/public\/it\/2016\/06\/BLUETTE-LIFESTYLE-SALON4-272x182.jpg 272w\" sizes=\"auto, (max-width: 300px) 100vw, 300px\" \/><\/p>\n<p>Bluette Lifestyle Salon, un\u2019oasi di benessere a due passi dal Naviglio &#8211; dal design unico che attraverso storia, ricerca e natura porta a vivere l\u2019esperienza Aveda a 360\u00b0- celebra i suoi cinquant\u2019anni di attivit\u00e0 e riceve la targa di Negozio Storico di Milano.<\/p>\n<p>Bluette nasce nel 1966 come piccolo salone cittadino per signora. Sin dai suoi esordi, la sua filosofia \u00e8 stata dare priorit\u00e0 alla salute dei capelli, curandoli e nutrendoli con prodotti naturali a base di fiori e piante. Per questo, nell\u2019ultimo decennio sceglie Aveda come brand esclusivo e come filosofia fino ad abbracciare completamente la mission del brand diventando un Lifestyle Salon nel 2012. L\u2019idea che ha ispirato tutto il progetto nasce dalla passione del titolare Ermanno per la barca a Vela, attivit\u00e0 pura e genuina di chi vive e ama la natura. Il salone \u00e8 infatti la reinterpretazione di una nave scomposta che accompagna i clienti nella favolosa esperienza di Aveda: il corpo della barca \u00e8 rappresentato dai lavatesta, 5 postazioni ricavate da un unico tronco di rovere. L\u2019Albero maestro si riconosce nella scaffalatura delle vetrine, un&#8217;unica struttura di 12 metri quasi completamente autoportante, sospesa grazie a soli due sostegni laterali e, infine, vere e proprie vele applicate a soffitto che riflettono la luce in tutto lo spazio. Il salone si sviluppa in 150 mq suddiviso in tre ambienti, quello principale con 6 postazioni, zona lavaggio e reparto tecnico dedicato alla colorazione e uno spazio all\u2019interno con una zona pi\u00f9 riservata e intima con altre 5 postazioni. Al primo piano una cabina dedicata ai trattamenti Aveda per viso e corpo.<\/p>\n<p>I materiali:<\/p>\n<ul>\n<li>Le mura del salone sono trattate a calce della Valtellina. Completamente naturale e priva di pigmenti artificiali, questo fantastico materiale offre una composizione tridimensionale, pura e completamente eco-compatibile.<\/li>\n<li>Il pavimento del salone \u00e8 ricoperto da una speciale miscela di resina, terra proveniente dall&#8217;isola di Creta e \u2028caff\u00e8, che riprende la naturale bellezza delle materie prime grezze che contraddistinguono tutto lo spazio.<\/li>\n<li>Le postazioni, i lavaggi, la cassa, gli espositori sono stati realizzati dall\u2019ebanista Giuseppe Amato, che ha fuso materie prime nobili come acciaio inox di recupero da vecchie fabbriche e legno di rovere \u201cstagionato in radice\u201d.<\/li>\n<li>Ogni lampadina che illumina gli interni \u00e8 a risparmio energetico pur diffondendo una luce calda e piacevole \u2028riflessa dalle candide vele bianche. \u2028\u201c La rinascita di Bluette rappresenta il coronamento di un sogno, il lavoro di una vita, un\u2019occasione di ampliamento dello spazio e la volont\u00e0 di mio figlio Lorenzo di portare avanti l\u2019attivit\u00e0 di famiglia\u201d spiega Ermanno Bidoli titolare del salone. \u2028Il figlio Lorenzo, infatti, ha preso in mano le redini del salone, specializzandosi nel colore, grazie all\u2019esperienza maturata frequentando corsi di altissimo livello presso L\u2019Aveda Institute di Covent Garden di Londra, e l\u2019Accademia di Aveda di Berlino. Recentemente, ha ampliato i suoi traguardi professionali ottenendo il titolo di Aveda European Certified Colorist.<\/li>\n<\/ul>\n<p>Un\u2019altra particolarit\u00e0 che contraddistingue Bluette \u00e8 che tutti i membri del team hanno una completa expertise tecnica dell\u2019hair-styling per poter cos\u00ec garantire alla cliente una consulenza a 360\u00b0.<\/p>\n<p>Quest\u2019anno il salone compie 50 anni, e l\u2019amore e la passione di Ermanno e Lorenzo, che lavorano costantemente fianco a fianco, con la voglia di offrire un servizio di altissima qualit\u00e0 nel rispetto dell\u2019ambiente, vengono premiati con la targa di Negozio Storico di Milano.<\/p>\n<p><strong><em>Giuseppe Amato <\/em><\/strong><em>&#8211; Nato a Palermo nel 1970, Giuseppe Amato si laurea in biologia molecolare all&#8217;Universit\u00e0 di Pavia e subito dopo sceglie di aprire un\u2019officina a Milano con macchinari d&#8217;epoca rilevati da un&#8217;antica falegnameria, abbandona senza rancore la ricerca universitaria e si dedica alla lavorazione del legno. Da quel momento realizza arredi originali con le tecniche dell&#8217;ebanisteria classica, coniugando lo studio delle tecniche costruttive e dei materiali con una ricerca formale propria. www.giuseppeamato.it.<\/em><\/p>\n<p>Salone Bluette, Viale Coni Zugna 58, Milano. Tel. 02- 8358102\u2028Per informazioni al pubblico: numero verde Aveda 800.301177 www.avedaitalia.it<\/p>\n<p><strong>\u201cLa missione di Aveda \u00e8 di prendersi cura del mondo in cui viviamo, dalla creazione dei nostri prodotti al loro uso nella societ\u00e0. Aveda si impegna a dare un esempio di leadership e di responsabilit\u00e0 nel rispetto e nella tutela dell\u2019ambiente che va oltre la cosmesi, abbracciando tutto il mondo.\u201d<\/strong><\/p>\n<p>&nbsp;<\/p>\n","protected":false},"excerpt":{"rendered":"<p>Bluette Lifestyle Salon, un\u2019oasi di benessere a due passi dal Naviglio &#8211; dal design unico che attraverso storia, ricerca e natura porta a vivere l\u2019esperienza Aveda a 360\u00b0- celebra i suoi cinquant\u2019anni di attivit\u00e0 e riceve la targa di Negozio Storico di Milano. Bluette nasce nel 1966 come piccolo salone cittadino per signora. Sin dai &hellip; <a href=\"https:\/\/www.gdapress.it\/it\/index.php\/58356\/benessere\/bluette-lifestyle-salon-celebra-suo-50-anniversario.html\" class=\"more-link\">Read more <span class=\"screen-reader-text\">BLUETTE LIFESTYLE SALON CELEBRA IL SUO 50\u00b0 ANNIVERSARIO<\/span><\/a><\/p>\n","protected":false},"author":3,"featured_media":58357,"comment_status":"closed","ping_status":"open","sticky":false,"template":"","format":"standard","meta":{"footnotes":""},"categories":[729],"tags":[10643,18106,17],"class_list":["post-58356","post","type-post","status-publish","format-standard","has-post-thumbnail","hentry","category-benessere","tag-aveda","tag-bluette-lifestyle-salon","tag-milano"],"_links":{"self":[{"href":"https:\/\/www.gdapress.it\/it\/index.php\/wp-json\/wp\/v2\/posts\/58356","targetHints":{"allow":["GET"]}}],"collection":[{"href":"https:\/\/www.gdapress.it\/it\/index.php\/wp-json\/wp\/v2\/posts"}],"about":[{"href":"https:\/\/www.gdapress.it\/it\/index.php\/wp-json\/wp\/v2\/types\/post"}],"author":[{"embeddable":true,"href":"https:\/\/www.gdapress.it\/it\/index.php\/wp-json\/wp\/v2\/users\/3"}],"replies":[{"embeddable":true,"href":"https:\/\/www.gdapress.it\/it\/index.php\/wp-json\/wp\/v2\/comments?post=58356"}],"version-history":[{"count":1,"href":"https:\/\/www.gdapress.it\/it\/index.php\/wp-json\/wp\/v2\/posts\/58356\/revisions"}],"predecessor-version":[{"id":58358,"href":"https:\/\/www.gdapress.it\/it\/index.php\/wp-json\/wp\/v2\/posts\/58356\/revisions\/58358"}],"wp:featuredmedia":[{"embeddable":true,"href":"https:\/\/www.gdapress.it\/it\/index.php\/wp-json\/wp\/v2\/media\/58357"}],"wp:attachment":[{"href":"https:\/\/www.gdapress.it\/it\/index.php\/wp-json\/wp\/v2\/media?parent=58356"}],"wp:term":[{"taxonomy":"category","embeddable":true,"href":"https:\/\/www.gdapress.it\/it\/index.php\/wp-json\/wp\/v2\/categories?post=58356"},{"taxonomy":"post_tag","embeddable":true,"href":"https:\/\/www.gdapress.it\/it\/index.php\/wp-json\/wp\/v2\/tags?post=58356"}],"curies":[{"name":"wp","href":"https:\/\/api.w.org\/{rel}","templated":true}]}}