
{"id":58313,"date":"2016-06-16T09:25:10","date_gmt":"2016-06-16T07:25:10","guid":{"rendered":"http:\/\/www.gdapress.it\/it\/?p=58313"},"modified":"2016-06-16T09:25:10","modified_gmt":"2016-06-16T07:25:10","slug":"envisioningforum","status":"publish","type":"post","link":"https:\/\/www.gdapress.it\/it\/index.php\/58313\/cultura\/envisioningforum.html","title":{"rendered":"ENVISIONINGFORUM"},"content":{"rendered":"<p><strong>\u00a0<img loading=\"lazy\" decoding=\"async\" class=\"alignnone size-large wp-image-58315\" src=\"http:\/\/www.gdapress.it\/it\/..\/public\/it\/2016\/06\/13406862_10154293794007059_6242443810761930950_n-500x350.jpg\" alt=\"13406862_10154293794007059_6242443810761930950_n\" width=\"500\" height=\"350\" srcset=\"https:\/\/www.gdapress.it\/it\/..\/public\/it\/2016\/06\/13406862_10154293794007059_6242443810761930950_n-500x350.jpg 500w, https:\/\/www.gdapress.it\/it\/..\/public\/it\/2016\/06\/13406862_10154293794007059_6242443810761930950_n-300x210.jpg 300w, https:\/\/www.gdapress.it\/it\/..\/public\/it\/2016\/06\/13406862_10154293794007059_6242443810761930950_n.jpg 688w\" sizes=\"auto, (max-width: 500px) 100vw, 500px\" \/><\/strong><\/p>\n<p><strong>Suzana Apelbaum \u2013 Lorenzo Foffani \u2013 Matteo SarzanaLuca Colombo \u2013 Matteo Battiston Francesco Tortora \u2013 Patricia Weiss<\/strong><\/p>\n<p><strong>INSIEME PER RACCONTATE I PROSSIMI TRE ANNI DELLA COMUNICAZIONE<\/strong><\/p>\n<p><strong>\u00a0<\/strong><\/p>\n<p><strong><u>Gioved\u00ec 16 giugno, ore 18 &#8211; IED Milano, Via Bezzecca, 5<\/u><\/strong><\/p>\n<p><strong><em>#envisioningforum<\/em><\/strong><\/p>\n<p>&nbsp;<\/p>\n<p>Sar\u00e0 un imperdibile incontro di visione quello che, <strong>gioved\u00ec 16 giugno alle ore 18<\/strong>, vedr\u00e0 protagonisti alcuni tra i massimi esperti del settore Comunicazione come Suzana Apelbaum (attraverso un contributo video) Lorenzo Foffani, Matteo Sarzana, Luca Colombo, Matteo Battiston, Francesco Tortora e Patricia Weiss: professionisti conosciuti a livello internazionale per i colossi che rappresentano (<strong>Google, Facebook, Luxottica, P&amp;G) <\/strong>e dal 2015 membri <strong>dell\u2019Advisory Board di IED<\/strong> Comunicazione di Milano. Insieme saranno impegnati in un evento aperto al pubblico nel corso del quale delineeranno la loro <strong>visione prospettica sul mondo della comunicazione<\/strong>. In particolare saranno tracciati gli <strong>scenari futuri, da qui ai prossimi tre anni<\/strong>, nelle aree digital, brand e design, sicuramente tra i settori pi\u00f9 discussi e mutevoli dell\u2019ambito comunicazione.<\/p>\n<p>Dall\u2019anno accademico 2015\/2016, infatti, la scuola si avvale di un nuovo Advisory Board, un \u201cdream team\u201d di consulenti executive, invitati di anno in anno a fornire la propria competenza all\u2019interno di una struttura a modello aperto e informale,\u00a0 con l\u2019obiettivo di esplorare, facilitare e accelerare l\u2019innesto di tendenze, strategie e know-how di matrice internazionale all\u2019interno dei percorsi accademici: \u00ab<strong>un valore aggiunto peculiare rispetto all\u2019offerta degli altri Istituti<\/strong>\u00bb, afferma Elena Sacco, Direttore IED Comunicazione \u00ab<strong>perch\u00e9 garantisce ai nostri iscritti non solo la consapevolezza di poter trovare lavoro in Italia \u2013 a differenza di quanto avviene nella maggior parte delle facolt\u00e0 tradizionali \u2013 ma anche all\u2019estero, dove il Futuro si crea prima ancora di immaginarlo<\/strong>\u00bb.<\/p>\n<p>Dell\u2019Advisory Board di IED Comunicazione fanno parte:<\/p>\n<ul>\n<li><strong>Suzana Apelbaum<\/strong>, vive a New York, \u00e8 Creative Director di <em>Google<\/em>, vincitrice di 19 premi internazionali di settore e recentemente nominata da <em>AdWomen<\/em> tra i direttori creativi pi\u00f9 influenti del mondo;<\/li>\n<li><strong>Lorenzo Foffani<\/strong>, Creative Strategy Lead di <em>Imagination <\/em>ed ex Head of Strategy di <em>Saatchi &amp; Saatchi<\/em>, figura di spicco nell\u2019ambito dell\u2019innovazione, vive a Londra ed \u00e8 attualmente impegnato nel supportare le attivit\u00e0 di comunicazione di Ford su scala europea;<\/li>\n<li><strong>Matteo Sarzana<\/strong>, formatosi alla <em>Singularity University<\/em> \u00e8 General Manager Italy di <em>Deliveroo<\/em> ed ex General Manager di <em>VML- Young &amp; Rubicam<\/em> <em>Brands<\/em> e <em>Zooppa<\/em>, tra i pionieri della comunicazione digitale in Italia. Vive a Milano;<\/li>\n<li><strong>Luca Colombo<\/strong> vive a Milano,\u00a0\u00e8 country manager di Facebook Italia,\u00a0in Facebook dal Novembre del 2010, vanta una lunga esperienza in ambito marketing digitale maturata in Microsoft. \u00c8 laureato in Ingegneria Elettronica al Politecnico di Milano.<\/li>\n<li><strong>Matteo Battiston<\/strong>, vive a Milano, \u00e8 globetrotter di vocazione lavorando tra l&#8217;Italia, gli Stati Uniti e l&#8217;Asia, \u00e8 Global Head of Design del Gruppo <em>Luxottica e\u00a0<\/em>precedentemente \u00e8 stato vice Direttore di IED Milano.<\/li>\n<li><strong>Francesco Tortora<\/strong>, vive a Boston ed \u00e8 Global Brand Director di\u00a0<em>Gillette<\/em>con oltre 20 anni di expertise aziendale in P&amp;G acquisita tra Italia, Belgio, Svizzera, Francia e Stati Uniti.<\/li>\n<li><strong>Patricia Weiss<\/strong>, Jury Member di <em>Cannes Lions<\/em> e <em>Crystal Festival<\/em>, esperta di Branded Entertainment e comunicazione transmediale vive a San Paolo del Brasile ed \u00e8 fondatrice della <em>Branded Content Marketing Association South America<\/em>.<\/li>\n<\/ul>\n<p>L\u2019evento si terr\u00e0 a conclusione di un\u2019intensa giornata di workshop dedicata esclusivamente allo staff di IED Comunicazione di Milano. I contenuti e gli spunti emersi nel corso della giornata, faranno da linee guida per la definizione del <strong>programma didattico di IED Comunicazione<\/strong> del prossimo anno accademico 2016\/2017.<\/p>\n<p>\u00ab<strong>IED \u00e8 da sempre la scuola del saper fare<\/strong>\u00bb, commenta Elena Sacco \u00ab<strong>e per gli anni a venire la nostra parola d\u2019ordine sar\u00e0 proprio \u201cAzione\u201d, in tutte le sue derivazioni: InnovAzione, SperimentAzione e OccupAzione. Organizzeremo grandi eventi mensili di confronto e condivisione con opinion leader e professionisti di prestigio, promuoveremo workshop e progettazioni con societ\u00e0 all\u2019avanguardia e coinvolgeremo gli studenti in iniziative che diano loro la massima visibilit\u00e0 e il massimo ritorno sia in termini di esperienza che di personal branding<\/strong>\u00bb. L\u2019obiettivo \u00e8 triplice: rafforzare ulteriormente il DNA e il posizionamento internazionale della scuola di Comunicazione, creare sinergie sempre pi\u00f9 strette tra le sue diverse aree disciplinari e ampliare l\u2019offerta formativa attraverso esperienze on-field, open lesson e visiting presso aziende di riconosciuto prestigio e valore.<\/p>\n<p>&nbsp;<\/p>\n<p><strong><em>IED<\/em><\/strong><\/p>\n<p><em>IED &#8211; Istituto Europeo di Design &#8211;<\/em><em>\u00a0nasce nel 1966 dall\u2019intuizione di Francesco Morelli. IED \u00e8 oggi un\u2019eccellenza internazionale di matrice completamente italiana, che opera nel campo della formazione e della ricerca, nelle discipline del Design, della Moda, delle Arti Visive e della Comunicazione. Si posiziona come scuola internazionale di Alta Formazione orientata alle professioni della creativit\u00e0, con particolare attenzione al design nelle sue diverse e pi\u00f9 aggiornate declinazioni. L\u2019offerta formativa\u00a0IED\u00a0\u00e8 basata su crediti formativi (CF) strutturati in conformit\u00e0\u00a0ai parametri adottati dalle pi\u00f9 avanzate istituzioni europee del settore. Il percorso di formazione ideale mira a condurre lo studente verso una preparazione a tutto tondo nella disciplina del Design prescelta, abbinando un programma Undergraduate ad uno Postgraduate. IED\u00a0conta su uno staff di pi\u00f9 di 400 professionisti che collaborano con gli oltre 1.900 docenti, attivi nei rispettivi settori di riferimento, per assicurare il perfetto funzionamento delle 11 sedi: Milano, Torino, Roma, Firenze, Venezia, Cagliari, Como, Madrid, Barcellona, San Paolo, Rio de Janeiro.<\/em><\/p>\n<p><a href=\"mailto:comunicazione@milano.ied.it\"><em>comunicazione@milano.ied.it<\/em><\/a><\/p>\n<p><a href=\"http:\/\/www.ied.it\/\"><em>www.ied.it<\/em><\/a><\/p>\n","protected":false},"excerpt":{"rendered":"<p>\u00a0 Suzana Apelbaum \u2013 Lorenzo Foffani \u2013 Matteo SarzanaLuca Colombo \u2013 Matteo Battiston Francesco Tortora \u2013 Patricia Weiss INSIEME PER RACCONTATE I PROSSIMI TRE ANNI DELLA COMUNICAZIONE \u00a0 Gioved\u00ec 16 giugno, ore 18 &#8211; IED Milano, Via Bezzecca, 5 #envisioningforum &nbsp; Sar\u00e0 un imperdibile incontro di visione quello che, gioved\u00ec 16 giugno alle ore 18, &hellip; <a href=\"https:\/\/www.gdapress.it\/it\/index.php\/58313\/cultura\/envisioningforum.html\" class=\"more-link\">Read more <span class=\"screen-reader-text\">ENVISIONINGFORUM<\/span><\/a><\/p>\n","protected":false},"author":3,"featured_media":58315,"comment_status":"closed","ping_status":"open","sticky":false,"template":"","format":"standard","meta":{"footnotes":""},"categories":[5],"tags":[18089,18087,18083,18085,18086,18084,18088,18082],"class_list":["post-58313","post","type-post","status-publish","format-standard","has-post-thumbnail","hentry","category-cultura","tag-envisioningforum","tag-francesco-tortora","tag-lorenzo-foffani","tag-luca-colombo","tag-matteo-battiston","tag-matteo-sarzana","tag-patricia-weiss","tag-suzana-apelbaum"],"_links":{"self":[{"href":"https:\/\/www.gdapress.it\/it\/index.php\/wp-json\/wp\/v2\/posts\/58313","targetHints":{"allow":["GET"]}}],"collection":[{"href":"https:\/\/www.gdapress.it\/it\/index.php\/wp-json\/wp\/v2\/posts"}],"about":[{"href":"https:\/\/www.gdapress.it\/it\/index.php\/wp-json\/wp\/v2\/types\/post"}],"author":[{"embeddable":true,"href":"https:\/\/www.gdapress.it\/it\/index.php\/wp-json\/wp\/v2\/users\/3"}],"replies":[{"embeddable":true,"href":"https:\/\/www.gdapress.it\/it\/index.php\/wp-json\/wp\/v2\/comments?post=58313"}],"version-history":[{"count":1,"href":"https:\/\/www.gdapress.it\/it\/index.php\/wp-json\/wp\/v2\/posts\/58313\/revisions"}],"predecessor-version":[{"id":58316,"href":"https:\/\/www.gdapress.it\/it\/index.php\/wp-json\/wp\/v2\/posts\/58313\/revisions\/58316"}],"wp:featuredmedia":[{"embeddable":true,"href":"https:\/\/www.gdapress.it\/it\/index.php\/wp-json\/wp\/v2\/media\/58315"}],"wp:attachment":[{"href":"https:\/\/www.gdapress.it\/it\/index.php\/wp-json\/wp\/v2\/media?parent=58313"}],"wp:term":[{"taxonomy":"category","embeddable":true,"href":"https:\/\/www.gdapress.it\/it\/index.php\/wp-json\/wp\/v2\/categories?post=58313"},{"taxonomy":"post_tag","embeddable":true,"href":"https:\/\/www.gdapress.it\/it\/index.php\/wp-json\/wp\/v2\/tags?post=58313"}],"curies":[{"name":"wp","href":"https:\/\/api.w.org\/{rel}","templated":true}]}}