
{"id":58030,"date":"2016-05-27T21:17:30","date_gmt":"2016-05-27T19:17:30","guid":{"rendered":"http:\/\/www.gdapress.it\/it\/?p=58030"},"modified":"2016-06-05T21:23:08","modified_gmt":"2016-06-05T19:23:08","slug":"mito-settembremusica-2016","status":"publish","type":"post","link":"https:\/\/www.gdapress.it\/it\/index.php\/58030\/musica\/mito-settembremusica-2016.html","title":{"rendered":"MITO SETTEMBREMUSICA 2016"},"content":{"rendered":"<p><img loading=\"lazy\" decoding=\"async\" class=\"alignnone size-medium wp-image-58031\" src=\"http:\/\/www.gdapress.it\/it\/..\/public\/it\/2016\/06\/13245345_1020829098011137_7549270164128950103_n-143x300.jpg\" alt=\"13245345_1020829098011137_7549270164128950103_n\" width=\"143\" height=\"300\" srcset=\"https:\/\/www.gdapress.it\/it\/..\/public\/it\/2016\/06\/13245345_1020829098011137_7549270164128950103_n-143x300.jpg 143w, https:\/\/www.gdapress.it\/it\/..\/public\/it\/2016\/06\/13245345_1020829098011137_7549270164128950103_n-190x400.jpg 190w, https:\/\/www.gdapress.it\/it\/..\/public\/it\/2016\/06\/13245345_1020829098011137_7549270164128950103_n.jpg 457w\" sizes=\"auto, (max-width: 143px) 100vw, 143px\" \/><\/p>\n<p>Dal 2 al 22 settembre ritorna a Torino e a Milano il festival MITO SettembreMusica che compie quest\u2019anno 10 anni. Rinnovato nella sua governance grazie a una nuova Presidenza, Anna Gastel, e a una nuova Direzione artistica, Nicola Campogrande, il festival svela in questa nuova edizione un\u2019identit\u00e0 musicale inedita e riconferma il desiderio delle due Amministrazioni di offrire a cittadini e turisti un\u2019esperienza musicale di altissima qualit\u00e0.<\/p>\n<p>In programma le opere di 112 compositori viventi, 3 nuove commissioni, 8 prime esecuzioni assolute, 2 prime per l\u2019Europa e 4 per l\u2019Italia: 160 concerti tra Torino a Milano, che percorrono un millennio di musica. In entrambe le citt\u00e0 concerti gratuiti nelle zone meno centrali, appuntamenti speciali dedicati ai pi\u00f9 piccoli e due grandi serate in piazza, in cui il pubblico diventa protagonista.<\/p>\n<p>\u00abNel ripensare MITO SettembreMusica, e volendo dedicare la manifestazione interamente alla musica classica \u2013 spiega il direttore artistico Nicola Campogrande \u2013 ho tenuto presente due gruppi di ascoltatori: gli habitu\u00e9 e quelli che non hanno mai messo piede in una sala da concerto. Ad entrambi ho voluto proporre qualcosa di inusuale, che rinnovasse il piacere dell\u2019ascolto per chi gi\u00e0 frequenta i concerti e, al tempo stesso, abbattesse ogni barriera per chi non \u00e8 abituato a farlo. Cos\u00ec ho immaginato un festival tematico, nel quale ogni appuntamento \u00e8 costruito ad hoc e proposto a un pubblico cui si chiede, in alcuni casi, di essere protagonista attivo. Per il 2016 il tema sar\u00e0 Padri e figli: mi sembra si adatti bene a una manifestazione che ha una lunga storia alle spalle ma si sta aprendo al nuovo. E penso che la stessa apertura stia avvenendo all\u2019intero universo della musica classica: amiamo il grande repertorio del passato ma abbiamo voglia di ascoltarlo in modo inedito, fresco, arricchito dalla pi\u00f9 bella musica degli autori viventi\u00bb.<\/p>\n<p>Ognuno dei 160 concerti in programma (80 per ogni citt\u00e0) sar\u00e0 preceduto da un\u2019introduzione all\u2019ascolto con l\u2019obiettivo di offrire un\u2019esperienza musicale inedita, curiosa, capace di coinvolgere il pubblico offrendogli il piacere di una comprensione pi\u00f9 profonda. Saranno quindi Stefano Catucci a Torino, dal 2 settembre al Teatro Regio, e Gaia Varon a Milano, dal giorno successivo alla Scala, a presentare ciascun concerto in cartellone I due musicologi introdurranno poi tutti i concerti del cartellone e, in alcuni casi, a loro si affiancheranno dei sopratitoli che, sui display normalmente utilizzati per i libretti delle opere, faranno scorrere una vera e propria guida all\u2019ascolto appositamente realizzata per il festival.<\/p>\n<p>La serata d\u2019apertura \u00e8 affidata alla London Symphony Orchestra e vede protagonista Gianandrea Noseda, recentemente nominato Direttore ospite principale della prestigiosa compagine inglese. Il programma, intitolato Debussy recasted, ruota attorno alla figura del compositore francese, accostando un capolavoro come La mer alla prima esecuzione italiana di cinque dei suoi Pr\u00e9ludes per pianoforte, appena trascritti per orchestra dal compositore greco Nikos Christodoulou e alla Seconda Sinfonia di Rachmaninov, nata negli stessi anni.<\/p>\n<p>\u00abQuello di MITO \u00e8 un invito a godere della musica classica rivolto a tutti. Anche ai bambini pi\u00f9 piccoli: se ascoltano bene, cresceranno bene e saranno cittadini migliori\u00bb, dice ancora Nicola Campogrande. Lo si capisce fin dal primo appuntamento del cartellone dedicato agli ascoltatori pi\u00f9 giovani: lo spettacolo intitolato Glimp, in programma il 3 settembre a Milano e il 4 a Torino, appositamente pensato per i bambini tra i 2 e i 4 anni. Creato in Olanda, \u00e8 pensato per trasportare il giovanissimo pubblico in un mondo astratto e magico, nel quale musica, immagini e tecnologia si fondono insieme. Realizzato dall\u2019Oorkaan Ensemble, lo spettacolo ha vinto due diversi premi agli Young Audience Music Awards 2015: \u201cmigliore produzione dell\u2019anno\u201d e \u201cmigliore piccolo ensemble\u201d.<\/p>\n<p>Il pubblico di tutte le et\u00e0 sar\u00e0 invece coinvolto in MITO Open Singing, il 10 settembre a Milano e il giorno successivo a Torino, un evento che mira a coinvolgere il pubblico quale parte attiva della performance, al termine di due giornate nelle quali trenta cori provenienti da tutta Italia, per un totale di oltre mille cantori, si esibiscono in diverse zone del tessuto urbano. Le due citt\u00e0 del festival diventeranno in quest\u2019occasione un gigantesco palcoscenico e la sera, rispettivamente in piazza del Duomo e in piazza San Carlo, il pubblico potr\u00e0 mescolarsi ai musicisti per un canto comune nel quale \u2013 grazie alle partiture distribuite gratuitamente \u2013 tutti diventeranno cantori, intonando i brani in programma, preannunciati sul nostro sito, sotto la guida del direttore Michael Gohl e con il sostegno del Coro Giovanile Italiano, in veste di \u201ccoro-guida\u201d sul palcoscenico.<\/p>\n<p>Il Festival si chiuder\u00e0 a Torino il 21 e a Milano il 22 settembre con il concerto Jobim o Villa-Lobos? Esiste infatti un particolare gioco di rimandi tra la musica di Villa-Lobos e le canzoni di Jobim, oltre che tra la Spagna di Manuel de Falla e l\u2019Argentina di Astor Piazzolla; la violoncellista francese Oph\u00e9lie Gaillard, con il suo ensemble e insieme a Toquinho, esploreranno i due mondi musicali e geografici grazie a trascrizioni inedite e curiose.<\/p>\n<p>Tutti gli artisti invitati hanno accettato di preparare programmi originali, nati apposta per il festival e speculari nelle due citt\u00e0 (con poche eccezioni). Molta attenzione \u00e8 rivolta poi a chi abita nelle zone meno centrali di entrambe le citt\u00e0, con un concerto gratuito ogni sera, che in alcuni casi coinvolge gli stessi grandi artisti presenti nelle sale centrali.<\/p>\n<p>\u00abSalvaguardando le caratteristiche che hanno reso MITO un appuntamento di grande successo e notoriet\u00e0 internazionale \u2013 dice la Presidente Anna Gastel \u2013 quest\u2019anno il festival si presenta con una nuova governance, un nuovo direttore artistico e, per quel che riguarda Milano, anche una nuova gestione organizzativa. Sar\u00e0 nostro interesse e cura mantenerne vivi i tratti distintivi: oltre alla presenza nelle grandi sale da concerto, in teatri, auditorium, chiese e in sedi non convenzionalmente deputate alla musica, nelle zone meno centrali delle due citt\u00e0, \u00e8 stata potenziata l\u2019accessibilit\u00e0 del festival, attraverso il prezzo ridotto dei biglietti e un gran numero di concerti gratuiti, per raggiungere e avvicinare alla musica classica il pi\u00f9 vasto pubblico possibile\u00bb.<\/p>\n<p>Il programma del Festival percorre un arco temporale di oltre ottocento anni di musica, in molte occasioni oltrepassando le barriere di genere. Composizioni nuove fanno capolino tra il repertorio barocco; improvvisazioni s\u2019inseriscono tra Schubert e Schumann; Richard Strauss fa spazio alle colonne sonore di Hollywood e al repertorio contemporaneo che ne \u00e8 erede. Con una precisazione importante: \u00abMi sono stufato del modernismo legato alle vecchie avanguardie \u2013 dice Nicola Campogrande \u2013: il mondo \u00e8 ormai pieno di autori che scrivono musica capace di dare piacere, gioia, emozione, senza costringere le orecchie a esperienze punitive; e dunque tutti i 112 compositori viventi eseguiti (64 nelle sole giornate dedicate ai cori) sono stati scelti tra coloro che si dedicano a rinnovare con intelligenza e passione il godimento dell\u2019ascolto\u00bb. In quest\u2019ottica vanno letti anche i numeri del festival, che, oltre ad aver commissionato 3 nuovi brani (uno dei quali in collaborazione con Torino Danza), offre 14 prime esecuzioni (8 assolute, 2 europee e 4 italiane).<\/p>\n<p>Un\u2019ulteriore novit\u00e0 riguarda i prezzi che, per la prima volta, sono gli stessi sia a Torino, sia a Milano, e che rimangono particolarmente contenuti. Tutti i concerti pomeridiani sono proposti a 5 euro, e sempre 5 euro costano tutti i concerti per bambini e ragazzi sotto i quattordici anni. I concerti serali vanno da 10 a 30 euro. Quelli nelle zone non centrali delle citt\u00e0 sono gratuiti.<\/p>\n<p>Le citt\u00e0 di Torino e Milano hanno congiuntamente deciso di dedicare quest&#8217;edizione di MITO a Giorgio Balmas, ideatore di SettembreMusica, nel decimo anniversario della sua scomparsa.<\/p>\n<p>Il Festival \u00e8 realizzato grazie all\u2019impegno economico delle due Citt\u00e0, e al prezioso contributo degli sponsor, dal Main partner Intesa Sanpaolo, che ha creduto al progetto sin dalla prima edizione, a Pirelli, Fondazione Fiera di Milano e, per la Citt\u00e0 di Torino, Compagnia di San Paolo.<\/p>\n<p><a href=\"http:\/\/informa-mi-comune-milano.custmta.com\/re?l=D0Iarl7bzI35wcuqoI0\" target=\"_blank\">I Programmi di Milano e Torino\u00a0<\/a><\/p>\n<p>&nbsp;<\/p>\n","protected":false},"excerpt":{"rendered":"<p>Dal 2 al 22 settembre ritorna a Torino e a Milano il festival MITO SettembreMusica che compie quest\u2019anno 10 anni. Rinnovato nella sua governance grazie a una nuova Presidenza, Anna Gastel, e a una nuova Direzione artistica, Nicola Campogrande, il festival svela in questa nuova edizione un\u2019identit\u00e0 musicale inedita e riconferma il desiderio delle due &hellip; <a href=\"https:\/\/www.gdapress.it\/it\/index.php\/58030\/musica\/mito-settembremusica-2016.html\" class=\"more-link\">Read more <span class=\"screen-reader-text\">MITO SETTEMBREMUSICA 2016<\/span><\/a><\/p>\n","protected":false},"author":3,"featured_media":58031,"comment_status":"closed","ping_status":"open","sticky":false,"template":"","format":"standard","meta":{"footnotes":""},"categories":[19],"tags":[17,17993,29],"class_list":["post-58030","post","type-post","status-publish","format-standard","has-post-thumbnail","hentry","category-musica","tag-milano","tag-mito-settembremusica-2016","tag-torino"],"_links":{"self":[{"href":"https:\/\/www.gdapress.it\/it\/index.php\/wp-json\/wp\/v2\/posts\/58030","targetHints":{"allow":["GET"]}}],"collection":[{"href":"https:\/\/www.gdapress.it\/it\/index.php\/wp-json\/wp\/v2\/posts"}],"about":[{"href":"https:\/\/www.gdapress.it\/it\/index.php\/wp-json\/wp\/v2\/types\/post"}],"author":[{"embeddable":true,"href":"https:\/\/www.gdapress.it\/it\/index.php\/wp-json\/wp\/v2\/users\/3"}],"replies":[{"embeddable":true,"href":"https:\/\/www.gdapress.it\/it\/index.php\/wp-json\/wp\/v2\/comments?post=58030"}],"version-history":[{"count":1,"href":"https:\/\/www.gdapress.it\/it\/index.php\/wp-json\/wp\/v2\/posts\/58030\/revisions"}],"predecessor-version":[{"id":58032,"href":"https:\/\/www.gdapress.it\/it\/index.php\/wp-json\/wp\/v2\/posts\/58030\/revisions\/58032"}],"wp:featuredmedia":[{"embeddable":true,"href":"https:\/\/www.gdapress.it\/it\/index.php\/wp-json\/wp\/v2\/media\/58031"}],"wp:attachment":[{"href":"https:\/\/www.gdapress.it\/it\/index.php\/wp-json\/wp\/v2\/media?parent=58030"}],"wp:term":[{"taxonomy":"category","embeddable":true,"href":"https:\/\/www.gdapress.it\/it\/index.php\/wp-json\/wp\/v2\/categories?post=58030"},{"taxonomy":"post_tag","embeddable":true,"href":"https:\/\/www.gdapress.it\/it\/index.php\/wp-json\/wp\/v2\/tags?post=58030"}],"curies":[{"name":"wp","href":"https:\/\/api.w.org\/{rel}","templated":true}]}}