
{"id":57970,"date":"2016-05-30T10:12:30","date_gmt":"2016-05-30T08:12:30","guid":{"rendered":"http:\/\/www.gdapress.it\/it\/?p=57970"},"modified":"2016-05-31T10:23:26","modified_gmt":"2016-05-31T08:23:26","slug":"milano-in","status":"publish","type":"post","link":"https:\/\/www.gdapress.it\/it\/index.php\/57970\/spettacoli\/milano-in.html","title":{"rendered":"MILANO IN"},"content":{"rendered":"<p><img loading=\"lazy\" decoding=\"async\" class=\"alignnone size-medium wp-image-57971\" src=\"http:\/\/www.gdapress.it\/it\/..\/public\/it\/2016\/05\/13325705_273010479714650_5611261453988438273_n-300x190.jpg\" alt=\"13325705_273010479714650_5611261453988438273_n\" width=\"300\" height=\"190\" srcset=\"https:\/\/www.gdapress.it\/it\/..\/public\/it\/2016\/05\/13325705_273010479714650_5611261453988438273_n-300x190.jpg 300w, https:\/\/www.gdapress.it\/it\/..\/public\/it\/2016\/05\/13325705_273010479714650_5611261453988438273_n-768x486.jpg 768w, https:\/\/www.gdapress.it\/it\/..\/public\/it\/2016\/05\/13325705_273010479714650_5611261453988438273_n-500x317.jpg 500w, https:\/\/www.gdapress.it\/it\/..\/public\/it\/2016\/05\/13325705_273010479714650_5611261453988438273_n.jpg 960w\" sizes=\"auto, (max-width: 300px) 100vw, 300px\" \/>\u00a0<img loading=\"lazy\" decoding=\"async\" class=\"alignnone size-medium wp-image-57968\" src=\"http:\/\/www.gdapress.it\/it\/..\/public\/it\/2016\/05\/IMMAGINEMILANOOFF-300x111.jpg\" alt=\"IMMAGINEMILANOOFF\" width=\"300\" height=\"111\" srcset=\"https:\/\/www.gdapress.it\/it\/..\/public\/it\/2016\/05\/IMMAGINEMILANOOFF-300x111.jpg 300w, https:\/\/www.gdapress.it\/it\/..\/public\/it\/2016\/05\/IMMAGINEMILANOOFF-768x284.jpg 768w, https:\/\/www.gdapress.it\/it\/..\/public\/it\/2016\/05\/IMMAGINEMILANOOFF-500x185.jpg 500w, https:\/\/www.gdapress.it\/it\/..\/public\/it\/2016\/05\/IMMAGINEMILANOOFF.jpg 851w\" sizes=\"auto, (max-width: 300px) 100vw, 300px\" \/><\/p>\n<p><strong><u>\u00a0MILANO IN <\/u><\/strong><\/p>\n<p><strong>dal 30 maggio al 1\u00b0 giugno<\/strong><\/p>\n<p>presso l\u2019<strong>Unicredit Pavilion in Piazza Gae Aulenti, 10<\/strong><\/p>\n<p>Tre serate uniche e irripetibili pensate da grandi testimonial appositamente e generosamente per Milano Off.<\/p>\n<p><strong>CALENDARIO<\/strong><\/p>\n<p>Luned\u00ec 30 maggio \u2013 ore 21.00<\/p>\n<p><strong style=\"line-height: 1.5;\">STEFANO BOLLANI <\/strong><strong style=\"line-height: 1.5;\">Racconto il mio off<\/strong><\/p>\n<p>Marted\u00ec 31 maggio \u2013 ore 21.00<strong><br \/>\n<\/strong><\/p>\n<p><strong>JANGO EDWARDS\u00a0 <\/strong><strong>Quando il teatro, ridendo, sogna<br \/>\ncon la partecipazione di Francesco Scimemi<\/strong><\/p>\n<p>Mercoled\u00ec 1 giugno \u2013 ore 21.00<strong><br \/>\n<\/strong><\/p>\n<p><strong>DARIO FO ED ENRICO INTRA <\/strong><strong>raccontano, suonano e cantano Milano<br \/>\n\u201cDai bombardamenti all\u2019Expo: noi ci siamo sempre stati\u201d<\/p>\n<p><\/strong><\/p>\n<p><strong>Luned\u00ec 30 maggio \u2013 ore 21.00<\/strong><\/p>\n<p><strong>STEFANO BOLLANI<br \/>\n<\/strong><strong>Racconto il mio off<\/strong><\/p>\n<p>Stefano Bollani, artista poliedrico che spazia dalla musica al teatro, dialoga con il pubblico in una serata straordinaria ed esclusiva per il <em>Milano Off Isola Festival<\/em>. Parla delle sue esperienze eclettiche che spaziano dai palchi &#8220;in&#8221; alle scene pi\u00f9 &#8220;off&#8221;. La serata sar\u00e0 anche l&#8217;occasione per presentare il nuovo cd &#8220;Napoli Trip&#8221;.<\/p>\n<p>Bollani sale sul palco per imparare ogni sera qualcosa e \u201cperch\u00e9 \u00e8 pi\u00f9 conveniente che pagare uno psicanalista\u201d. Cerca stimoli ovunque, in tutta la musica del passato ma soprattutto esplora il presente. Quando non suona, scrive libri o inventa spettacoli teatrali come il recente <em>La regina dada<\/em>, scritto e interpretato insieme a Valentina Cenni. In radio, complice David Riondino, ha dato vita al Dottor Djemb\u00e8, onnisciente musicologo che ha sparso semi di ironia e sarcasmo dai microfoni di RadioRai3. In tv, dopo l\u2019 esperienza alla corte di Renzo Arbore, si \u00e8 lanciato per Rai3 in jam-session di parola e musica in due stagioni del suo <em>Sostiene Bollani<\/em>. Tutto sempre per comunicare gioia. <em>Joy in spite of everything<\/em>, come recita il titolo di un suo recente lavoro per ECM, prendendo in prestito una frase del grande Tom Robbins.<\/p>\n<p><strong>Marted\u00ec 31 maggio \u2013 ore 21.00<\/strong><br \/>\n<strong>JANGO EDWARDS<br \/>\n<\/strong><strong>Quando il teatro, ridendo, sogna<br \/>\ncon la partecipazione di Francesco Scimemi<\/p>\n<p><\/strong>Una serata sospesa tra magia e comicit\u00e0. Protagonista Jango Edwards, maestro della nouvelle clownerie, artista di strada, intrattenitore e attore comico dai mille volti.\u00a0 I suoi spettacoli, <em>one-man show<\/em> che combinano la tecnica clown con la satira politica,\u00a0 affondano le radici nella sua biografia, presentata sempre in modo esilarante e autoironico.<\/p>\n<p>Francesco Scimemi, lanciato da Zelig, noto per i suoi giochi di prestigio spiazzanti e fuori dagli schemi, \u00e8 la risposta italiana al cortocircuito tra magia e comicit\u00e0. Scimemi diverte nei suoi spettacoli coinvolgendo il pubblico, le gag, gli scherzi e gli arguti giochi di parole, contribuiscono a creare uno show di magia comica unico nel suo genere.<\/p>\n<p><strong>Mercoled\u00ec 1 giugno <\/strong><strong>\u2013 ore 21.00<\/strong><\/p>\n<p><strong style=\"line-height: 1.5;\">DARIO FO ED ENRICO INTRA<\/strong><\/p>\n<p><strong>raccontano, suonano e cantano Milano<br \/>\n\u201cDai bombardamenti all\u2019Expo: noi ci siamo sempre stati\u201d<br \/>\n<\/strong>alla chitarra Sergio Farina<\/p>\n<p>Fo e Intra, due pilastri della cultura a Milano, si raccontano in un dialogo tra musica e ricordi. La storia della citt\u00e0 si incrocia con i suoi protagonisti in una serata esclusiva per Milano Off.<br \/>\nTestimoni d&#8217;eccezione, che da sempre hanno partecipato alla vita della citt\u00e0 e sono stati capaci di raccontare al mondo, con arte e cuore, lo spirito del tempo e dei cambiamenti.<\/p>\n<p><em>Io ed Enrico faremo delle cose all&#8217;improvvisa, faremo del jazz, il primo jazz d&#8217;Italia. <\/em>Dario Fo<\/p>\n<p><strong>Dario Fo<\/strong><\/p>\n<p>Premio Nobel per la letteratura nel 1997, \u00e8 attore, regista, scrittore, scenografo, costumista e impresario della sua stessa compagnia. Uomo di teatro a tutto tondo, \u00e8 famoso per i suoi testi teatrali di satira politica e sociale e per l\u2019impegno politico di sinistra, portato avanti con la moglie Franca Rame. I suoi lavori teatrali fanno uso degli stilemi comici propri della Commedia dell\u2019arte italiana e sono rappresentati con successo in tutto il mondo.<\/p>\n<p><strong>Enrico Intra<\/strong><\/p>\n<p>Milanese, lavora da sempre per Milano e i suoi cittadini attraverso iniziative culturali a cui ha dato vita: dal Jazz al Cabaret &#8211; Intra\u2019s Derby Club &#8211; alla formazione, fondando nel 1987 i Civici Corsi di Jazz in collaborazione con il Comune di Milano, che gli ha consegnato l\u2019Ambrogino d\u2019Oro.<\/p>\n<p>Pianista, compositore, direttore d\u2019orchestra, vanta una lunga carriera di prestigio e di successo.<\/p>\n<p><strong>Ingresso gratuito fino a esaurimento posti.<br \/>\nCon beneficio di prenotazione riservato ai possessori di Milano OFF FIL Card<\/strong><strong><br \/>\nPer informazioni e prenotazioni: <\/strong><a href=\"http:\/\/www.milanooff.com\/\"><strong>www.milanooff.com<\/strong><\/a> <strong>\u2013 info@milanooff.com<\/strong><\/p>\n","protected":false},"excerpt":{"rendered":"<p>\u00a0 \u00a0MILANO IN dal 30 maggio al 1\u00b0 giugno presso l\u2019Unicredit Pavilion in Piazza Gae Aulenti, 10 Tre serate uniche e irripetibili pensate da grandi testimonial appositamente e generosamente per Milano Off. CALENDARIO Luned\u00ec 30 maggio \u2013 ore 21.00 STEFANO BOLLANI Racconto il mio off Marted\u00ec 31 maggio \u2013 ore 21.00 JANGO EDWARDS\u00a0 Quando il &hellip; <a href=\"https:\/\/www.gdapress.it\/it\/index.php\/57970\/spettacoli\/milano-in.html\" class=\"more-link\">Read more <span class=\"screen-reader-text\">MILANO IN<\/span><\/a><\/p>\n","protected":false},"author":3,"featured_media":57971,"comment_status":"closed","ping_status":"open","sticky":false,"template":"","format":"standard","meta":{"footnotes":""},"categories":[8],"tags":[17972,16277],"class_list":["post-57970","post","type-post","status-publish","format-standard","has-post-thumbnail","hentry","category-spettacoli","tag-milano-in","tag-unicredit-pavilion"],"_links":{"self":[{"href":"https:\/\/www.gdapress.it\/it\/index.php\/wp-json\/wp\/v2\/posts\/57970","targetHints":{"allow":["GET"]}}],"collection":[{"href":"https:\/\/www.gdapress.it\/it\/index.php\/wp-json\/wp\/v2\/posts"}],"about":[{"href":"https:\/\/www.gdapress.it\/it\/index.php\/wp-json\/wp\/v2\/types\/post"}],"author":[{"embeddable":true,"href":"https:\/\/www.gdapress.it\/it\/index.php\/wp-json\/wp\/v2\/users\/3"}],"replies":[{"embeddable":true,"href":"https:\/\/www.gdapress.it\/it\/index.php\/wp-json\/wp\/v2\/comments?post=57970"}],"version-history":[{"count":1,"href":"https:\/\/www.gdapress.it\/it\/index.php\/wp-json\/wp\/v2\/posts\/57970\/revisions"}],"predecessor-version":[{"id":57972,"href":"https:\/\/www.gdapress.it\/it\/index.php\/wp-json\/wp\/v2\/posts\/57970\/revisions\/57972"}],"wp:featuredmedia":[{"embeddable":true,"href":"https:\/\/www.gdapress.it\/it\/index.php\/wp-json\/wp\/v2\/media\/57971"}],"wp:attachment":[{"href":"https:\/\/www.gdapress.it\/it\/index.php\/wp-json\/wp\/v2\/media?parent=57970"}],"wp:term":[{"taxonomy":"category","embeddable":true,"href":"https:\/\/www.gdapress.it\/it\/index.php\/wp-json\/wp\/v2\/categories?post=57970"},{"taxonomy":"post_tag","embeddable":true,"href":"https:\/\/www.gdapress.it\/it\/index.php\/wp-json\/wp\/v2\/tags?post=57970"}],"curies":[{"name":"wp","href":"https:\/\/api.w.org\/{rel}","templated":true}]}}