
{"id":57836,"date":"2016-05-22T14:15:14","date_gmt":"2016-05-22T12:15:14","guid":{"rendered":"http:\/\/www.gdapress.it\/it\/?p=57836"},"modified":"2016-05-22T14:15:14","modified_gmt":"2016-05-22T12:15:14","slug":"taste-of-milano-2016-ce-limbarazzo-della-scelta","status":"publish","type":"post","link":"https:\/\/www.gdapress.it\/it\/index.php\/57836\/enogastronomia\/taste-of-milano-2016-ce-limbarazzo-della-scelta.html","title":{"rendered":"A Taste of Milano 2016 c&#8217;\u00e8 l\u2019imbarazzo della scelta"},"content":{"rendered":"<p><img loading=\"lazy\" decoding=\"async\" class=\"alignnone size-medium wp-image-57837\" src=\"http:\/\/www.gdapress.it\/it\/..\/public\/it\/2016\/05\/TasteofMilano_18B9480-300x200.jpg\" alt=\"TasteofMilano_18B9480\" width=\"300\" height=\"200\" srcset=\"https:\/\/www.gdapress.it\/it\/..\/public\/it\/2016\/05\/TasteofMilano_18B9480-300x200.jpg 300w, https:\/\/www.gdapress.it\/it\/..\/public\/it\/2016\/05\/TasteofMilano_18B9480-768x512.jpg 768w, https:\/\/www.gdapress.it\/it\/..\/public\/it\/2016\/05\/TasteofMilano_18B9480-500x333.jpg 500w, https:\/\/www.gdapress.it\/it\/..\/public\/it\/2016\/05\/TasteofMilano_18B9480-720x480.jpg 720w, https:\/\/www.gdapress.it\/it\/..\/public\/it\/2016\/05\/TasteofMilano_18B9480-272x182.jpg 272w\" sizes=\"auto, (max-width: 300px) 100vw, 300px\" \/>\u00a0<img loading=\"lazy\" decoding=\"async\" class=\"alignnone size-medium wp-image-57838\" src=\"http:\/\/www.gdapress.it\/it\/..\/public\/it\/2016\/05\/TasteofMilano_18B0228-300x200.jpg\" alt=\"TasteofMilano_18B0228\" width=\"300\" height=\"200\" srcset=\"https:\/\/www.gdapress.it\/it\/..\/public\/it\/2016\/05\/TasteofMilano_18B0228-300x200.jpg 300w, https:\/\/www.gdapress.it\/it\/..\/public\/it\/2016\/05\/TasteofMilano_18B0228-768x512.jpg 768w, https:\/\/www.gdapress.it\/it\/..\/public\/it\/2016\/05\/TasteofMilano_18B0228-500x333.jpg 500w, https:\/\/www.gdapress.it\/it\/..\/public\/it\/2016\/05\/TasteofMilano_18B0228-720x480.jpg 720w, https:\/\/www.gdapress.it\/it\/..\/public\/it\/2016\/05\/TasteofMilano_18B0228-272x182.jpg 272w\" sizes=\"auto, (max-width: 300px) 100vw, 300px\" \/>\u00a0<img loading=\"lazy\" decoding=\"async\" class=\"alignnone size-medium wp-image-57839\" src=\"http:\/\/www.gdapress.it\/it\/..\/public\/it\/2016\/05\/TasteofMilano_118B9502-300x200.jpg\" alt=\"TasteofMilano_118B9502\" width=\"300\" height=\"200\" srcset=\"https:\/\/www.gdapress.it\/it\/..\/public\/it\/2016\/05\/TasteofMilano_118B9502-300x200.jpg 300w, https:\/\/www.gdapress.it\/it\/..\/public\/it\/2016\/05\/TasteofMilano_118B9502-768x512.jpg 768w, https:\/\/www.gdapress.it\/it\/..\/public\/it\/2016\/05\/TasteofMilano_118B9502-500x333.jpg 500w, https:\/\/www.gdapress.it\/it\/..\/public\/it\/2016\/05\/TasteofMilano_118B9502-720x480.jpg 720w, https:\/\/www.gdapress.it\/it\/..\/public\/it\/2016\/05\/TasteofMilano_118B9502-272x182.jpg 272w\" sizes=\"auto, (max-width: 300px) 100vw, 300px\" \/>\u00a0<img loading=\"lazy\" decoding=\"async\" class=\"alignnone size-medium wp-image-57840\" src=\"http:\/\/www.gdapress.it\/it\/..\/public\/it\/2016\/05\/TasteofMilano_Dj-set-300x200.jpg\" alt=\"TasteofMilano_Dj set\" width=\"300\" height=\"200\" srcset=\"https:\/\/www.gdapress.it\/it\/..\/public\/it\/2016\/05\/TasteofMilano_Dj-set-300x200.jpg 300w, https:\/\/www.gdapress.it\/it\/..\/public\/it\/2016\/05\/TasteofMilano_Dj-set-768x512.jpg 768w, https:\/\/www.gdapress.it\/it\/..\/public\/it\/2016\/05\/TasteofMilano_Dj-set-500x333.jpg 500w, https:\/\/www.gdapress.it\/it\/..\/public\/it\/2016\/05\/TasteofMilano_Dj-set-720x480.jpg 720w, https:\/\/www.gdapress.it\/it\/..\/public\/it\/2016\/05\/TasteofMilano_Dj-set-272x182.jpg 272w, https:\/\/www.gdapress.it\/it\/..\/public\/it\/2016\/05\/TasteofMilano_Dj-set.jpg 2048w\" sizes=\"auto, (max-width: 300px) 100vw, 300px\" \/><\/p>\n<p><strong>Dal 19 al 22 maggio \u2013 The Mall, Piazza Lina Bo Bardi | Porta Nuova Varesine<\/strong><\/p>\n<p>Di pi\u00f9 e ancora di pi\u00f9. Partecipare a <strong>Taste of Milano<\/strong> non significa solo passare un piacevole momento o assaporare piatti esclusivi. Significa vivere un\u2019esperienza. E per questo il ventaglio di proposte \u00e8 incredibile. Andiamo quindi nel dettaglio:<\/p>\n<p><strong>Un Electrolux Taste Bakery con&#8230; <\/strong><\/p>\n<p>Uno spazio pensato in partnership con la scuola di cucina dello Chef Ernst Knam, Knam Experience Cooking Class, dove sar\u00e0 possibile realizzare ricette dal gusto straordinario con i nuovi forni PlusSteam di Electrolux. Un\u2019occasione unica per scoprire alcuni dei segreti del Re del Cioccolato e del suo nuovo e attesissimo progetto di scuola di cucina.<\/p>\n<p>Il programma qui: <a href=\"http:\/\/www.tasteofmilano.it\/pagina\/electrolux-taste-bakery\">www.tasteofmilano.it\/pagina\/electrolux-taste-bakery<\/a><\/p>\n<p><strong>Electrolux Chefs&#8217; Secrets &#8211; La scuola di cucina<\/strong><\/p>\n<p><strong>in collaborazione con Esselunga e con il supporto di PassionQKing.<\/strong><\/p>\n<p>Offre a visitatori l&#8217;opportunit\u00e0 unica di raccogliere suggerimenti, consigli e tecniche da alcuni degli chef pi\u00f9 importanti d\u2019Italia in una serie di dimostrazioni di cucina interattive. Queste sessioni permetteranno ai partecipanti non solo di cucinare ricette incredibili con grandi chef, ma anche di conoscere i pi\u00f9 recenti metodi di cottura che utilizzano il vapore e la tecnologia ad induzione. A dare il benvenuto ci sar\u00e0 uno chef di Electrolux Chef Academy che presenter\u00e0 gli innovativi elettrodomestici sui quali cucineranno i partecipanti e lo chef protagonista della lezione.<\/p>\n<p>Il programma qui: <a href=\"http:\/\/www.tasteofmilano.it\/pagina\/electrolux-secrets\">www.tasteofmilano.it\/pagina\/electrolux-secrets<\/a><\/p>\n<p><strong>Electrolux Hospitality Area<\/strong><\/p>\n<p>Qui gli chef di Electrolux Chef Academy saranno a disposizione del pubblico per raccontare le incredibili possibilit\u00e0 della cottura in forno combinato a vapore e su piani di cottura ad induzione della nuova Inspiration Range. Per quattro giorni sar\u00e0 offerta la possibilit\u00e0 di avere un vero cooking personal trainer al quale fare domande e chiedere consigli. Si potr\u00e0 inoltre assistere ad un intenso programma di presentazioni e showcooking per far vedere da vicino la preparazione, scoprire i trucchi dei professionisti che rendono un piatto indimenticabile e prendere tante ispirazioni da portare a casa per sorprendere i propri ospiti.<\/p>\n<p><strong>Taste the World con Etihad Airways<\/strong><\/p>\n<p>Etihad Airways, Airline ufficiale dei Taste Festivals nel mondo, porter\u00e0 a Taste of Milano impareggiabili esperienze culinarie. I visitatori sono invitati agli showcooking a tema Taste the World proposti dai loro chef di bordo che prepareranno piatti dalle destinazioni globali del network Etihad. Un food&amp;beverage manager sar\u00e0 a disposizione per raccontare l\u2019esperienza culinaria a bordo. I visitatori ed un ristorante partecipanti avranno inoltre la grande chance di vincere un viaggio per Taste of Abu Dhabi dal 10 al 12 novembre 2016 e scoprire cos\u00ec la casa di Etihad ed il mondo Taste the World!<\/p>\n<p><strong>Vip Lounge<\/strong><\/p>\n<p>E per i pi\u00f9 esigenti sar\u00e0 a disposizione la Vip Lounge per vivere Taste con quel pizzico di glamour in stile red carpet. Ingresso dedicato e un calice di Champagne in abbinamento alla classica ostrica offerta da I love Ostrica per iniziare a vivere Taste of Milano nel migliore dei modi. Il tutto in un\u2019area riservata che vedr\u00e0 esposta la miglior selezione di arredi e complementi di Trussardi Casa e arricchita dall\u2019esposizione di quadri \u201cKitchen Art\u201d dalla galleria Biffi Arte.<\/p>\n<p><strong>Il Laboratorio con Molino Vigevano<\/strong><\/p>\n<p>Importante novit\u00e0 del programma 2016 la collaborazione con Molino Vigevano. Nel corso delle quattro giornate di Taste of Milano l\u2019importante azienda molitoria sar\u00e0 protagonista di una nuova attrazione dedicata alla lievitazione e alle farine. Si organizzeranno corsi sulla realizzazione di pane e pizza per ricevere insegnamenti e consigli sulla lavorazione di questi lievitati direttamente da professionisti del settore. Il 20 maggio, inoltre, Molino Vigevano presenter\u00e0 la prima tappa del Tour Elementi, un evento itinerante dedicato alla scoperta dei segreti dell\u2019impasto perfetto, che vedr\u00e0 pizzaioli professionisti provenienti da tutta Italia mettere alla prova le proprie capacit\u00e0 con sfide sensoriali, tecniche e creative.<\/p>\n<p>Il programma qui: <a href=\"http:\/\/www.tasteofmilano.it\/pagina\/the-lab\">www.tasteofmilano.it\/pagina\/the-lab<\/a><\/p>\n<p><strong>In cucina con Snaidero, Trimani, Villa Massa e Pasabahce<\/strong><\/p>\n<p>La cucina \u00e8 il luogo dove si svolgono la maggior parte delle azioni quotidiane: qui si prepara il cibo, lo si cucina, lo si consuma. In Cucina Con Snaidero \u00e8 lo spazio destinato allo scambio di idee tra opinion leaders, giornalisti e produttori sul tema cibo, beverage, lifestyle, moda e design. Uno spazio dinamico che nel suo programma prevede cooking show, degustazioni di vini pregiati, condotte da Enoteca Trimani Vinai in Roma in collaborazione con Pa\u015fabah\u00e7e e un contest che rompe gli schemi: Villa Massa Tonic Challenge, presentato dalla storica azienda italiana che produce liquore a base di limone, in cui i migliori bartender Villa Massa lanceranno la sfida ai grandi chef protagonisti di Taste of Milano 2016.<\/p>\n<p>Il programma qui: <a href=\"http:\/\/www.tasteofmilano.it\/pagina\/cucina-con\">www.tasteofmilano.it\/pagina\/cucina-con<\/a><\/p>\n<p><strong>Invasioni al Caffe&#8217; by Musetti<\/strong><\/p>\n<p>Invasioni al Caff\u00e8 sar\u00e0 il primo talk show creato nella storia dei Taste Festivals. Un salotto, ospitato da Caff\u00e8 Musetti, nel quale si riceveranno gli ospiti di Taste of Milano e che sar\u00e0 animato da interviste, dialoghi, presentazioni. Contenuti di qualit\u00e0, integrati con il giusto mix di attualit\u00e0, sport e servizio per una pluralit\u00e0 di argomenti e una partecipazione di un pubblico di alto livello che, a Taste of Milano potr\u00e0 scoprire e approfondire temi e curiosit\u00e0 ma soprattutto socializzare e condividere ci\u00f2 che vive all\u2019evento. Si realizzeranno anche appuntamenti specifici sulla bevanda pi\u00f9 consumata al mondo: il prodotto e il suo percorso dal chicco alla tazzina; la creativit\u00e0, l\u2019arte e la cultura che si sviluppano attorno al caff\u00e8; l\u2019arte della preparazione e della degustazione e tanto altro a cura degli esperti Musetti.<\/p>\n<p>Tra gli ospiti e i conduttori: gli chef Fabio Zago, Giuseppe Iannotti, Andy Luotto, Tommaso Arrigoni, Filippo La Mantia, Tano Simonato, Stefania Corrado, Angelo Troiani, Sergio Mei e Luis Kitaba, le giornaliste Anna Prandoni, Laura Forno, Margo Schachter, Elisa Poli e Annalisa Cavaleri, i giornalisti Marco Colognese, Francesco Menichella, Carlo Baroni e i &#8220;comunicatori&#8221; Tommaso Lavizzari, Mario Cucci, Elena Giorgi, Ilaria Mazzarotta, Carlo Giuseppe Gabardini, Cristina Fogazzi, Cristina Scateni, Le Funky Mamas, Roberta Deiana, Veronica Benini e Barbara Torresan.<\/p>\n<p>Il programma qui: <a href=\"http:\/\/www.tasteofmilano.it\/pagina\/invasioni-al-caffe-by-musetti\">www.tasteofmilano.it\/pagina\/invasioni-al-caffe-by-musetti<\/a><\/p>\n<p><strong>La Pizza dei maestri gourmet by Ferrarelle<\/strong><\/p>\n<p>Partecipazione importante anche per l\u2019acqua ufficiale dei Taste Festivals italiani, Ferrarelle, che porter\u00e0 a Taste of Milano la miglior pizza d\u2019Italia e un nuovo progetto di comunicazione dedicato a questo prodotto in continua evoluzione. Il pubblico avr\u00e0 cos\u00ec l\u2019occasione per sperimentare, anche grazie alla partecipazione dei pizzaioli Gianfranco Iervolino e Edoardo Papa, le pi\u00f9 elevate espressioni della pizza e per pochi fortunati vi sar\u00e0 la possibilit\u00e0 di accedere alla commistione fra alta cucina e pizza gourmet attraverso quattro Sensational Dinners.<\/p>\n<p><strong>Area Kids gestita da lenuovemamme.it<\/strong><\/p>\n<p>A Taste of Milano i bambini fanno festa! Anche quest\u2019anno sar\u00e0 infatti attiva l&#8217;Area Kids, realizzata in collaborazione con il magazine lenuovemamme.it. Lo spazio, ideato appositamente per far trascorrere momenti ludici a tutti i cuccioli d&#8217;uomo che arriveranno alla manifestazione con i genitori sar\u00e0 accessibile durante gli orari di apertura di Taste of Milano. Gioco libero e laboratori, per parlare di cibo, di musica e mettere le mani in pasta. Sar\u00e0 possibile lasciare i bambini all&#8217;Area Kids sotto la supervisione di personale qualificato con un contributo di \u20ac 5,00 per un massimo di tre ore. La cifra comprende gli eventuali pasti ed i laboratori.<\/p>\n<p>Uno spazio interamente arredato da Le Civette sul Com\u00f2 e ideato appositamente per tutti i vostri bimbi dai 3 ai 10 anni nel quale potranno imparare a cucinare con i piccoli elettrodomestici gioco di Electrolux, impastare con Le Farine Magiche e Andy Luotto, disegnare con i chicchi di Caff\u00e8 Musetti, partecipare ai laboratori di Giallozafferano e giocare con i giochi DeA Kids. Non mancheranno ovviamente il pranzo, la merenda, la cena e panel dedicati alle mamme!<\/p>\n<p>Per poter garantire la partecipazione ai laboratori, che possono accogliere un massimo di 15 bambini, si consiglia la prenotazione scrivendo una mail a <a href=\"mailto:tasteofmilano@lenuovemamme.it\">tasteofmilano@lenuovemamme.it<\/a>.<\/p>\n<p><strong>Taste Cocktail Bar con Gin012 &amp; Verm\u00f9<\/strong><\/p>\n<p>Per chi non si accontenta dei migliori chef e delle etichette pi\u00f9 apprezzate, quest\u2019anno si aggiungono i cocktail in un formato pi\u00f9 unico che raro. GinO12 e Verm\u00f9 guideranno il pubblico alla scoperta del gin e del vermut con una <em>cocktaileria<\/em> tutta da scoprire per il perfetto drink all\u2019aperitivo o dopo cena. Il cocktail bar sar\u00e0 inoltre protagonista della serata inaugurale con djset di gioved\u00ec sera, dove anche gli chef lasceranno le cucine per ballare in compagnia.<strong>\u00a0<\/strong><\/p>\n<p><strong>Taste of Milano in breve:<\/strong><\/p>\n<p><strong>Dove<\/strong>: The Mall, Piazza Lina Bo Bardi | Porta Nuova Varesine<\/p>\n<p><strong>Quando<\/strong>: dal 19 al 22 maggio 2016<\/p>\n<p><strong>Ingresso<\/strong>: 16,00 euro, acquistabile su www.tasteofmilano.it , Ticketone.it o in al botteghino in loco<\/p>\n<p><strong>Orari<\/strong>: gioved\u00ec dalle 19:00 alle 02:00, venerd\u00ec dalle 19:00 alle 24:00, sabato dalle 12:30 alle 16:30 e dalle 19:00 alle 24:00 e domenica dalle 12:30 alle 16:30 e dalle 19:00 alle 24:00.<\/p>\n<p><strong>\u00a0<\/strong><strong>Per restare sempre aggiornati sulle ultime novit\u00e0: <\/strong><a href=\"http:\/\/www.tasteofmilano.it\/\"><strong>www.tasteofmilano.it<\/strong><\/a><\/p>\n<p>Facebook fan page:<strong> Taste Festivals Italia<\/strong><\/p>\n<p><strong>\u00a0<\/strong><\/p>\n","protected":false},"excerpt":{"rendered":"<p>\u00a0\u00a0\u00a0 Dal 19 al 22 maggio \u2013 The Mall, Piazza Lina Bo Bardi | Porta Nuova Varesine Di pi\u00f9 e ancora di pi\u00f9. Partecipare a Taste of Milano non significa solo passare un piacevole momento o assaporare piatti esclusivi. Significa vivere un\u2019esperienza. E per questo il ventaglio di proposte \u00e8 incredibile. Andiamo quindi nel dettaglio: &hellip; <a href=\"https:\/\/www.gdapress.it\/it\/index.php\/57836\/enogastronomia\/taste-of-milano-2016-ce-limbarazzo-della-scelta.html\" class=\"more-link\">Read more <span class=\"screen-reader-text\">A Taste of Milano 2016 c&#8217;\u00e8 l\u2019imbarazzo della scelta<\/span><\/a><\/p>\n","protected":false},"author":3,"featured_media":57838,"comment_status":"closed","ping_status":"open","sticky":false,"template":"","format":"standard","meta":{"footnotes":""},"categories":[20],"tags":[17,17913,15176],"class_list":["post-57836","post","type-post","status-publish","format-standard","has-post-thumbnail","hentry","category-enogastronomia","tag-milano","tag-taste-of-milano-2016","tag-the-mall"],"_links":{"self":[{"href":"https:\/\/www.gdapress.it\/it\/index.php\/wp-json\/wp\/v2\/posts\/57836","targetHints":{"allow":["GET"]}}],"collection":[{"href":"https:\/\/www.gdapress.it\/it\/index.php\/wp-json\/wp\/v2\/posts"}],"about":[{"href":"https:\/\/www.gdapress.it\/it\/index.php\/wp-json\/wp\/v2\/types\/post"}],"author":[{"embeddable":true,"href":"https:\/\/www.gdapress.it\/it\/index.php\/wp-json\/wp\/v2\/users\/3"}],"replies":[{"embeddable":true,"href":"https:\/\/www.gdapress.it\/it\/index.php\/wp-json\/wp\/v2\/comments?post=57836"}],"version-history":[{"count":1,"href":"https:\/\/www.gdapress.it\/it\/index.php\/wp-json\/wp\/v2\/posts\/57836\/revisions"}],"predecessor-version":[{"id":57842,"href":"https:\/\/www.gdapress.it\/it\/index.php\/wp-json\/wp\/v2\/posts\/57836\/revisions\/57842"}],"wp:featuredmedia":[{"embeddable":true,"href":"https:\/\/www.gdapress.it\/it\/index.php\/wp-json\/wp\/v2\/media\/57838"}],"wp:attachment":[{"href":"https:\/\/www.gdapress.it\/it\/index.php\/wp-json\/wp\/v2\/media?parent=57836"}],"wp:term":[{"taxonomy":"category","embeddable":true,"href":"https:\/\/www.gdapress.it\/it\/index.php\/wp-json\/wp\/v2\/categories?post=57836"},{"taxonomy":"post_tag","embeddable":true,"href":"https:\/\/www.gdapress.it\/it\/index.php\/wp-json\/wp\/v2\/tags?post=57836"}],"curies":[{"name":"wp","href":"https:\/\/api.w.org\/{rel}","templated":true}]}}