
{"id":57826,"date":"2016-05-20T15:21:05","date_gmt":"2016-05-20T13:21:05","guid":{"rendered":"http:\/\/www.gdapress.it\/it\/?p=57826"},"modified":"2016-05-20T15:21:05","modified_gmt":"2016-05-20T13:21:05","slug":"teatrino-palazzo-grassi-sandro-veronesi","status":"publish","type":"post","link":"https:\/\/www.gdapress.it\/it\/index.php\/57826\/teatro\/teatrino-palazzo-grassi-sandro-veronesi.html","title":{"rendered":"TEATRINO DI PALAZZO GRASSI  SANDRO VERONESI"},"content":{"rendered":"<div><img loading=\"lazy\" decoding=\"async\" class=\"alignnone size-large wp-image-57827\" src=\"http:\/\/www.gdapress.it\/it\/..\/public\/it\/2016\/05\/ImageProxy-1-267x400.jpg\" alt=\"ImageProxy (1)\" width=\"267\" height=\"400\" srcset=\"https:\/\/www.gdapress.it\/it\/..\/public\/it\/2016\/05\/ImageProxy-1-267x400.jpg 267w, https:\/\/www.gdapress.it\/it\/..\/public\/it\/2016\/05\/ImageProxy-1-200x300.jpg 200w, https:\/\/www.gdapress.it\/it\/..\/public\/it\/2016\/05\/ImageProxy-1.jpg 700w\" sizes=\"auto, (max-width: 267px) 100vw, 267px\" \/><\/div>\n<p><strong>Sabato 21 maggio 2016, ore 19.30<\/strong><\/p>\n<div><strong>\u201cNon dirlo. Il Vangelo di Marco\u201d.<\/strong><\/div>\n<div>Monologo di<strong> SANDRO VERONESI\u00a0<\/strong><\/div>\n<div>tratto dall&#8217;omonimo libro edito da Bompiani.<\/div>\n<div><strong>Ingresso libero<\/strong> fino a esaurimento posti.<\/div>\n<div>Si consiglia la prenotazione: teatrino@palazzograssi.it<\/div>\n<div><\/div>\n<div>Il Teatrino di Palazzo Grassi presenta, <strong>sabato 21 maggio alle ore 19.30<\/strong>, uno speciale appuntamento tra teatro e letteratura: <strong>Sandro Veronesi <\/strong>(1959, Firenze), scrittore, autore di numerosi successi tra cui<i>Caos Calmo<\/i>, vincitore Premio Strega 2006, proporr\u00e0 per il pubblico veneziano il monologo<strong> \u201cNon dirlo. Il Vangelo di Marco\u201d<\/strong>.<\/div>\n<div>\n<div><\/div>\n<div>Lo spettacolo \u00e8 stato concepito da Veronesi come ideale prosecuzione dell\u2019omonimo libro, pubblicato da Bompiani nel 2015, ed \u00e8 stato rappresentato in diversi teatri e appuntamenti culturali, come Il Festival dei Due Mondi di Spoleto e la Milanesiana a giugno dello scorso anno.<\/div>\n<div><\/div>\n<div>\u201cNon dirlo\u201d \u00e8 il comando di Ges\u00f9 che segue a ogni suo miracolo; il monito che esprime l\u2019essenza della sua personalit\u00e0 e del suo percorso terreno. Sandro Veronesi ha tratto da \u201cNon dirlo\u201d un monologo teatrale a partire dalla potente trama narrativa del Vangelo di Marco, fondata sulla seduzione del gesto e dell\u2019azione: proprio come il Vangelo stesso, la sua divulgazione \u00e8 la comunicazione orale, \u201c\u2026 da bocca a orecchio, con la fondamentale messa in gioco del corpo e del contatto visivo tra autore e uditore\u201d.<\/div>\n<div><\/div>\n<div>Scritto a Roma per i romani, il Vangelo di Marco \u00e8 un potente strumento di conversione, che Veronesi adatta all\u2019immaginario del lettore contemporaneo. Lo scrittore Sandro Veronesi scava fin nel profondo questo testo, il primo e il pi\u00f9 breve dei Vangeli, ma anche il pi\u00f9 avventuroso e misterioso, e lo propone nella sua attuale modernit\u00e0.<\/div>\n<div><\/div>\n<div>Il Vangelo di Marco, infatti, presenta il Cristo come un uomo d\u2019azione: un protagonista quasi pi\u00f9 simile a quelli dei film di Quentin Tarantino e Sergio Leone che alla figura descritta dagli altri evangelisti.<\/div>\n<div><\/div>\n<div><strong>Lo spettacolo \u00e8 una produzione Teatro Metastasio di Prato in collaborazione con Fosforo.<\/strong><\/div>\n<div><strong>\u00a0<\/strong><\/div>\n<div>Il calendario completo della stagione culturale \u00e8 disponibile sul sito di Palazzo Grassi, alla pagina \u201ccalendario\u201d.<\/div>\n<div><a href=\"http:\/\/www.palazzograssi.it\/\" target=\"_blank\">www.palazzograssi.it<\/a><\/div>\n<div><\/div>\n<div><\/div>\n<div>\u00a0NonDirlo_SandroVeronesi-ph.LucaDelPia<\/div>\n<div><strong>&#8212;&#8212;&#8212;&#8212;&#8212;&#8212;&#8212;&#8212;&#8212;&#8212;&#8212;&#8212;<\/strong><\/div>\n<div><\/div>\n<div><strong>Sandro Veronesi<\/strong><\/div>\n<div><strong>\u00a0<\/strong><\/div>\n<div>E\u2019 nato a Firenze nel 1959. \u00c8 laureato in architettura. Ha pubblicato: <i>Per dove parte questo treno allegro<\/i>(1988); <i>Live<\/i> (1996); <i>Gli sfiorati<\/i> (1990); <i>Occhio per occhio. La pena di morte in quattro storie<\/i> (1992);<i>Venite venite B-52<\/i> (1995), vincitore del Premio Fiesole nel 1996; <i>La forza del passato<\/i> (2000), con cui ha vinto il Premio Viareggio L. Repaci e il Premio Campiello; <i>Ring City<\/i> (2001), Premio Fregene 2001;<i>Superalbo<\/i> (2002); <i>No Man\u2019s Land<\/i> (2003); <i>Caos calmo<\/i> (2005); <i>Brucia Troia<\/i> (2007); <i>Baci scagliati altrove<\/i>(2011); <i>XY<\/i> (2013); <i>Viaggi e viaggetti. Finch\u00e9 il tuo cuore non \u00e8 contento<\/i> (2013) e <i>Non dirlo. Il Vangelo di Marco<\/i> (2015). Vincitore nel 2006 del Premio Strega, <i>Caos calmo<\/i> \u00e8 stato tradotto in 20 paesi. Nel 2010 ha pubblicato XY, vincitore del Premio Flaiano 2011 e del Premio Superflaiano 2011. Sandro Veronesi ha collaborato con numerosi quotidiani e quasi tutte le riviste letterarie. Attualmente collabora con il \u201cCorriere della Sera\u201d e con \u201cLa Gazzetta dello Sport\u201d. Ha cinque figli e vive tra Prato e Roma.<\/div>\n<div><\/div>\n<div><strong>\u00a0<\/strong><\/div>\n<div><strong>SCHEDA EDITORIALE<\/strong><\/div>\n<div><strong>\u00a0<\/strong><\/div>\n<div><strong>Non dirlo. Il Vangelo di Marco<\/strong><\/div>\n<div><strong>Sandro Veronesi<\/strong><\/div>\n<div>Bompiani, collana PasSaggi, 2015<\/div>\n<div>13,00 euro<\/div>\n<div><\/div>\n<\/div>\n<div>\n<div>Partner istituzionale<\/div>\n<div>\u00a0<img loading=\"lazy\" decoding=\"async\" src=\"https:\/\/dub127.mail.live.com\/Handlers\/ImageProxy.mvc?bicild=&amp;canary=NLeiz9%2f2dCIBdt5UqWCW6olOp8ikpe0LZrUFu1I93eA%3d0&amp;url=http%3a%2f%2fimg.ymlp69.com%2ftubm_pinaultcollection_19.jpg\" alt=\"\" width=\"226\" height=\"23\" border=\"0\" \/><\/div>\n<div><\/div>\n<\/div>\n","protected":false},"excerpt":{"rendered":"<p>Sabato 21 maggio 2016, ore 19.30 \u201cNon dirlo. Il Vangelo di Marco\u201d. Monologo di SANDRO VERONESI\u00a0 tratto dall&#8217;omonimo libro edito da Bompiani. Ingresso libero fino a esaurimento posti. Si consiglia la prenotazione: teatrino@palazzograssi.it Il Teatrino di Palazzo Grassi presenta, sabato 21 maggio alle ore 19.30, uno speciale appuntamento tra teatro e letteratura: Sandro Veronesi (1959, &hellip; <a href=\"https:\/\/www.gdapress.it\/it\/index.php\/57826\/teatro\/teatrino-palazzo-grassi-sandro-veronesi.html\" class=\"more-link\">Read more <span class=\"screen-reader-text\">TEATRINO DI PALAZZO GRASSI  SANDRO VERONESI<\/span><\/a><\/p>\n","protected":false},"author":3,"featured_media":0,"comment_status":"closed","ping_status":"open","sticky":false,"template":"","format":"standard","meta":{"footnotes":""},"categories":[1],"tags":[17928,14836],"class_list":["post-57826","post","type-post","status-publish","format-standard","hentry","category-teatro","tag-sandro-veronesi","tag-teatrino-di-palazzo-grassi"],"_links":{"self":[{"href":"https:\/\/www.gdapress.it\/it\/index.php\/wp-json\/wp\/v2\/posts\/57826","targetHints":{"allow":["GET"]}}],"collection":[{"href":"https:\/\/www.gdapress.it\/it\/index.php\/wp-json\/wp\/v2\/posts"}],"about":[{"href":"https:\/\/www.gdapress.it\/it\/index.php\/wp-json\/wp\/v2\/types\/post"}],"author":[{"embeddable":true,"href":"https:\/\/www.gdapress.it\/it\/index.php\/wp-json\/wp\/v2\/users\/3"}],"replies":[{"embeddable":true,"href":"https:\/\/www.gdapress.it\/it\/index.php\/wp-json\/wp\/v2\/comments?post=57826"}],"version-history":[{"count":1,"href":"https:\/\/www.gdapress.it\/it\/index.php\/wp-json\/wp\/v2\/posts\/57826\/revisions"}],"predecessor-version":[{"id":57828,"href":"https:\/\/www.gdapress.it\/it\/index.php\/wp-json\/wp\/v2\/posts\/57826\/revisions\/57828"}],"wp:attachment":[{"href":"https:\/\/www.gdapress.it\/it\/index.php\/wp-json\/wp\/v2\/media?parent=57826"}],"wp:term":[{"taxonomy":"category","embeddable":true,"href":"https:\/\/www.gdapress.it\/it\/index.php\/wp-json\/wp\/v2\/categories?post=57826"},{"taxonomy":"post_tag","embeddable":true,"href":"https:\/\/www.gdapress.it\/it\/index.php\/wp-json\/wp\/v2\/tags?post=57826"}],"curies":[{"name":"wp","href":"https:\/\/api.w.org\/{rel}","templated":true}]}}