
{"id":57820,"date":"2016-05-20T08:41:57","date_gmt":"2016-05-20T06:41:57","guid":{"rendered":"http:\/\/www.gdapress.it\/it\/?p=57820"},"modified":"2016-05-20T08:41:57","modified_gmt":"2016-05-20T06:41:57","slug":"57820","status":"publish","type":"post","link":"https:\/\/www.gdapress.it\/it\/index.php\/57820\/arte\/57820.html","title":{"rendered":"A DOPPIO SENSO Andrea Bianconi  Matteo Negri Casa Testori"},"content":{"rendered":"<p><img loading=\"lazy\" decoding=\"async\" class=\"alignnone size-medium wp-image-57823\" src=\"http:\/\/www.gdapress.it\/it\/..\/public\/it\/2016\/05\/Fronte_invitoTeo_Negri-768x543-300x212.jpg\" alt=\"Fronte_invitoTeo_Negri-768x543\" width=\"300\" height=\"212\" srcset=\"https:\/\/www.gdapress.it\/it\/..\/public\/it\/2016\/05\/Fronte_invitoTeo_Negri-768x543-300x212.jpg 300w, https:\/\/www.gdapress.it\/it\/..\/public\/it\/2016\/05\/Fronte_invitoTeo_Negri-768x543.jpg 768w, https:\/\/www.gdapress.it\/it\/..\/public\/it\/2016\/05\/Fronte_invitoTeo_Negri-768x543-500x354.jpg 500w\" sizes=\"auto, (max-width: 300px) 100vw, 300px\" \/><\/p>\n<p><strong>A DOPPIO SENSO. <\/strong><\/p>\n<p><strong>Andrea Bianconi e Matteo Negri, una bipersonale a Casa Testori<\/strong><\/p>\n<p>22 maggio \u2013 24 luglio 2016<\/p>\n<p>Due artisti lanciati nel 2009, in occasione della prima edizione della mostra Giorni Felici, che hanno conosciuto in questi anni una consacrazione da parte della critica e del mercato a livello internazionale, tornano nella dimora testoriana di Novate Milanese con due progetti espositivi di grande originalit\u00e0 e impatto. Una conferma della vocazione di Casa Testori come trampolino per nuovi talenti: sono oltre 80 i giovani artisti che hanno esposto in questi anni nella struttura espositiva di Novate Milanese, presieduta da Carlo Maria Pinardi e diretta da Davide Dall\u2019Ombra. Per molti di loro si \u00e8 trattato dell\u2019inizio di un cammino di grande soddisfazione e successo.<\/p>\n<p>I casi di Andrea Bianconi (1974) e di Matteo Negri (1982) sono certamente tra i pi\u00f9 emblematici. I loro linguaggi sono molto diversi, ma ci\u00f2 che li caratterizza \u00e8 la capacit\u00e0 di gestire gli spazi molto articolati della Casa e del giardino in modo inaspettato.<\/p>\n<p><em>A doppio senso<\/em> \u00e8 quindi una mostra che intreccia due mostre, ciascuna con percorsi chiari, ma con punti di contatto negli spazi della Casa. <em>A doppio senso<\/em> indica quindi un doppio percorso, un doppio linguaggio espressivo, ma anche un\u2019andata e ritorno.<\/p>\n<p>&nbsp;<\/p>\n<p><strong>LE MOSTRE<\/strong><\/p>\n<p><strong>Matteo Negri. <em>Splendida villa con giardino, viste incantevoli<\/em><\/strong><\/p>\n<p>a cura di Daniele Capra<\/p>\n<p><strong>Matteo Negri occupa le stanze affacciate sul giardino al piano terra della Casa<\/strong>, con sei interventi scultorei <em>site specific. <\/em>Negri ribalta il punto di vista e le modalit\u00e0 di fruizione del luogo: le opere ospitate nelle stanze della casa, infatti, saranno visibili solo dall\u2019esterno, attraverso scalette progettate ad hoc, spingendo il visitatore ad affacciarsi su scenari sorprendenti allestiti nelle stanze. Le installazioni di Negri spaziano da opere create con specchi speciali e luci teatrali, a sculture in cui vengono impiegati\u00a0 materiali compositi (come resine epossidiche, silicone), sino al pi\u00f9 classico bronzo, utilizzato per la grande scultura rotante, una vespa che \u00e8 stata aperta e ricomposta con le sembianze di una ballerina, posta nella veranda della dimora di Testori.<\/p>\n<p>La mostra \u00e8 curata da Daniele Capra ed \u00e8 realizzata in collaborazione con ABC-ARTE, Genova.<\/p>\n<p>&nbsp;<\/p>\n<p><strong>Andrea Bianconi. <em>You and Myself. <\/em><\/strong><strong><em>Performance 2006 -2016<\/em><\/strong><\/p>\n<p>a cura di Luigi Meneghelli<\/p>\n<p><strong>Andrea Bianconi porta a Casa Testori la documentazione spettacolare di dieci anni di performance<\/strong> da lui realizzate in tutto il mondo. Grandi proiezioni filmate permetteranno ai visitatori di vivere in modo molto coinvolgente le azioni di Bianconi. La mostra ripercorre l&#8217;intero iter suo performativo: accanto ad azioni poste sotto il segno del ludico (della sorpresa, dello stupore), ad azioni minimali, sommesse, incantatorie, Bianconi sviluppa altre performance che implicano autentiche \u201crecite collettive\u201d.\u00a0 L\u2019artista non si pone stretti limiti disciplinari, regole, gerarchie, se non quelli di aprirsi all&#8217;altro, al pubblico, per destare stupore, incredulit\u00e0, interrogativi. Spesso, la performance di Bianconi ha a che fare con una sorta di \u201cdivertimento artistico\u201d: \u00e8 una gag, una serie di gesti apparentemente gratuiti, di risibili azioni ludiche. Bianconi realizzer\u00e0 anche una performance immaginata ad hoc per Casa Testori, che verr\u00e0 ripetuta pi\u00f9 volte durante il periodo espositivo.<\/p>\n<p>&nbsp;<\/p>\n<p>&nbsp;<\/p>\n<p>&nbsp;<\/p>\n<p><strong><em>Biografie.<\/em><\/strong><\/p>\n<p><strong>Andrea Bianconi<\/strong> vive e lavora tra Vicenza e Brooklyn. Alla V Biennale di Mosca ha realizzato una public per\u00adformance tra la Piazza Rossa, il Cremlino e il Manege. Tra le sue recenti esposizioni, Valencia, Madrid, New York, United Arab Emirates, Basilea, Palazzo Reale &#8211; Milano, Shanghai. Nel 2011 Charta ha pubblicato la sua prima monografia, nel 2012 Cura.Books il suo primo libro d&#8217;artista \u201cROMANCE\u201d e nel 2013 il secondo dal titolo \u201cFABLE\u201d. Entrambi fanno parte della collezione del MoMA, New York.<\/p>\n<p>&nbsp;<\/p>\n<p><strong>Matteo Negri<\/strong> \u00e8 nato a San Donato, 1982. Vive e la vora a Milano. La sua opera \u00e8 caratterizzata da un interesse prevalente per la scultura, bench\u00e9 non manchino lavori di carattere bidimensionale. Ospitate frequentemente in contesti pubblici, come ad esempio in Piazza Gae Aulenti a Milano (<em>Multiplicity, 2015) <\/em>e in diverse piazze a Parigi (<em>L\u2019egos\u00cfme<\/em> 2010), le sue opere attivano gli spazi con un senso di ludica meraviglia.<\/p>\n<p>&nbsp;<\/p>\n<p>&nbsp;<\/p>\n<p><strong>A DOPPIO SENSO<\/strong><\/p>\n<p><strong>Andrea Bianconi e Matteo Negri, una bipersonale a Casa Testori<\/strong><\/p>\n<p>dal 22 maggio al 24 luglio<\/p>\n<p><strong>Vernissage sabato 21 maggio ore 18.00<\/strong><\/p>\n<p>Casa Testori, largo A. Testori 13 (via Piave angolo via Dante)<\/p>\n<p>INGRESSO LIBERO<\/p>\n<p>Informazioni al pubblico: tel. +39 02.36589697<\/p>\n<p><a href=\"http:\/\/www.casatestori.it\">www.casatestori.it<\/a> | <a href=\"mailto:info@casatestori.it\">info@casatestori.it<\/a><\/p>\n","protected":false},"excerpt":{"rendered":"<p>A DOPPIO SENSO. Andrea Bianconi e Matteo Negri, una bipersonale a Casa Testori 22 maggio \u2013 24 luglio 2016 Due artisti lanciati nel 2009, in occasione della prima edizione della mostra Giorni Felici, che hanno conosciuto in questi anni una consacrazione da parte della critica e del mercato a livello internazionale, tornano nella dimora testoriana &hellip; <a href=\"https:\/\/www.gdapress.it\/it\/index.php\/57820\/arte\/57820.html\" class=\"more-link\">Read more <span class=\"screen-reader-text\">A DOPPIO SENSO Andrea Bianconi  Matteo Negri Casa Testori<\/span><\/a><\/p>\n","protected":false},"author":3,"featured_media":57823,"comment_status":"closed","ping_status":"open","sticky":false,"template":"","format":"standard","meta":{"footnotes":""},"categories":[4],"tags":[17925,17926,4397,17927],"class_list":["post-57820","post","type-post","status-publish","format-standard","has-post-thumbnail","hentry","category-arte","tag-a-doppio-senso","tag-andrea-bianconi","tag-casa-testori","tag-matteo-negri"],"_links":{"self":[{"href":"https:\/\/www.gdapress.it\/it\/index.php\/wp-json\/wp\/v2\/posts\/57820","targetHints":{"allow":["GET"]}}],"collection":[{"href":"https:\/\/www.gdapress.it\/it\/index.php\/wp-json\/wp\/v2\/posts"}],"about":[{"href":"https:\/\/www.gdapress.it\/it\/index.php\/wp-json\/wp\/v2\/types\/post"}],"author":[{"embeddable":true,"href":"https:\/\/www.gdapress.it\/it\/index.php\/wp-json\/wp\/v2\/users\/3"}],"replies":[{"embeddable":true,"href":"https:\/\/www.gdapress.it\/it\/index.php\/wp-json\/wp\/v2\/comments?post=57820"}],"version-history":[{"count":1,"href":"https:\/\/www.gdapress.it\/it\/index.php\/wp-json\/wp\/v2\/posts\/57820\/revisions"}],"predecessor-version":[{"id":57824,"href":"https:\/\/www.gdapress.it\/it\/index.php\/wp-json\/wp\/v2\/posts\/57820\/revisions\/57824"}],"wp:featuredmedia":[{"embeddable":true,"href":"https:\/\/www.gdapress.it\/it\/index.php\/wp-json\/wp\/v2\/media\/57823"}],"wp:attachment":[{"href":"https:\/\/www.gdapress.it\/it\/index.php\/wp-json\/wp\/v2\/media?parent=57820"}],"wp:term":[{"taxonomy":"category","embeddable":true,"href":"https:\/\/www.gdapress.it\/it\/index.php\/wp-json\/wp\/v2\/categories?post=57820"},{"taxonomy":"post_tag","embeddable":true,"href":"https:\/\/www.gdapress.it\/it\/index.php\/wp-json\/wp\/v2\/tags?post=57820"}],"curies":[{"name":"wp","href":"https:\/\/api.w.org\/{rel}","templated":true}]}}