
{"id":57745,"date":"2016-05-16T09:41:05","date_gmt":"2016-05-16T07:41:05","guid":{"rendered":"http:\/\/www.gdapress.it\/it\/?p=57745"},"modified":"2016-05-16T09:41:05","modified_gmt":"2016-05-16T07:41:05","slug":"ta-milano-rende-omaggio-allo-zafferano","status":"publish","type":"post","link":"https:\/\/www.gdapress.it\/it\/index.php\/57745\/enogastronomia\/ta-milano-rende-omaggio-allo-zafferano.html","title":{"rendered":"T\u2019A MILANO RENDE OMAGGIO ALLO ZAFFERANO"},"content":{"rendered":"<p><img loading=\"lazy\" decoding=\"async\" class=\"alignnone size-medium wp-image-57746\" src=\"http:\/\/www.gdapress.it\/it\/..\/public\/it\/2016\/05\/Barattolo-3-cuochi_light-243x300.jpg\" alt=\"Barattolo-3-cuochi_light\" width=\"243\" height=\"300\" srcset=\"https:\/\/www.gdapress.it\/it\/..\/public\/it\/2016\/05\/Barattolo-3-cuochi_light-243x300.jpg 243w, https:\/\/www.gdapress.it\/it\/..\/public\/it\/2016\/05\/Barattolo-3-cuochi_light-768x950.jpg 768w, https:\/\/www.gdapress.it\/it\/..\/public\/it\/2016\/05\/Barattolo-3-cuochi_light-323x400.jpg 323w, https:\/\/www.gdapress.it\/it\/..\/public\/it\/2016\/05\/Barattolo-3-cuochi_light.jpg 1000w\" sizes=\"auto, (max-width: 243px) 100vw, 243px\" \/><img loading=\"lazy\" decoding=\"async\" class=\"alignnone size-medium wp-image-57747\" src=\"http:\/\/www.gdapress.it\/it\/..\/public\/it\/2016\/05\/cocktail-3-cuochi-oro-di-Milano-MED-300x200.jpg\" alt=\"cocktail 3 cuochi - oro di Milano - MED\" width=\"300\" height=\"200\" srcset=\"https:\/\/www.gdapress.it\/it\/..\/public\/it\/2016\/05\/cocktail-3-cuochi-oro-di-Milano-MED-300x200.jpg 300w, https:\/\/www.gdapress.it\/it\/..\/public\/it\/2016\/05\/cocktail-3-cuochi-oro-di-Milano-MED-768x512.jpg 768w, https:\/\/www.gdapress.it\/it\/..\/public\/it\/2016\/05\/cocktail-3-cuochi-oro-di-Milano-MED-500x333.jpg 500w, https:\/\/www.gdapress.it\/it\/..\/public\/it\/2016\/05\/cocktail-3-cuochi-oro-di-Milano-MED-720x480.jpg 720w, https:\/\/www.gdapress.it\/it\/..\/public\/it\/2016\/05\/cocktail-3-cuochi-oro-di-Milano-MED-272x182.jpg 272w, https:\/\/www.gdapress.it\/it\/..\/public\/it\/2016\/05\/cocktail-3-cuochi-oro-di-Milano-MED.jpg 1024w\" sizes=\"auto, (max-width: 300px) 100vw, 300px\" \/><\/p>\n<p><strong>DAL 16 AL 31 MAGGIO 2016<\/strong><\/p>\n<p>T\u2019A MILANO STORE &amp; BISTROT<\/p>\n<p>VIA CLERICI, 1 \u2013 MILANO<\/p>\n<p>Per due settimane, dal 16 al 31 maggio, domeniche escluse, T\u2019a Milano Store &amp; Bistrot, apre le porte al re delle spezie, lo zafferano, per un\u2019iniziativa in collaborazione con <strong>ZAFFERANO 3 CUOCHI<\/strong>, storico brand milanese con oltre 80 anni di storia e milioni di affezionati consumatori.<\/p>\n<p>Nelle due settimane dell\u2019iniziativa per tutti gli ospiti del bistrot di via Clerici l\u2019amuse bouche dello chef Carlo Alberto D\u2019Audino sar\u00e0 a base di zafferano, un modo simpatico per stuzzicare e divertire il palato, insieme <strong>ad un omaggio offerto da ZAFFERANO 3 CUOCHI<\/strong>.<\/p>\n<p>Inoltre chi lo vorr\u00e0 potr\u00e0 scegliere liberamente tra alcune proposte che coniugano qualit\u00e0 e storia per rendere omaggio alle spezia pi\u00f9 cara ai milanesi come ad esempio una versione originale del classico risotto allo zafferano con l\u2019aggiunta della gremolada gratinata o una gustosa entrecote di manzo su crema di riso allo zafferano e gremolada.<\/p>\n<p>Infine nella lista cocktail, l\u2019originale \u201c<strong><em><u>L\u2019ORO DI MILANO<\/u><\/em><\/strong>\u201d a base di Vodka, Vermouth Bianco e sciroppo allo zafferano.<\/p>\n<p><strong>\u00a0<\/strong><strong>Per prenotazioni: 02.87386130 &#8211; reservation@tamilano.com <\/strong><\/p>\n<p>Da luned\u00ec a venerd\u00ec dalle 8.00 del mattino a mezzanotte.<\/p>\n<p>Sabato dalle 11.00 del mattino a mezzanotte.<\/p>\n<p><strong>Domenica chiuso.<\/strong><\/p>\n<p><strong><u>www.tamilano.com<\/u><\/strong><\/p>\n","protected":false},"excerpt":{"rendered":"<p>DAL 16 AL 31 MAGGIO 2016 T\u2019A MILANO STORE &amp; BISTROT VIA CLERICI, 1 \u2013 MILANO Per due settimane, dal 16 al 31 maggio, domeniche escluse, T\u2019a Milano Store &amp; Bistrot, apre le porte al re delle spezie, lo zafferano, per un\u2019iniziativa in collaborazione con ZAFFERANO 3 CUOCHI, storico brand milanese con oltre 80 anni &hellip; <a href=\"https:\/\/www.gdapress.it\/it\/index.php\/57745\/enogastronomia\/ta-milano-rende-omaggio-allo-zafferano.html\" class=\"more-link\">Read more <span class=\"screen-reader-text\">T\u2019A MILANO RENDE OMAGGIO ALLO ZAFFERANO<\/span><\/a><\/p>\n","protected":false},"author":3,"featured_media":57747,"comment_status":"closed","ping_status":"open","sticky":false,"template":"","format":"standard","meta":{"footnotes":""},"categories":[20],"tags":[12677,12085],"class_list":["post-57745","post","type-post","status-publish","format-standard","has-post-thumbnail","hentry","category-enogastronomia","tag-ta-milano","tag-zafferano"],"_links":{"self":[{"href":"https:\/\/www.gdapress.it\/it\/index.php\/wp-json\/wp\/v2\/posts\/57745","targetHints":{"allow":["GET"]}}],"collection":[{"href":"https:\/\/www.gdapress.it\/it\/index.php\/wp-json\/wp\/v2\/posts"}],"about":[{"href":"https:\/\/www.gdapress.it\/it\/index.php\/wp-json\/wp\/v2\/types\/post"}],"author":[{"embeddable":true,"href":"https:\/\/www.gdapress.it\/it\/index.php\/wp-json\/wp\/v2\/users\/3"}],"replies":[{"embeddable":true,"href":"https:\/\/www.gdapress.it\/it\/index.php\/wp-json\/wp\/v2\/comments?post=57745"}],"version-history":[{"count":1,"href":"https:\/\/www.gdapress.it\/it\/index.php\/wp-json\/wp\/v2\/posts\/57745\/revisions"}],"predecessor-version":[{"id":57748,"href":"https:\/\/www.gdapress.it\/it\/index.php\/wp-json\/wp\/v2\/posts\/57745\/revisions\/57748"}],"wp:featuredmedia":[{"embeddable":true,"href":"https:\/\/www.gdapress.it\/it\/index.php\/wp-json\/wp\/v2\/media\/57747"}],"wp:attachment":[{"href":"https:\/\/www.gdapress.it\/it\/index.php\/wp-json\/wp\/v2\/media?parent=57745"}],"wp:term":[{"taxonomy":"category","embeddable":true,"href":"https:\/\/www.gdapress.it\/it\/index.php\/wp-json\/wp\/v2\/categories?post=57745"},{"taxonomy":"post_tag","embeddable":true,"href":"https:\/\/www.gdapress.it\/it\/index.php\/wp-json\/wp\/v2\/tags?post=57745"}],"curies":[{"name":"wp","href":"https:\/\/api.w.org\/{rel}","templated":true}]}}