
{"id":57516,"date":"2016-05-03T07:56:08","date_gmt":"2016-05-03T05:56:08","guid":{"rendered":"http:\/\/www.gdapress.it\/it\/?p=57516"},"modified":"2016-05-03T07:56:08","modified_gmt":"2016-05-03T05:56:08","slug":"30-anni-zelig-cabaret-interviste-spettacolo","status":"publish","type":"post","link":"https:\/\/www.gdapress.it\/it\/index.php\/57516\/spettacoli\/30-anni-zelig-cabaret-interviste-spettacolo.html","title":{"rendered":"Per i 30 anni di Zelig cabaret interviste e spettacolo"},"content":{"rendered":"<p><img loading=\"lazy\" decoding=\"async\" class=\"alignnone size-thumbnail wp-image-57517\" src=\"http:\/\/www.gdapress.it\/it\/..\/public\/it\/2016\/05\/Antonio-Ornano_9856bassa-Copia-467x700-150x150.jpg\" alt=\"Antonio Ornano_9856bassa - Copia (467x700)\" width=\"150\" height=\"150\" \/>\u00a0 \u00a0<img loading=\"lazy\" decoding=\"async\" class=\"alignnone size-thumbnail wp-image-57518\" src=\"http:\/\/www.gdapress.it\/it\/..\/public\/it\/2016\/05\/Paolo-Casiraghi-e-Giancarlo-Barbara-150x150.jpg\" alt=\"Paolo Casiraghi e Giancarlo Barbara\" width=\"150\" height=\"150\" \/>\u00a0<img loading=\"lazy\" decoding=\"async\" class=\"alignnone size-thumbnail wp-image-57519\" src=\"http:\/\/www.gdapress.it\/it\/..\/public\/it\/2016\/05\/stefano-chiodaroli-giancarlo-barbara-sito_0-150x150.png\" alt=\"stefano-chiodaroli-giancarlo-barbara-sito_0\" width=\"150\" height=\"150\" \/>\u00a0<img loading=\"lazy\" decoding=\"async\" class=\"alignnone size-thumbnail wp-image-57520\" src=\"http:\/\/www.gdapress.it\/it\/..\/public\/it\/2016\/05\/MG_4125-150x150.jpg\" alt=\"_MG_4125\" width=\"150\" height=\"150\" \/><\/p>\n<p><strong>MARTEDI&#8217; 3 MAGGIO \u2013 ore 21<\/strong><\/p>\n<p>ANTONIO ORNANO<br \/>\n&#8211; INTERVISTA e SPETTACOLO per i 30 ANNI ZELIG CABARET<\/p>\n<p>ingresso tavolo 15\u20ac \/tribuna 12\u20ac<\/p>\n<p>Giancarlo Bozzo continua il ciclo delle sue interviste a pi\u00f9 importanti comici che hanno fatto la storia del cabaret italiano<\/p>\n<p><strong>MERCOLEDI&#8217; 4 MAGGIO \u2013 ore 21<\/strong><\/p>\n<p>FEDERICO BASSO e DAVIDE PANIATE<\/p>\n<p>conducono<\/p>\n<p>LABORATORIO ARTISTICO &#8211; con comici ogni volta diversi<\/p>\n<p>ingresso tavolo 12\u20ac \/tribuna 10\u20ac<\/p>\n<p>Anche il comico ha i suoi segreti!!! Il\u00a0<em>Laboratorio artistico Zelig<\/em>\u00a0\u00e8 l\u2019occasione per scoprire come nascono i grandi personaggi del cabaret italiano, gli sketch pi\u00f9 spassosi, i tormentoni pi\u00f9 vincenti.<\/p>\n<p>Per i comici il\u00a0<em>Laboratorio artistico Zelig<\/em>\u00a0\u00e8 un luogo protetto dove poter lavorare \u201csenza rete\u201d, essere nello stesso tempo protagonisti e \u201ccavie\u201d delle proprie idee,\u00a0provare il nuovo materiale che poco a poco diventa repertorio.<\/p>\n<p>Per il pubblico invece nessuna battuta collaudata, ma un\u2019esperienza affascinante ed emozionante, perch\u00e9 pu\u00f2 assistere a vere e proprie prime assolute. \u00c8 il primo testimone che con risate, applausi e silenzi, segna il destino di tanti nuovi personaggi e tante nuove idee\u2026 Perch\u00e8 tutti, ma proprio tutti i cabarettisti prima o poi sono passati da Viale Monza, dalla \u201cCasa del Grande\u2026Zelig\u201d, dove tutto \u00e8 permesso, anche sbagliare.<\/p>\n<p>A presentare le serate di laboratorio artistico saranno due talenti della conduzione: Davide Paniate e Federico Basso, noti per la loro capacit\u00e0 di far ridere tra improvvisazione, interazione con il pubblico, sperimentazione di nuove gag e tanta complicit\u00e0.<\/p>\n<p><strong>GIOVEDI&#8217; 5 MAGGIO \u2013 ore 21<\/strong><\/p>\n<p>MAURIZIO LASTRICO<br \/>\n&#8211; INTERVISTA e SPETTACOLO per i 30 ANNI ZELIG CABARET<\/p>\n<p>ingresso tavolo 15\u20ac \/tribuna 12\u20ac<\/p>\n<p>Giancarlo Bozzo continua il ciclo delle sue interviste a pi\u00f9 importanti comici che hanno fatto la storia del cabaret italiano<\/p>\n<p><strong>VENERDI&#8217; 6 MAGGIO \u2013 ore 21<\/strong><\/p>\n<p>PAOLO CASIRAGHI | GIANCARLO BARBARA<\/p>\n<p>ingresso ven tavolo 12\u20ac \/ tribuna 10\u20ac<\/p>\n<p>PAOLO CASIRAGHI<\/p>\n<p>Il cabarettista Paolo Casiraghi proporr\u00e0 l&#8217;esilarante Suor Nausicaa, la suora bergamasca che vive in un convento e\u00a0scende dal monte Bergamone con i mezzi pi\u00f9 improbabili, comprese moto da cross e Ape\u2026carri. Poi, sar\u00e0 la volta\u00a0del seducente Manuel Garcia Chuparosa de la pierna, cantante spagnolo demenziale e imbroglione, dalla parlata\u00a0incomprensibile ma dall&#8217;innegabile fascino e carisma che, con il suo carattere da primadonna riesce a suscitare\u00a0molto imbarazzo\u2026e non mancheranno nuove gag e monologhi inediti.\u00a0Divertimento assicurato quindi con questa carrellata di personaggi che terminer\u00e0 con l\u2019ultimo esilarante personaggio nato dalla strabiliante fantasia di Paolo Casiraghi: Joker,\u00a0\u00a0l\u2019acerrimo nemico di Batman,\u00a0\u00a0il genio del male che si sforza d&#8217;essere sempre pi\u00f9 dementemente malvagio! Tra una battuta e l\u2019altra, Joker racconter\u00e0 le sue insolite avventure, tra cui il perch\u00e9 delle tante cicatrici sul volto. Tutto \u00e8 partito da un incidente domestico, ma\u2026non solo!<\/p>\n<p>GIANCARLO BARBARA<\/p>\n<p>Nel suo spettacolo si diverte a raccontare il suo rapporto col cinema e soprattutto con la musica, svelando il suo animo Rock (Thunderjack su Comedy Central). Interagisce con il pubblico coinvolgendolo nel racconto delle sue storie improbabili, che prendono vita sul palco grazie alla sua mimica. Racconta la sua vita e quella della gente comune che, a volte, diventa uno dei suoi trailers (Zelig). Tra una scena e l\u2019altra prende in mano la chitarra o il pianoforte, per giocare con le canzoni pi\u00f9 famose degli ultimi anni e coinvolgere gli spettatori in rivisitazioni musicali, parodie e brani inediti. Il momento di adrenalina arriva col personaggio del Rapinatore (Colorado) dove esprime il suo lato pi\u00f9 Folle. Uno spettacolo genuino che da l\u2019impressione di nascere al momento, col\u00a0\u00a0suo pubblico di bambini, giovani e nonni.<\/p>\n<p><strong>SABATO 7 MAGGIO \u2013 ore 21<\/strong><\/p>\n<p>STEFANO CHIODAROLI | GIANCARLO BARBARA<\/p>\n<p>ingresso sab tavolo 15\u20ac \/ tribuna 12\u20ac<\/p>\n<p>STEFANO CHIODAROLI<\/p>\n<p>Ritorna Stefano Chiodaroli sul palcoscenico di Zelig Cabaret, con il suo originale monologare.<br \/>\nLo spettacolo di Stefano Chiodaroli \u00e8 imprevedibile come lui; sappiamo solo che sicuramente non mancher\u00e0 la furia buona del panettiere, la magia surreale del mago Abat JOUR, la sensualit\u00e0 provocante di Ornello l&#8217;ex fotomodello il tutto tenuto insieme dal collante di monologhi un po&#8217; strampalati, mai banali e sempre divertenti. Stefano ama circondarsi durante i suoi intrattenimenti a Zelig Cabaret degli ultimi amici che ha incontrato durante i suoi giri per il mondo: \u00e8 normale quindi che arrivi con delle ballerine, un elefante o un mangiafuoco\u2026 Nessuno vuole sedersi nelle prime file ..ma nemmeno quelli che stanno dietro si sentono al sicuro a Stefano piace d&#8217;ingaggiare col pubblico gag fantasiose.<\/p>\n<p>GIANCARLO BARBARA<\/p>\n<p>Nel suo spettacolo si diverte a raccontare il suo rapporto col cinema e soprattutto con la musica, svelando il suo animo Rock (Thunderjack su Comedy Central). Interagisce con il pubblico coinvolgendolo nel racconto delle sue storie improbabili, che prendono vita sul palco grazie alla sua mimica. Racconta la sua vita e quella della gente comune che, a volte, diventa uno dei suoi trailers (Zelig). Tra una scena e l\u2019altra prende in mano la chitarra o il pianoforte, per giocare con le canzoni pi\u00f9 famose degli ultimi anni e coinvolgere gli spettatori in rivisitazioni musicali, parodie e brani inediti. Il momento di adrenalina arriva col personaggio del Rapinatore (Colorado) dove esprime il suo lato pi\u00f9 Folle. Uno spettacolo genuino che da l\u2019impressione di nascere al momento, col\u00a0\u00a0suo pubblico di bambini, giovani e nonni.<\/p>\n<p><strong>LUNEDI&#8217; 9 MAGGIO \u2013 ore 21<\/strong><\/p>\n<ol>\n<li>FOREST<\/li>\n<\/ol>\n<p>&#8211; INTERVISTA e SPETTACOLO per i 30 ANNI ZELIG CABARET<\/p>\n<p>ingresso tavolo 15\u20ac \/tribuna 12\u20ac<\/p>\n<p>Giancarlo Bozzo continua il ciclo delle sue interviste a pi\u00f9 importanti comici che hanno fatto la storia del cabaret italiano<\/p>\n<p><strong><u>\u00a0<\/u><\/strong><\/p>\n<p><strong><u>INFORMAZIONI PER IL PUBBLICO<\/u><\/strong><\/p>\n<p><strong>ZELIG CABARET &#8211; Viale Monza 140 &#8211; 20125 Milano &#8211;\u00a0<\/strong><a href=\"http:\/\/customer34264.musvc5.net\/e\/t?q=A%3D8VNd9%26D%3DN%26L%3D7TO%26M%3DCTPZ%26z%3D0F9f3wRu_Jm1U_Uw_PVul_Zk_Jm1U_T2U2O.wPj3LCqA3.Gy%266%3D9SxNyc.s7F\"><strong>www.areazelig.it<\/strong><\/a><\/p>\n<p>I prezzi indicati si intendono senza consumazione ed eventuale prevendita<\/p>\n<p>Infoline e prenotazioni tel. 02.255.1774 (dal luned\u00ec al venerd\u00ec dalle 10.00 alle 13.00 e dalle 14.00 alle 18.00 \u2013 nelle sere di spettacolo anche dalle 18 alle 20.30 &#8211; sabato e domenica dalle 18.00 alle 20.30)<\/p>\n<p>Acquisti online su\u00a0<a href=\"http:\/\/customer34264.musvc5.net\/e\/t?q=6%3DEULYF%26C%3DL%26G%3DDSM%26H%3DJSNU%267%3D9D4m2uM2_Ikvb_Tu_Kctj_Ur_Ikvb_SzP9N.DBoByM1Ey.B6%265%3D7N5MwX.z6D\">www.ticketone.it<\/a><\/p>\n<p>INIZIO SPETTACOLO ore 21.00 &#8211; Ingresso consentito ai maggiori di anni 14<\/p>\n","protected":false},"excerpt":{"rendered":"<p>\u00a0 \u00a0\u00a0\u00a0 MARTEDI&#8217; 3 MAGGIO \u2013 ore 21 ANTONIO ORNANO &#8211; INTERVISTA e SPETTACOLO per i 30 ANNI ZELIG CABARET ingresso tavolo 15\u20ac \/tribuna 12\u20ac Giancarlo Bozzo continua il ciclo delle sue interviste a pi\u00f9 importanti comici che hanno fatto la storia del cabaret italiano MERCOLEDI&#8217; 4 MAGGIO \u2013 ore 21 FEDERICO BASSO e DAVIDE &hellip; <a href=\"https:\/\/www.gdapress.it\/it\/index.php\/57516\/spettacoli\/30-anni-zelig-cabaret-interviste-spettacolo.html\" class=\"more-link\">Read more <span class=\"screen-reader-text\">Per i 30 anni di Zelig cabaret interviste e spettacolo<\/span><\/a><\/p>\n","protected":false},"author":3,"featured_media":57517,"comment_status":"closed","ping_status":"open","sticky":false,"template":"","format":"standard","meta":{"footnotes":""},"categories":[8],"tags":[11945,14360],"class_list":["post-57516","post","type-post","status-publish","format-standard","has-post-thumbnail","hentry","category-spettacoli","tag-30-anni","tag-zelig-cabaret"],"_links":{"self":[{"href":"https:\/\/www.gdapress.it\/it\/index.php\/wp-json\/wp\/v2\/posts\/57516","targetHints":{"allow":["GET"]}}],"collection":[{"href":"https:\/\/www.gdapress.it\/it\/index.php\/wp-json\/wp\/v2\/posts"}],"about":[{"href":"https:\/\/www.gdapress.it\/it\/index.php\/wp-json\/wp\/v2\/types\/post"}],"author":[{"embeddable":true,"href":"https:\/\/www.gdapress.it\/it\/index.php\/wp-json\/wp\/v2\/users\/3"}],"replies":[{"embeddable":true,"href":"https:\/\/www.gdapress.it\/it\/index.php\/wp-json\/wp\/v2\/comments?post=57516"}],"version-history":[{"count":1,"href":"https:\/\/www.gdapress.it\/it\/index.php\/wp-json\/wp\/v2\/posts\/57516\/revisions"}],"predecessor-version":[{"id":57521,"href":"https:\/\/www.gdapress.it\/it\/index.php\/wp-json\/wp\/v2\/posts\/57516\/revisions\/57521"}],"wp:featuredmedia":[{"embeddable":true,"href":"https:\/\/www.gdapress.it\/it\/index.php\/wp-json\/wp\/v2\/media\/57517"}],"wp:attachment":[{"href":"https:\/\/www.gdapress.it\/it\/index.php\/wp-json\/wp\/v2\/media?parent=57516"}],"wp:term":[{"taxonomy":"category","embeddable":true,"href":"https:\/\/www.gdapress.it\/it\/index.php\/wp-json\/wp\/v2\/categories?post=57516"},{"taxonomy":"post_tag","embeddable":true,"href":"https:\/\/www.gdapress.it\/it\/index.php\/wp-json\/wp\/v2\/tags?post=57516"}],"curies":[{"name":"wp","href":"https:\/\/api.w.org\/{rel}","templated":true}]}}