
{"id":57267,"date":"2016-03-30T23:41:35","date_gmt":"2016-03-30T21:41:35","guid":{"rendered":"http:\/\/www.gdapress.it\/it\/?p=57267"},"modified":"2016-04-25T23:59:14","modified_gmt":"2016-04-25T21:59:14","slug":"aveda-color-conservetm-complici-ideali-mantenere-vivo-brillante-colore-lestate","status":"publish","type":"post","link":"https:\/\/www.gdapress.it\/it\/index.php\/57267\/costume\/aveda-color-conservetm-complici-ideali-mantenere-vivo-brillante-colore-lestate.html","title":{"rendered":"Aveda Color ConserveTM: i complici ideali per mantenere vivo e brillante il colore durante l\u2019estate"},"content":{"rendered":"<p><img loading=\"lazy\" decoding=\"async\" class=\"alignnone size-medium wp-image-57268\" src=\"http:\/\/www.gdapress.it\/it\/..\/public\/it\/2016\/04\/Aveda-Color-Conserve-Daily-Color-Protect-187x300.jpg\" alt=\"Aveda Color Conserve Daily Color Protect\" width=\"187\" height=\"300\" srcset=\"https:\/\/www.gdapress.it\/it\/..\/public\/it\/2016\/04\/Aveda-Color-Conserve-Daily-Color-Protect-187x300.jpg 187w, https:\/\/www.gdapress.it\/it\/..\/public\/it\/2016\/04\/Aveda-Color-Conserve-Daily-Color-Protect-768x1233.jpg 768w, https:\/\/www.gdapress.it\/it\/..\/public\/it\/2016\/04\/Aveda-Color-Conserve-Daily-Color-Protect-249x400.jpg 249w, https:\/\/www.gdapress.it\/it\/..\/public\/it\/2016\/04\/Aveda-Color-Conserve-Daily-Color-Protect.jpg 1084w\" sizes=\"auto, (max-width: 187px) 100vw, 187px\" \/>\u00a0<img loading=\"lazy\" decoding=\"async\" class=\"alignnone size-medium wp-image-57269\" src=\"http:\/\/www.gdapress.it\/it\/..\/public\/it\/2016\/04\/Aveda-Color-Conserve-Strengthening-Treatment-123x300.jpg\" alt=\"Aveda Color Conserve Strengthening Treatment\" width=\"123\" height=\"300\" srcset=\"https:\/\/www.gdapress.it\/it\/..\/public\/it\/2016\/04\/Aveda-Color-Conserve-Strengthening-Treatment-123x300.jpg 123w, https:\/\/www.gdapress.it\/it\/..\/public\/it\/2016\/04\/Aveda-Color-Conserve-Strengthening-Treatment-768x1872.jpg 768w, https:\/\/www.gdapress.it\/it\/..\/public\/it\/2016\/04\/Aveda-Color-Conserve-Strengthening-Treatment-164x400.jpg 164w, https:\/\/www.gdapress.it\/it\/..\/public\/it\/2016\/04\/Aveda-Color-Conserve-Strengthening-Treatment.jpg 1121w\" sizes=\"auto, (max-width: 123px) 100vw, 123px\" \/>\u00a0<img loading=\"lazy\" decoding=\"async\" class=\"alignnone size-medium wp-image-57270\" src=\"http:\/\/www.gdapress.it\/it\/..\/public\/it\/2016\/04\/Aveda-Color-Conserve-Conditioner-142x300.jpg\" alt=\"Aveda Color Conserve Conditioner\" width=\"142\" height=\"300\" srcset=\"https:\/\/www.gdapress.it\/it\/..\/public\/it\/2016\/04\/Aveda-Color-Conserve-Conditioner-142x300.jpg 142w, https:\/\/www.gdapress.it\/it\/..\/public\/it\/2016\/04\/Aveda-Color-Conserve-Conditioner-768x1628.jpg 768w, https:\/\/www.gdapress.it\/it\/..\/public\/it\/2016\/04\/Aveda-Color-Conserve-Conditioner-189x400.jpg 189w, https:\/\/www.gdapress.it\/it\/..\/public\/it\/2016\/04\/Aveda-Color-Conserve-Conditioner.jpg 1115w\" sizes=\"auto, (max-width: 142px) 100vw, 142px\" \/><\/p>\n<p>L\u2019estate sta arrivando e, a causa del sole, dell\u2019acqua di mare e delle giornate in spiaggia i capelli tendono a sciuparsi e inaridirsi pi\u00f9 facilmente. In particolare, quelli colorati, essendo gi\u00e0 trattati, risentono ancora di pi\u00f9 dei possibili danni causati dal sole e tendono a perdere il loro colore originario lasciando i capelli spenti e senza vitalit\u00e0.<\/p>\n<p>Aveda Color ConserveTM \u00e8 una linea di quattro prodotti che assicura un colore brillante e vibrante grazie al potere e alla forza vitale delle piante.<\/p>\n<p>INGREDIENTI CHIAVE E BENEFICI:\u2028Color ConserveTM Complex \u00e8 una miscela studiata per creare una pellicola composta da estratto di larice, estratto di t\u00e8 verde antiossidante, olio di wintergreen e di cannella che aiutano a proteggere il capello dai raggi UV e di mantenere un colore brillante a lunga durata. Il delicato aroma della linea Color ConserveTM \u00e8 composto da oli essenziali certificati organici di rosa-geranio, pompelmo e ylang ylang.<\/p>\n<p>La gamma Color ConserveTM comprende Shampoo, Conditioner, Strengthening Treatment e Daily color protect.<\/p>\n<p>Color ConserveTM Shampoo e Conditioner<\/p>\n<p>Deterge delicatamente, protegge e preserva i capelli colorati mantenendo la brillantezza pi\u00f9 a lungo e lasciando i capelli pi\u00f9 morbidi e setosi.\u2028Contiene filtri UV naturali che proteggono dallo scolorimento.<\/p>\n<p>Color ConserveTM Strengthening Treatment<\/p>\n<p>Trattamento intensivo settimanale che sigilla il colore all\u2019interno della cuticola e ne mantiene pi\u00f9 a lungo l\u2019intensit\u00e0. Il complesso proteico Morikue rinforza i capelli dall\u2019interno verso l\u2019esterno e i filtri UV proteggono il colore.<\/p>\n<p>Color ConserveTM Daily Color Protect<\/p>\n<p>Trattamento senza risciacquo con estratto di larice che contribuisce a sigillare il colore. Gli anti-ossidanti a base di estratto di t\u00e8 verde proteggono dagli effetti degli agenti ambientali, infine il filtro UV, derivato dall\u2019olio di wintergreen, protegge il colore dai raggi UV.<\/p>\n<p><em>La missione di Aveda \u00e8 di prendersi cura del mondo in cui viviamo, dalla creazione dei nostri prodotti al loro uso nella societ\u00e0. Aveda si impegna a dare un esempio di leadership e di responsabilit\u00e0 nel rispetto e nella tutela dell\u2019ambiente che va oltre la cosmesi, abbracciando tutto il mondo.<\/em><\/p>\n<p>Disponibili presso i Saloni Aveda Numero verde Aveda: 800.301.177 www.aveda.it<\/p>\n<p>&nbsp;<\/p>\n","protected":false},"excerpt":{"rendered":"<p>\u00a0\u00a0 L\u2019estate sta arrivando e, a causa del sole, dell\u2019acqua di mare e delle giornate in spiaggia i capelli tendono a sciuparsi e inaridirsi pi\u00f9 facilmente. In particolare, quelli colorati, essendo gi\u00e0 trattati, risentono ancora di pi\u00f9 dei possibili danni causati dal sole e tendono a perdere il loro colore originario lasciando i capelli spenti &hellip; <a href=\"https:\/\/www.gdapress.it\/it\/index.php\/57267\/costume\/aveda-color-conservetm-complici-ideali-mantenere-vivo-brillante-colore-lestate.html\" class=\"more-link\">Read more <span class=\"screen-reader-text\">Aveda Color ConserveTM: i complici ideali per mantenere vivo e brillante il colore durante l\u2019estate<\/span><\/a><\/p>\n","protected":false},"author":3,"featured_media":57268,"comment_status":"closed","ping_status":"open","sticky":false,"template":"","format":"standard","meta":{"footnotes":""},"categories":[2244],"tags":[17790],"class_list":["post-57267","post","type-post","status-publish","format-standard","has-post-thumbnail","hentry","category-costume","tag-aveda-color-conservetm"],"_links":{"self":[{"href":"https:\/\/www.gdapress.it\/it\/index.php\/wp-json\/wp\/v2\/posts\/57267","targetHints":{"allow":["GET"]}}],"collection":[{"href":"https:\/\/www.gdapress.it\/it\/index.php\/wp-json\/wp\/v2\/posts"}],"about":[{"href":"https:\/\/www.gdapress.it\/it\/index.php\/wp-json\/wp\/v2\/types\/post"}],"author":[{"embeddable":true,"href":"https:\/\/www.gdapress.it\/it\/index.php\/wp-json\/wp\/v2\/users\/3"}],"replies":[{"embeddable":true,"href":"https:\/\/www.gdapress.it\/it\/index.php\/wp-json\/wp\/v2\/comments?post=57267"}],"version-history":[{"count":1,"href":"https:\/\/www.gdapress.it\/it\/index.php\/wp-json\/wp\/v2\/posts\/57267\/revisions"}],"predecessor-version":[{"id":57271,"href":"https:\/\/www.gdapress.it\/it\/index.php\/wp-json\/wp\/v2\/posts\/57267\/revisions\/57271"}],"wp:featuredmedia":[{"embeddable":true,"href":"https:\/\/www.gdapress.it\/it\/index.php\/wp-json\/wp\/v2\/media\/57268"}],"wp:attachment":[{"href":"https:\/\/www.gdapress.it\/it\/index.php\/wp-json\/wp\/v2\/media?parent=57267"}],"wp:term":[{"taxonomy":"category","embeddable":true,"href":"https:\/\/www.gdapress.it\/it\/index.php\/wp-json\/wp\/v2\/categories?post=57267"},{"taxonomy":"post_tag","embeddable":true,"href":"https:\/\/www.gdapress.it\/it\/index.php\/wp-json\/wp\/v2\/tags?post=57267"}],"curies":[{"name":"wp","href":"https:\/\/api.w.org\/{rel}","templated":true}]}}