
{"id":56907,"date":"2016-03-30T09:03:07","date_gmt":"2016-03-30T07:03:07","guid":{"rendered":"http:\/\/www.gdapress.it\/it\/?p=56907"},"modified":"2016-03-30T09:03:07","modified_gmt":"2016-03-30T07:03:07","slug":"libri-einaudi-1933-1983-collezione-claudio-pavese","status":"publish","type":"post","link":"https:\/\/www.gdapress.it\/it\/index.php\/56907\/arte\/libri-einaudi-1933-1983-collezione-claudio-pavese.html","title":{"rendered":"I LIBRI EINAUDI 1933-1983. Collezione Claudio Pavese"},"content":{"rendered":"<p><img loading=\"lazy\" decoding=\"async\" class=\"alignnone size-medium wp-image-56908\" src=\"http:\/\/www.gdapress.it\/it\/..\/public\/it\/2016\/03\/Ein-12m-206x300.jpg\" alt=\"Ein 12m\" width=\"206\" height=\"300\" srcset=\"https:\/\/www.gdapress.it\/it\/..\/public\/it\/2016\/03\/Ein-12m-206x300.jpg 206w, https:\/\/www.gdapress.it\/it\/..\/public\/it\/2016\/03\/Ein-12m-768x1116.jpg 768w, https:\/\/www.gdapress.it\/it\/..\/public\/it\/2016\/03\/Ein-12m-275x400.jpg 275w, https:\/\/www.gdapress.it\/it\/..\/public\/it\/2016\/03\/Ein-12m.jpg 1181w\" sizes=\"auto, (max-width: 206px) 100vw, 206px\" \/><\/p>\n<p><b>&#8230; nel segno dello Struzzo,<br \/>\nin mostra alla Galleria Gruppo Credito Valtellinese<br \/>\nmezzo secolo di cultura e di raffinato book design<br \/>\n<\/b><u><br \/>\n<\/u>La mostra allestita presso la Galleria Gruppo Credito Valtellinese, dal 31 marzo al 23 aprile, presenta cinquant\u2019anni di cultura del Novecento attraverso i libri pubblicati da Giulio Einaudi dal 1933 al 1983, dalla fondazione fino alla crisi finanziaria del 1983 e alle successive traversie che porteranno, nel 1994, al passaggio alla Mondadori.<br \/>\nAd essere documentato \u00e8 il mezzo secolo in cui lo Struzzo &#8211; che stringe un chiodo nel becco con, sullo sfondo, un paesaggio con un castello e il motto<i>Spiritus durissima coquit<\/i> &#8211; \u00e8 stato, per molti, indiscusso simbolo di qualit\u00e0 e di eccellenza culturale. Un punto di riferimento ideologico e intellettuale, ma anche grafico-editoriale.<\/p>\n<p>Grazie al collezionista Claudio Pavese, che in oltre tremila volumi e documenti ha ricostruito la pi\u00f9 ampia e completa storia della casa editrice italiana pi\u00f9 influente sul piano culturale e una delle principali a scala internazionale, \u00e8 possibile per la prima volta vedere da vicino, in un\u2019articolata sintesi di circa 300 pezzi esposti, l\u2019intero catalogo storico pubblicato.<\/p>\n<p>Si parte dalla ricostruzione del clima cultural-editoriale della Torino di Piero Gobetti e di Carlo Frassinelli. Subito dopo libri in prima edizione, riviste, pubblicazioni, tutte le collane (ben 92, dai celebri \u201cCoralli\u201d ai \u201cGettoni\u201d e a \u201cCentopagine\u201d, dalla precorritrice \u201cCollana viola\u201d a \u201cTantibambini\u201d, solo per citarne alcune) scorrono sotto i nostri occhi in un intreccio potente di cultura, editoria e grafica, decennio dopo decennio dagli anni Trenta al vivacissimo secondo dopoguerra. Come giustamente sottolinea il collezionista \u201cdal \u201933 all\u201983 due intere generazioni sono \u2018cresciute con gli struzzi\u2019; due generazioni di intellettuali e di lettori che in quei cinque decenni hanno trovato nei libri della Casa editrice Einaudi un punto di riferimento centrale per la propria formazione\u201d.<\/p>\n<p>Protagonisti della mostra \u2013 a cura di Andrea Tomasetig, in collaborazione con Cristina Quadrio Curzio e Leo Guerra \u2013 sono poeti, scrittori, saggisti di tutto il mondo, ma anche le copertine di artisti di valore internazionale e l\u2019apporto continuativo di grafici come Albe Steiner, Max Huber, Bruno Munari, che fanno dei libri Einaudi ancora oggi un modello di design italiano.<\/p>\n<p>Non a caso l\u2019iniziativa \u00e8 programmata in coincidenza con il Salone del Mobile (12-17 aprile), che richiama a Milano folle di designer e creativi da tutto il mondo, e avviene nell\u2019anno della XXI Triennale.<\/p>\n<p>Infine, l\u2019obiettivo di non disperdere la raccolta, ma di trovarle una destinazione pubblica per favorire la conoscenza del libro e l\u2019amore per la lettura nelle nuove generazioni, d\u00e0 alla mostra una particolare prospettiva, arricchita anche dalle varie iniziative collaterali ideate (conferenze e conversazioni pubbliche in tema).<\/p>\n<p>Il catalogo della mostra \u2013 un prezioso strumento bibliografico riccamente illustrato, con saggi di Andrea Tomasetig, Stefano Salis, Mario Piazza e Mauro Chiabrando e con schede di Claudio Pavese \u2013 \u00e8 stampato in tiratura limitata in coedizione con Libraccio, che cura anche il bookshop della mostra e altre iniziative in collaborazione.<\/p>\n<p><b><u>Coordinate mostra<\/p>\n<p><\/u>Titolo<\/b><br \/>\nI LIBRI EINAUDI 1933-1983<br \/>\nCollezione Claudio Pavese<br \/>\n<b><br \/>\nSedi<br \/>\n<\/b>Galleria Gruppo Credito Valtellinese<br \/>\nCorso Magenta n. 59 \u2013 Milano<\/p>\n<p><b>Durata<br \/>\n<\/b>31 marzo \u2013 23 aprile 2016<br \/>\n<b><br \/>\nVernice per la stampa<br \/>\n<\/b>mercoled\u00ec 30 marzo h. 12.00<br \/>\nGalleria Gruppo Credito Valtellinese<\/p>\n<p><b>Inaugurazione<br \/>\n<\/b>mercoled\u00ec 30 marzo h. 18.30<br \/>\nGalleria Gruppo Credito Valtellinese<br \/>\n<b><br \/>\nOrari e ingressi<br \/>\n<\/b>Galleria Gruppo Credito Valtellinese<br \/>\nda marted\u00ec a sabato h. 13.00-19.30<br \/>\nchiuso domenica e luned\u00ec<br \/>\napertura straordinaria domenica 17 aprile h. 13.00-19.30<br \/>\nINGRESSO LIBERO<\/p>\n<p><b>Informazioni al pubblico<\/b><br \/>\nGalleria Gruppo Credito Valtellinese<br \/>\ntel. +39 0248.008.015<br \/>\ngalleriearte@creval.it &#8211; <a class=\"\" href=\"http:\/\/www.creval.it\/\" target=\"\">www.creval.it<\/a><\/p>\n","protected":false},"excerpt":{"rendered":"<p>&#8230; nel segno dello Struzzo, in mostra alla Galleria Gruppo Credito Valtellinese mezzo secolo di cultura e di raffinato book design La mostra allestita presso la Galleria Gruppo Credito Valtellinese, dal 31 marzo al 23 aprile, presenta cinquant\u2019anni di cultura del Novecento attraverso i libri pubblicati da Giulio Einaudi dal 1933 al 1983, dalla fondazione &hellip; <a href=\"https:\/\/www.gdapress.it\/it\/index.php\/56907\/arte\/libri-einaudi-1933-1983-collezione-claudio-pavese.html\" class=\"more-link\">Read more <span class=\"screen-reader-text\">I LIBRI EINAUDI 1933-1983. Collezione Claudio Pavese<\/span><\/a><\/p>\n","protected":false},"author":3,"featured_media":56908,"comment_status":"closed","ping_status":"open","sticky":false,"template":"","format":"standard","meta":{"footnotes":""},"categories":[4],"tags":[228,207,17],"class_list":["post-56907","post","type-post","status-publish","format-standard","has-post-thumbnail","hentry","category-arte","tag-credito-valtellinese","tag-einaudi","tag-milano"],"_links":{"self":[{"href":"https:\/\/www.gdapress.it\/it\/index.php\/wp-json\/wp\/v2\/posts\/56907","targetHints":{"allow":["GET"]}}],"collection":[{"href":"https:\/\/www.gdapress.it\/it\/index.php\/wp-json\/wp\/v2\/posts"}],"about":[{"href":"https:\/\/www.gdapress.it\/it\/index.php\/wp-json\/wp\/v2\/types\/post"}],"author":[{"embeddable":true,"href":"https:\/\/www.gdapress.it\/it\/index.php\/wp-json\/wp\/v2\/users\/3"}],"replies":[{"embeddable":true,"href":"https:\/\/www.gdapress.it\/it\/index.php\/wp-json\/wp\/v2\/comments?post=56907"}],"version-history":[{"count":1,"href":"https:\/\/www.gdapress.it\/it\/index.php\/wp-json\/wp\/v2\/posts\/56907\/revisions"}],"predecessor-version":[{"id":56909,"href":"https:\/\/www.gdapress.it\/it\/index.php\/wp-json\/wp\/v2\/posts\/56907\/revisions\/56909"}],"wp:featuredmedia":[{"embeddable":true,"href":"https:\/\/www.gdapress.it\/it\/index.php\/wp-json\/wp\/v2\/media\/56908"}],"wp:attachment":[{"href":"https:\/\/www.gdapress.it\/it\/index.php\/wp-json\/wp\/v2\/media?parent=56907"}],"wp:term":[{"taxonomy":"category","embeddable":true,"href":"https:\/\/www.gdapress.it\/it\/index.php\/wp-json\/wp\/v2\/categories?post=56907"},{"taxonomy":"post_tag","embeddable":true,"href":"https:\/\/www.gdapress.it\/it\/index.php\/wp-json\/wp\/v2\/tags?post=56907"}],"curies":[{"name":"wp","href":"https:\/\/api.w.org\/{rel}","templated":true}]}}