
{"id":56789,"date":"2016-03-21T01:27:19","date_gmt":"2016-03-20T23:27:19","guid":{"rendered":"http:\/\/www.gdapress.it\/it\/?p=56789"},"modified":"2016-03-21T01:27:19","modified_gmt":"2016-03-20T23:27:19","slug":"madalin-ciuca-oltre-ritratto-spazio-lavi-sarnano","status":"publish","type":"post","link":"https:\/\/www.gdapress.it\/it\/index.php\/56789\/arte\/madalin-ciuca-oltre-ritratto-spazio-lavi-sarnano.html","title":{"rendered":"M\u0103d\u0103lin Ciuc\u0103 Oltre il ritratto Spazio Lav\u00ec! Sarnano"},"content":{"rendered":"<p><img loading=\"lazy\" decoding=\"async\" class=\"alignnone size-large wp-image-56790\" src=\"http:\/\/www.gdapress.it\/it\/..\/public\/it\/2016\/03\/locandina-2-1-500x353.jpg\" alt=\"locandina 2  -1\" width=\"500\" height=\"353\" srcset=\"https:\/\/www.gdapress.it\/it\/..\/public\/it\/2016\/03\/locandina-2-1-500x353.jpg 500w, https:\/\/www.gdapress.it\/it\/..\/public\/it\/2016\/03\/locandina-2-1-300x212.jpg 300w, https:\/\/www.gdapress.it\/it\/..\/public\/it\/2016\/03\/locandina-2-1-768x543.jpg 768w, https:\/\/www.gdapress.it\/it\/..\/public\/it\/2016\/03\/locandina-2-1.jpg 1191w\" sizes=\"auto, (max-width: 500px) 100vw, 500px\" \/><\/p>\n<p>M\u0103d\u0103lin Ciuc\u0103<\/p>\n<p>Oltre il ritratto<\/p>\n<p>Opere recenti a cura di Paola Ballesi<\/p>\n<p>24marzo &#8211; 3 aprile 2015<\/p>\n<p>Inaugurazione 24 marzo 2016<\/p>\n<p>ore 18.00<\/p>\n<p>Spazio Lav\u00ec!<\/p>\n<p>Via Roma 8 \u2013 Sarnano<\/p>\n<p>Il giovane artista rumeno, maceratese d\u2019adozione, da circa un decennio \u00e8 concentrato sul tema del ritratto ingaggiando un confronto serrato con i grandi artisti del passato.<\/p>\n<p>Sull\u2019onda di un istintivo impulso creativo cavalca le superfici, moltiplica le luci e le ombre attraverso lo spettro delle tonalit\u00e0 percettive con cui inquadra e contemporaneamente disgrega tanto il profilo di un volto quanto quello di una montagna.<\/p>\n<p>Ritratti costruiti imbastendo pazientemente le molteplici caleidoscopiche versioni dell\u2019apparire allo sguardo, vibratili di emozioni e di incroci sapientemente catturati dal pennello con tocchi ora densi e pesanti, ora leggeri e impalpabili come quelli suggeriti dalle trasparenze delle sottili velature.<\/p>\n<p>In questo modo, pennellata dopo pennellata, gesto dopo gesto, l\u2019artista compone l\u2019immagine che comincia ad acquistare fisionomia man mano che si libera dalla forma statica dell\u2019oggetto \u2018ritratto\u2019 per diventare fenomeno intenzionato da una coscienza.<\/p>\n<p>Da uno sguardo penetrante restituito dalla potenza del gesto creativo tanto pi\u00f9 forte e seduttivo quanto pi\u00f9 guidato dal sapere della tecnica e dalla nonchalance della sprezzatura.<\/p>\n<p>Tecnica, talento, creativit\u00e0 sono qualit\u00e0 indispensabili per declinare un\u2019arte che si offre nel suo artificio come natura, una naturalezza che pu\u00f2 essere conseguita e raggiunta solo attraverso la fatica e lo studio, che perci\u00f2 si trova alla fine e non all\u2019inizio di un percorso di ricerca attento sia alla contemporaneit\u00e0 che alla storia.<\/p>\n<p>M\u0103d\u0103lin Ciuc\u0103, Bra\u015fov (RO), 31.01.1987<\/p>\n","protected":false},"excerpt":{"rendered":"<p>M\u0103d\u0103lin Ciuc\u0103 Oltre il ritratto Opere recenti a cura di Paola Ballesi 24marzo &#8211; 3 aprile 2015 Inaugurazione 24 marzo 2016 ore 18.00 Spazio Lav\u00ec! Via Roma 8 \u2013 Sarnano Il giovane artista rumeno, maceratese d\u2019adozione, da circa un decennio \u00e8 concentrato sul tema del ritratto ingaggiando un confronto serrato con i grandi artisti del &hellip; <a href=\"https:\/\/www.gdapress.it\/it\/index.php\/56789\/arte\/madalin-ciuca-oltre-ritratto-spazio-lavi-sarnano.html\" class=\"more-link\">Read more <span class=\"screen-reader-text\">M\u0103d\u0103lin Ciuc\u0103 Oltre il ritratto Spazio Lav\u00ec! Sarnano<\/span><\/a><\/p>\n","protected":false},"author":3,"featured_media":56790,"comment_status":"closed","ping_status":"open","sticky":false,"template":"","format":"standard","meta":{"footnotes":""},"categories":[4],"tags":[4799,17663,4185,17664],"class_list":["post-56789","post","type-post","status-publish","format-standard","has-post-thumbnail","hentry","category-arte","tag-madalin-ciuca","tag-oltre-il-ritratto","tag-sarnano","tag-spazio-lavi"],"_links":{"self":[{"href":"https:\/\/www.gdapress.it\/it\/index.php\/wp-json\/wp\/v2\/posts\/56789","targetHints":{"allow":["GET"]}}],"collection":[{"href":"https:\/\/www.gdapress.it\/it\/index.php\/wp-json\/wp\/v2\/posts"}],"about":[{"href":"https:\/\/www.gdapress.it\/it\/index.php\/wp-json\/wp\/v2\/types\/post"}],"author":[{"embeddable":true,"href":"https:\/\/www.gdapress.it\/it\/index.php\/wp-json\/wp\/v2\/users\/3"}],"replies":[{"embeddable":true,"href":"https:\/\/www.gdapress.it\/it\/index.php\/wp-json\/wp\/v2\/comments?post=56789"}],"version-history":[{"count":1,"href":"https:\/\/www.gdapress.it\/it\/index.php\/wp-json\/wp\/v2\/posts\/56789\/revisions"}],"predecessor-version":[{"id":56791,"href":"https:\/\/www.gdapress.it\/it\/index.php\/wp-json\/wp\/v2\/posts\/56789\/revisions\/56791"}],"wp:featuredmedia":[{"embeddable":true,"href":"https:\/\/www.gdapress.it\/it\/index.php\/wp-json\/wp\/v2\/media\/56790"}],"wp:attachment":[{"href":"https:\/\/www.gdapress.it\/it\/index.php\/wp-json\/wp\/v2\/media?parent=56789"}],"wp:term":[{"taxonomy":"category","embeddable":true,"href":"https:\/\/www.gdapress.it\/it\/index.php\/wp-json\/wp\/v2\/categories?post=56789"},{"taxonomy":"post_tag","embeddable":true,"href":"https:\/\/www.gdapress.it\/it\/index.php\/wp-json\/wp\/v2\/tags?post=56789"}],"curies":[{"name":"wp","href":"https:\/\/api.w.org\/{rel}","templated":true}]}}