
{"id":56491,"date":"2016-03-12T10:23:53","date_gmt":"2016-03-12T08:23:53","guid":{"rendered":"http:\/\/www.gdapress.it\/it\/?p=56491"},"modified":"2016-03-13T20:21:26","modified_gmt":"2016-03-13T18:21:26","slug":"teatro-dal-verme-orchestra-i-pomeriggi-musicali","status":"publish","type":"post","link":"https:\/\/www.gdapress.it\/it\/index.php\/56491\/musica\/teatro-dal-verme-orchestra-i-pomeriggi-musicali.html","title":{"rendered":"Teatro Dal Verme Orchestra I Pomeriggi Musicali"},"content":{"rendered":"<p><a href=\"http:\/\/www.gdapress.it\/it\/..\/public\/it\/2016\/03\/montanari01_.jpg\"><img loading=\"lazy\" decoding=\"async\" class=\"alignnone size-medium wp-image-56492\" src=\"http:\/\/www.gdapress.it\/it\/..\/public\/it\/2016\/03\/montanari01_-300x200.jpg\" alt=\"montanari01_\" width=\"300\" height=\"200\" srcset=\"https:\/\/www.gdapress.it\/it\/..\/public\/it\/2016\/03\/montanari01_-300x200.jpg 300w, https:\/\/www.gdapress.it\/it\/..\/public\/it\/2016\/03\/montanari01_-500x333.jpg 500w, https:\/\/www.gdapress.it\/it\/..\/public\/it\/2016\/03\/montanari01_-900x600.jpg 900w, https:\/\/www.gdapress.it\/it\/..\/public\/it\/2016\/03\/montanari01_.jpg 1296w\" sizes=\"auto, (max-width: 300px) 100vw, 300px\" \/><\/a><\/p>\n<p><strong>71\u00aa STAGIONE SINFONICA<\/strong><\/p>\n<p><strong>ORCHESTRA I POMERIGGI MUSICALI<\/strong><\/p>\n<p><strong>Direttore Artistico, M\u00b0 Maurizio Salerno<\/strong><\/p>\n<p><strong>Stagione 2015-2016<\/strong><\/p>\n<p><strong>Sabato 12 marzo, ore 17.00<\/strong><\/p>\n<p><strong>Teatro Dal Verme<\/strong><\/p>\n<p><em>Via San Giovanni sul Muro 2 \u2013 Milano<\/em><\/p>\n<p>Direttore e violino: <strong>Stefano Montanari<\/strong><\/p>\n<p><strong>Orchestra I Pomeriggi Musicali<\/strong><\/p>\n<p><strong>Khayami,<\/strong>\u00a0<em>La citt\u00e0 infelice, Raissa<\/em>, commissione I Pomeriggi Musicali<\/p>\n<p><strong style=\"line-height: 1.5;\">Mozart,<\/strong><span style=\"line-height: 1.5;\">\u00a0<\/span><em style=\"line-height: 1.5;\">Concerto per violino e orchestra n. 3 in Sol maggiore<\/em><span style=\"line-height: 1.5;\">, K 216\u00a0<\/span><\/p>\n<p><strong>Beethoven,<\/strong>\u00a0<em>Sinfonia n. 7 in La maggiore<\/em>, op. 92<\/p>\n<p>Dopo due grandi concerti, che hanno lasciato il palco del Teatro Dal Verme a alcuni fra i pi\u00f9 famosi solisti del pianoforte, \u00e8 ora il momento dell\u2019esibizione di un altro grande direttore e solista, al violino questa volta: <strong>Stefano Montanari<\/strong>. Recentemente ospite dell\u2019i, sia in stagione, sia nelle rassegne estive sia all\u2019interno del circuito lirico di Opera Lombardia, Stefano Montanari questa volta si dedicher\u00e0 al celeberrimo <strong><em>Concerto per violino e orchestra n. 3 in Sol maggiore <\/em><\/strong>di Wolfgang Amadeus Mozart.<\/p>\n<p>L\u2019apertura spetta, come di consueto in questa stagione, al brano commissionato dai Pomeriggi Musicali questa volta a <strong>Mhedi Khayami<\/strong>, <strong><em>La citt\u00e0 infelice, Raissa<\/em><\/strong>, cantata da Calvino fra le sue <em>Citt\u00e0 invisibili <\/em>come un luogo infelice, ma che riesce a vivere anch\u2019esso di piccoli sprazzi di gioia.<\/p>\n<p><strong>\u00a0<\/strong><strong>Il finale sar\u00e0 grandioso, con l\u2019Orchestra tutta che eseguir\u00e0 la <\/strong><strong><em>Sinfonia n. 7 in La maggiore<\/em><\/strong><strong> di <\/strong><strong>Ludwig van Beethoven<\/strong><strong>, opera fra le pi\u00f9 apprezzate del musicista di Bonn che al suo debutto, nel 1813 nella Redoutensaal dell\u2019Universit\u00e0 di Vienna, venne tributata di esplosioni di giubilo che, nelle parole del segretario di Beethoven, Anton Schindler: \u201csuperarono tutto quello che si era vissuto fino a quel momento nella sala da concerto\u201d e che siamo sicuri verranno replicate nella sala del Teatro Dal Verme.<\/strong><\/p>\n<p><strong>STEFANO MONTANARI, direttore e violino<\/strong><\/p>\n<p>Diplomatosi in violino e pianoforte con il massimo dei voti e lode, ottiene il Diploma di alto perfezionamento in musica da camera con Pier Narciso Masi presso l\u2019Accademia Musicale di Firenze, e il Diploma di solista con Carlo Chiarappa presso il Conservatorio della Svizzera Italiana di Lugano. Dal 1995, \u00e8 primo violino concertatore dell\u2019Accademia Bizantina di Ravenna, <em>ensemble<\/em> specializzato in musica antica, con cui effettua tourn\u00e9e in tutto il mondo. Collabora inoltre, con i pi\u00f9 importanti esponenti nel campo della musica antica ed \u00e8 docente di violino barocco all&#8217; Accademia Internazionale della Musica di Milano e ai Corsi di alto perfezionamento in musica antica di Urbino, nonch\u00e9 del Corso di II livello di violino barocco al Conservatorio Dall\u2019Abaco di Verona. \u00c8 da diversi anni direttore del progetto giovanile europeo \u201cJugendspodium\u201d Incontri musicali Dresda-Venezia. \u00c8 stato protagonista nel 2007 e nel 2011 del <em>Concerto di Natale<\/em> e del <em>Concerto per la Festa della Repubblica<\/em> al Senato della Repubblica Italiana, dove si \u00e8 esibito in veste di direttore e solista eseguendo <em>Le quattro stagioni<\/em> di Vivaldi con l\u2019Orchestra barocca di Santa Cecilia di Roma, in diretta Eurovisione. All\u2019attivit\u00e0 di solista, affianca sempre pi\u00f9 anche quella di direttore: Montanari dirige regolarmente nella stagione del Teatro Donizetti di Bergamo (<em>Don Gregorio, Elisir d\u2019amore e Don Pasquale<\/em> di Donizetti, <em>La Cecchina<\/em> di Piccinni) e ha inoltre diretto <em>Don Pasquale<\/em> di Donizetti al Teatro Coccia di Novara e <em>Elisir d\u2019amore<\/em> al Teatro del Giglio di Lucca. Viene invitato regolarmente dal Teatro La Fenice di Venezia, dove ha recentemente diretto <em>L\u2019inganno felice<\/em> di Rossini, <em>Cos\u00ec fan tutte<\/em> di Mozart, la <em>Messa in si minore<\/em> di Bach e diversi concerti in veste di solista-direttore. Tra gli altri suoi impegni segnaliamo: <em>Cos\u00ec fan tutte, Nozze di Figaro<\/em> e <em>Don Giovanni<\/em> all\u2019Op\u00e9ra de Lyon; <em>Semiramide<\/em> riconosciuta di Porpora al Festival di Beaune, alla testa dell\u2019Accademia Bizantina; Don Giovanni all\u2019Opera Atelier di Toronto; Carmen di Bizet all\u2019Op\u00e9ra de Lyon; <em>Cos\u00ec fan tutte<\/em> al Teatro Donizetti di Bergamo. Intensa \u00e8 anche la sua attivit\u00e0 alla tastiera, che lo impegna regolarmente come direttore dal cembalo e dal fortepiano (<em>Elisir d\u2019amore<\/em> e <em>La Cecchina<\/em> al Teatro Donizetti di Bergamo; <em>Don Giovanni<\/em> di Mozart all\u2019Opera Atelier di Toronto; diversi concerti con Accademia Bizantina). Recentemente \u00e8 stato protagonista anche in veste di accompagnatore d\u2019eccezione su tastiere storiche: al fortepiano, ha accompagnato Marianna Pizzolato in una concerto dedicato alla musica da camera di Rossini per l\u2019apertura della stagione degli Amici della Musica di Firenze; \u00e8 stato protagonista dei concerti di Natale a Venezia; di un concerto dedicato alle <em>Sonate e partite per violino solo<\/em> di Bach a Taranto, programma che verr\u00e0 riproposto anche a Treviso. All&#8217;Op\u00e9ra de Lyon ha diretto <em>Il flauto magico<\/em>, e ha riscosso grande successo di pubblico e critica per la sua lettura di <em>Dido and Aeneas<\/em> al Teatro Ristori di Padova e de <em>La cambiale di matrimonio<\/em> e <em>Elisir d&#8217;amore<\/em> alla Fenice di Venezia, e de <em>Il barbiere di Siviglia<\/em> a Palermo. \u00c8 stato protagonista anche di un&#8217;importante tourn\u00e9e in Australia con il Brandeburg Consort. Recentemente ha diretto: <em>Le Comte Ory<\/em> a Lione; <em>Stabat Mater<\/em> di Rossini e <em>Casanova remix<\/em>, balletto su musiche barocche al filarmonico di Verona; una serie di concerti alla Fenice di Venezia; <em>Cos\u00ec fan tutte<\/em> al Bolshoi di Mosca; <em>L&#8217;Eritrea<\/em> di Cavalli; <em>Don Giovanni<\/em> e <em>L&#8217;inganno felice<\/em> alla Fenice di Venezia; <em>Il barbiere di Siviglia<\/em> alle Terme di Caracalla a Roma. Tra i suoi prossimi impegni ricordiamo: Il Viaggio a Reims ad Amsterdam; <em>Il barbiere di Siviglia<\/em> al Filarmonico di Verona; <em>Orfeo ed Euridice<\/em> al San Carlo di Napoli; <em>Agrippina<\/em> ad Anversa; <em>Dido and Aeneas<\/em> e la Messa in si minore a Firenze, dove sar\u00e0 inoltre impegnato anche in una serie di concerti barocchi e <em>Cos\u00ec fan tutte<\/em> al Bolshoi di Mosca. Diriger\u00e0 poi una serie di concerti al Teatro Malibran di Venezia, al Teatro dal Verme con L&#8217;Orchestra I Pomeriggi Musicali nella doppia veste di direttore-solista e all&#8217;Op\u00e9ra di Lione. Di particolare rilievo \u00e8 la sua collaborazione con il jazzista Gianluigi Trovesi, con cui ha realizzato numerosi progetti discografici e partecipato ai pi\u00f9 importanti festival internazionali. Ha inciso per importanti case discografiche fra cui: Fon\u00e9, Frequenz, Denon, Opus 111, Na\u00efve, Erato, Virgin, Tactus, Astr\u00e9e, Thymallus, Symphonia, Bottega discantica, Decca, Oiseau Lyre, Arts. La sua incisione delle <em>Sonate op. 5<\/em> di Corelli ha ottenuto il Diapason d\u2019Or in Francia e numerosi riconoscimenti e premi internazionali. Nel 2007 e nel 2010 \u00e8 risultato vincitore del premio Internazionale MIDEM, come miglior disco dell\u2019anno di musica barocca. Per la casa editrice musicale Carisch ha curato <em>Metodo per violino barocco<\/em>.<\/p>\n<p><strong>ORCHESTRA I POMERIGGI MUSICALI<\/strong><\/p>\n<p>27 novembre 1945, ore 17.30: al Teatro Nuovo di Milano debutta l\u2019Orchestra I Pomeriggi Musicali. In programma Mozart e Beethoven accostati a Stravinskij e Prokov\u2019ev. Nell\u2019immediato dopoguerra, nel pieno fervore della ricostruzione, l\u2019impresario teatrale Remigio Paone e il critico musicale Ferdinando Ballo lanciano la nuova formazione con un progetto di straordinaria attualit\u00e0: dare alla citt\u00e0 un\u2019orchestra da camera con un solido repertorio classico ed una specifica vocazione alla contemporaneit\u00e0. Il successo \u00e8 immediato e l\u2019Orchestra contribuisce notevolmente alla divulgazione popolare in Italia della musica dei grandi del Novecento censurati durante la dittatura fascista: Stravinskij, Hindemith, Webern, Berg, Poulenc, Honegger, Copland, Yves, Fran\u00e7ais. I Pomeriggi Musicali avviano, inoltre, una tenace attivit\u00e0 di commissione musicale. Per I Pomeriggi compongono infatti Casella, Dallapiccola, Ghedini, Gian Francesco Malipiero, Pizzetti, Respighi. Questa scelta programmatica si consolida nel rapporto con i compositori delle leve successive: Berio, Bussotti, Luciano Chailly, Clementi, Donatoni, Hazon, Maderna, Mannino, Manzoni, Margola, Pennisi, Testi, Tutino, Panni, Fedele, Francesconi, Vacchi. Oggi I Pomeriggi Musicali contano su un vastissimo repertorio che include i capolavori del Barocco, del Classicismo e del primo Romanticismo insieme alla gran parte della musica moderna e contemporanea. Compositori come Honegger e Hindemith, Pizzetti, Dallapiccola, Petrassi e Penderecki hanno diretto la loro musica sul podio de I Pomeriggi Musicali, che diventano trampolino di lancio verso la celebrit\u00e0 di tanti giovani artisti. \u00c8 il caso di\u00a0 Claudio Abbado, Leonard Bernstein, Rudolf Buchbinder, Pierre Boulez, Michele Campanella, Giuliano Carmignola, Aldo Ceccato, Sergiu Celibidache, Riccardo Chailly, Daniele Gatti, Gianandrea Gavazzeni, Carlo Maria Giulini, Vittorio Gui, Natalia Gutman, Angela Hewitt, Leonidas Kavakos, Alexander Lonquich, Alexander Igor Markevitch, Zubin Mehta, Carl Melles, Riccardo Muti, Hermann Scherchen, Thomas Schippers, Christian Thielemann, Salvatore Accardo, Antonio Ballista, Arturo Benedetti Michelangeli, Bruno Canino, Dino Ciani, Severino Gazzelloni, Franco Gulli, Nikita Magaloff, Nathan Milstein, Massimo Quarta, Maurizio Pollini, Corrado Rovaris e Uto Ughi. Tra i Direttori stabili dell\u2019Orchestra, ricordiamo Nino Sanzogno, il primo, Gianluigi Gelmetti, Giampiero Taverna e Othmar Maga, per arrivare ai milanesi Daniele Gatti, Antonello Manacorda e Aldo Ceccato, direttore emerito dell\u2019Orchestra. In alcuni casi, la direzione musicale \u00e8 stata affiancata da una direzione artistica; in questa veste: Italo Gomez, Carlo Majer, Marcello Panni, Marco Tutino, Gianni Tangucci, Ivan Fedele, Massimo Collarini e, da luglio 2013, Maurizio Salerno. L\u2019Orchestra I Pomeriggi Musicali svolge la sua attivit\u00e0 principalmente a Milano e nelle citt\u00e0 lombarde, mentre in autunno contribuisce alle stagioni liriche dei Teatri di Bergamo, Brescia, Como, Cremona, Mantova, Pavia \u2013 all\u2019interno del cartellone di Opera Lombardia \u2013 e alla stagione di balletto del Teatro alla Scala. Invitata nelle principali stagioni sinfoniche italiane, l\u2019Orchestra \u00e8 ospite anche delle maggiori sale da concerto europee. I Pomeriggi Musicali sono una Fondazione costituita dalla Regione Lombardia, dal Comune di Milano, dalla Provincia di Milano, e da enti privati, riconosciuta dallo Stato come istituzione concertistico-orchestrale e dalla Regione Lombardia come ente primario di produzione musicale. Sede dell\u2019Orchestra I Pomeriggi Musicali \u00e8 lo storico Teatro Dal Verme, sito nel cuore di Milano.<\/p>\n<p><strong>\u00a0<\/strong><\/p>\n<p><strong>\u00a0<\/strong><\/p>\n<p><strong>\u00a0<\/strong><\/p>\n","protected":false},"excerpt":{"rendered":"<p>71\u00aa STAGIONE SINFONICA ORCHESTRA I POMERIGGI MUSICALI Direttore Artistico, M\u00b0 Maurizio Salerno Stagione 2015-2016 Sabato 12 marzo, ore 17.00 Teatro Dal Verme Via San Giovanni sul Muro 2 \u2013 Milano Direttore e violino: Stefano Montanari Orchestra I Pomeriggi Musicali Khayami,\u00a0La citt\u00e0 infelice, Raissa, commissione I Pomeriggi Musicali Mozart,\u00a0Concerto per violino e orchestra n. 3 in &hellip; <a href=\"https:\/\/www.gdapress.it\/it\/index.php\/56491\/musica\/teatro-dal-verme-orchestra-i-pomeriggi-musicali.html\" class=\"more-link\">Read more <span class=\"screen-reader-text\">Teatro Dal Verme Orchestra I Pomeriggi Musicali<\/span><\/a><\/p>\n","protected":false},"author":3,"featured_media":56341,"comment_status":"closed","ping_status":"open","sticky":false,"template":"","format":"standard","meta":{"footnotes":""},"categories":[19],"tags":[14296,1568,235],"class_list":["post-56491","post","type-post","status-publish","format-standard","has-post-thumbnail","hentry","category-musica","tag-i-pomeriggi-musicali","tag-orchestra","tag-teatro-dal-verme"],"_links":{"self":[{"href":"https:\/\/www.gdapress.it\/it\/index.php\/wp-json\/wp\/v2\/posts\/56491","targetHints":{"allow":["GET"]}}],"collection":[{"href":"https:\/\/www.gdapress.it\/it\/index.php\/wp-json\/wp\/v2\/posts"}],"about":[{"href":"https:\/\/www.gdapress.it\/it\/index.php\/wp-json\/wp\/v2\/types\/post"}],"author":[{"embeddable":true,"href":"https:\/\/www.gdapress.it\/it\/index.php\/wp-json\/wp\/v2\/users\/3"}],"replies":[{"embeddable":true,"href":"https:\/\/www.gdapress.it\/it\/index.php\/wp-json\/wp\/v2\/comments?post=56491"}],"version-history":[{"count":1,"href":"https:\/\/www.gdapress.it\/it\/index.php\/wp-json\/wp\/v2\/posts\/56491\/revisions"}],"predecessor-version":[{"id":56493,"href":"https:\/\/www.gdapress.it\/it\/index.php\/wp-json\/wp\/v2\/posts\/56491\/revisions\/56493"}],"wp:featuredmedia":[{"embeddable":true,"href":"https:\/\/www.gdapress.it\/it\/index.php\/wp-json\/wp\/v2\/media\/56341"}],"wp:attachment":[{"href":"https:\/\/www.gdapress.it\/it\/index.php\/wp-json\/wp\/v2\/media?parent=56491"}],"wp:term":[{"taxonomy":"category","embeddable":true,"href":"https:\/\/www.gdapress.it\/it\/index.php\/wp-json\/wp\/v2\/categories?post=56491"},{"taxonomy":"post_tag","embeddable":true,"href":"https:\/\/www.gdapress.it\/it\/index.php\/wp-json\/wp\/v2\/tags?post=56491"}],"curies":[{"name":"wp","href":"https:\/\/api.w.org\/{rel}","templated":true}]}}