
{"id":56340,"date":"2016-03-03T00:59:48","date_gmt":"2016-03-02T22:59:48","guid":{"rendered":"http:\/\/www.gdapress.it\/it\/?p=56340"},"modified":"2016-03-03T00:59:48","modified_gmt":"2016-03-02T22:59:48","slug":"orchestra-i-pomeriggi-musicali-teatro-dal-verme-milano-4","status":"publish","type":"post","link":"https:\/\/www.gdapress.it\/it\/index.php\/56340\/musica\/orchestra-i-pomeriggi-musicali-teatro-dal-verme-milano-4.html","title":{"rendered":"ORCHESTRA I POMERIGGI MUSICALI Teatro Dal Verme Milano"},"content":{"rendered":"<p><a href=\"http:\/\/www.gdapress.it\/it\/..\/public\/it\/2016\/03\/Lortie-2014-2-credit-PLUSHMUSIC.jpg\"><img loading=\"lazy\" decoding=\"async\" class=\"alignnone size-medium wp-image-56341\" src=\"http:\/\/www.gdapress.it\/it\/..\/public\/it\/2016\/03\/Lortie-2014-2-credit-PLUSHMUSIC-300x169.jpg\" alt=\"Lortie 2014 2 credit  PLUSHMUSIC\" width=\"300\" height=\"169\" srcset=\"https:\/\/www.gdapress.it\/it\/..\/public\/it\/2016\/03\/Lortie-2014-2-credit-PLUSHMUSIC-300x169.jpg 300w, https:\/\/www.gdapress.it\/it\/..\/public\/it\/2016\/03\/Lortie-2014-2-credit-PLUSHMUSIC-500x281.jpg 500w, https:\/\/www.gdapress.it\/it\/..\/public\/it\/2016\/03\/Lortie-2014-2-credit-PLUSHMUSIC-900x506.jpg 900w, https:\/\/www.gdapress.it\/it\/..\/public\/it\/2016\/03\/Lortie-2014-2-credit-PLUSHMUSIC.jpg 1920w\" sizes=\"auto, (max-width: 300px) 100vw, 300px\" \/><\/a><\/p>\n<p><strong>71\u00aa STAGIONE SINFONICA<\/strong><\/p>\n<p><strong>ORCHESTRA I POMERIGGI MUSICALI<\/strong><\/p>\n<p><strong>Direttore Artistico, M\u00b0 Maurizio Salerno<\/strong><\/p>\n<p><strong>Stagione 2015-2016<\/strong><\/p>\n<p><strong>Gioved\u00ec 3 marzo, ore 21.00<\/strong><\/p>\n<p><strong>Sabato 5 marzo, ore 17.00<\/strong><\/p>\n<p><em>Generale aperta al pubblico \u2013 Gioved\u00ec 5 marzo, ore 10.00<\/em><\/p>\n<p><strong>Teatro Dal Verme<\/strong><\/p>\n<p><em>Via San Giovanni sul Muro 2 \u2013 Milano<\/em><\/p>\n<p>Direttore e pianoforte: <strong>Louis Lortie<\/strong><\/p>\n<p><strong>Orchestra I Pomeriggi Musicali<\/strong><\/p>\n<p><strong>Sciortino,<\/strong>\u00a0<em>Notturno a Fedora<\/em>, commissione I Pomeriggi Musicali<br \/>\n<strong>Mozart,<\/strong>\u00a0<em>Concerto per pianoforte e orchestra n. 22 in Mi bemolle maggiore<\/em>, K 482<br \/>\n<strong>Schubert,<\/strong>\u00a0<em>Sinfonia n. 4 in do minore, \u201cTragica\u201d<\/em>, D 417<\/p>\n<p>Gi\u00e0 protagonista la stagione scorsa di un concerto dal programma tutto mozartiano, torna sul palco del Teatro Dal Verme il grande <strong>Louis Lortie<\/strong> nel doppio ruolo di pianista e direttore. Sulla scia del precedente appuntamento che ha visto Benedetto Lupo e Beatrice Rana impegnarsi in due concerti per due pianoforti, ora un altro caposaldo della letteratura pianistica sar\u00e0 eseguito: il <strong><em>Concerto per pianoforte e orchestra n. 22 in Mi bemolle maggiore<\/em>, K 482\u00a0<\/strong>di <strong>Mozart<\/strong>, facente parte dei cosiddetti \u201cconcerti sinfonici\u201d del Maestro di Salisburgo<\/p>\n<p>L\u2019apertura, come di consueto in questa 71\u00aa Stagione sinfonica \u00e8 affidata all\u2019opera commissionata dalla Fondazione I Pomeriggi Musicali questa volta a <strong>Orazio Sciortino<\/strong>, <strong><em>Notturno a Fedora<\/em><\/strong>, dedicata alla \u201cmetropoli di pietra grigia\u201d raccontata da Calvino fra le sue <em>Citt\u00e0 invisibili.<\/em><\/p>\n<p><strong>Il finale \u00e8 lasciato alla <\/strong><strong><em>Sinfonia n. 4 in do minore<\/em><\/strong><strong> di <\/strong><strong>Schubert<\/strong><strong>, la prima da lui scritta in tonalit\u00e0 minore e per questo insignita del titolo \u2013 apposto dallo stesso autore \u2013 di <em>\u201cTragica\u201d.<\/em><\/strong><\/p>\n<p><strong>LUIS LORTIE, direttore e pianoforte<\/strong><\/p>\n<p>Pianista franco-canadese \u00e8 apprezzato in Europa, Asia e Stati Uniti per la sua ricerca di un\u2019originalit\u00e0 interpretativa figlia di un ampio repertorio pi\u00f9 che per la specializzazione in un unico stile, e per la sua capacit\u00e0 di creare una \u201ccombinazione di spontaneit\u00e0 e maturit\u00e0 che solo i grandi pianisti hanno\u201d (\u201cThe Times\u201d)<em>. <\/em>Louise Lortie ha studiato a Montreal con Yvonne Hubert (studente del leggendario Alfred Cortot), a Vienna con lo specialista di Beethoven Dieter Weber e, in seguito, con il discepolo di Schnabel, Leon Fleisher. Ha debuttato con la Sinfonica di Montreal all\u2019et\u00e0 di tredici anni e, tre anni dopo, la sua prima esibizione con la Sinfonica di Toronto ha portato a una storica tourn\u00e9e in Cina e Giappone. Nel 1984, ha vinto il Primo Premio del Concorso Busoni e si \u00e8 contraddistinto al Concorso di Leeds. Nel 1992 \u00e8 stato nominato Ufficiale dell\u2019Ordine del Canada e, in seguito, ha ricevuto sia l\u2019Ordine del Quebec, sia un dottorato onorario dall\u2019Universit\u00e0 di Laval. Dal 1997 vive a Berlino ma risiede saltuariamente anche in Canada e in Italia. Tra i suoi maggiori successi ricordiamo: le Sonate per pianoforte di Beethoven, che ha eseguito in maniera integrale alla Wigmore Hall di Londra, alla Filarmonica di Berlino e alla Sala Grande del Conservatorio Giuseppe Verdi di Milano, ottenendo da \u201cDie Welt\u201d, dopo l&#8217;esibizione di Berlino, la definizione come \u201cil miglior Beethoven dai tempi di Wilhelm Kempff\u201d. Con l\u2019Orchestra Sinfonica di Montreal ha eseguito e diretto i Cinque concerti per pianoforte di Beethoven e l\u2019integrale dei Concerti di Mozart. Louis Lortie ha inoltre suonato le opere complete di Ravel a Londra e a Montreal per la BBC e la CBC ed \u00e8 noto in tutto il mondo per le sue interpretazioni degli Studi di Chopin. Nel 2011, Lortie ha reso omaggio al bicentenario della nascita di Liszt presentando il ciclo completo degli <em>Ann\u00e9es de p\u00e8lerinage<\/em> nelle principali capitali e ai festival musicali pi\u00f9 prestigiosi del mondo, rieseguendolo nel 2014 presso la Carnegie Hall. La registrazione di questa sua monumentale interpretazione, pubblicata per l\u2019etichetta Chandos, \u00e8 stata premiata come una delle dieci migliori registrazioni del 2012 dal \u201cNew Yorker\u201d. Sempre per l\u2019etichetta Chandos ha realizzato pi\u00f9 di trenta registrazioni con un repertorio che spazia da Mozart fino a Stravinsky; nel 2012 \u00e8 stato pubblicato l&#8217;album con il <em>Concerto per pianoforte<\/em> di Lutoslawski e le <em>Variazioni<\/em> di Paganini, con Edward Gardner e la Sinfonica della BBC, e il suo ultimo album con le opere di Chopin, nominato dal \u201cNew York Times\u201d tra le migliori registrazioni del 2012. I progetti futuri includono un disco con trascrizioni di opere di Liszt. Per l\u2019etichetta canadese ATMA Classique, invece, Louis Lortie ha registrato i Concerti di Mendelssohn con l\u2019Orchestra Sinfonica del Quebec e, come direttore, la <em>Sinfonia \u201cLa riforma\u201d <\/em>di Mendelssohn. Nella stagione 2012\/2013 ha interpretato Gershwin a San Paolo con la direzione di Tortelier, Liszt con la NHK Tokyo sotto la direzione di Dutoit, Chopin con l\u2019Orchestra di Cleveland diretta da Van Zweden, Schubert e Liszt a Utrecht con la direzione di Krivine e Mozart con la Royal Philharmonic Orchestra diretta da Dutoit. La stagione 2013\/2014 lo ha visto impegnato in grandi tourn\u00e9e in Australia, Hong Kong e Taiwan; \u00e8 inoltre tornato ai Proms della BBC e ha suonato nuovamente con le Orchestre di St. Louis, Atlanta, Dallas, Vancouver, Detroit, Norimberga, Dresda e Amburgo, con l\u2019Orchestre de la Suisse Romande e con l\u2019Orchestra Filarmonica della BBC. Inoltre, ha suonato e diretto un programma incentrato su Mozart per la Sinfonica di Toronto e si \u00e8 esibito in alcuni recital presso il Kennedy Center, la Carnegie Hall, la Sydney Opera House, il National Arts Center, la Duke University e al Casals Festival, a Filadelfia, Varsavia, Montreal, Bournemouth e Milano. Louis Lortie \u00e8 stato inoltre protagonista di tourn\u00e9e con l\u2019Orchestra Filarmonica della Scala nel <em>Concerto n. 2 <\/em>di Brahms e, con l\u2019Orchestra Beethoven di Bonn, nei <em>Concerti n. 4 <\/em>e<em> n. 5 <\/em>di Beethoven. Si \u00e8 poi esibito nuovamente presso l\u2019Orchestra Hall di Chicago e in altre importanti sale concertistiche con il suo programma in recital: <em>Lortie goes to the<\/em> <em>Opera<\/em>. Si \u00e8 inoltre esibito in recital anche a Copenhagen, Osaka, Cremona e Dresda. Numerose sono le collaborazioni con famosi direttori d\u2019orchestra tra cui: Riccardo Chailly, Lorin Maazel, Jaap Van Zweden, Kurt Masur, Seiji Ozawa, Charles Dutoit, Kurt Sanderling, Neeme J\u00e4rvi, Sir Andrew Davis, Wolfgang Sawallisch, Sir Mark Elder, Hannu Lintu e Osmo V\u00e4nsk\u00e4. Lortie ha inoltre preso parte a numerosi progetti di musica da camera con Augustin Dumay e con la pianista canadese H\u00e9l\u00e8ne Mercier, con cui forma un affiatato duo.<\/p>\n<p><strong>ORCHESTRA I POMERIGGI MUSICALI<\/strong><\/p>\n<p>27 novembre 1945, ore 17.30: al Teatro Nuovo di Milano debutta l\u2019Orchestra I Pomeriggi Musicali. In programma Mozart e Beethoven accostati a Stravinskij e Prokov\u2019ev. Nell\u2019immediato dopoguerra, nel pieno fervore della ricostruzione, l\u2019impresario teatrale Remigio Paone e il critico musicale Ferdinando Ballo lanciano la nuova formazione con un progetto di straordinaria attualit\u00e0: dare alla citt\u00e0 un\u2019orchestra da camera con un solido repertorio classico ed una specifica vocazione alla contemporaneit\u00e0. Il successo \u00e8 immediato e l\u2019Orchestra contribuisce notevolmente alla divulgazione popolare in Italia della musica dei grandi del Novecento censurati durante la dittatura fascista: Stravinskij, Hindemith, Webern, Berg, Poulenc, Honegger, Copland, Yves, Fran\u00e7ais. I Pomeriggi Musicali avviano, inoltre, una tenace attivit\u00e0 di commissione musicale. Per I Pomeriggi compongono infatti Casella, Dallapiccola, Ghedini, Gian Francesco Malipiero, Pizzetti, Respighi. Questa scelta programmatica si consolida nel rapporto con i compositori delle leve successive: Berio, Bussotti, Luciano Chailly, Clementi, Donatoni, Hazon, Maderna, Mannino, Manzoni, Margola, Pennisi, Testi, Tutino, Panni, Fedele, Francesconi, Vacchi. Oggi I Pomeriggi Musicali contano su un vastissimo repertorio che include i capolavori del Barocco, del Classicismo e del primo Romanticismo insieme alla gran parte della musica moderna e contemporanea. Compositori come Honegger e Hindemith, Pizzetti, Dallapiccola, Petrassi e Penderecki hanno diretto la loro musica sul podio de I Pomeriggi Musicali, che diventano trampolino di lancio verso la celebrit\u00e0 di tanti giovani artisti. \u00c8 il caso di\u00a0 Claudio Abbado, Leonard Bernstein, Rudolf Buchbinder, Pierre Boulez, Michele Campanella, Giuliano Carmignola, Aldo Ceccato, Sergiu Celibidache, Riccardo Chailly, Daniele Gatti, Gianandrea Gavazzeni, Carlo Maria Giulini, Vittorio Gui, Natalia Gutman, Angela Hewitt, Leonidas Kavakos, Alexander Lonquich, Alexander Igor Markevitch, Zubin Mehta, Carl Melles, Riccardo Muti, Hermann Scherchen, Thomas Schippers, Christian Thielemann, Salvatore Accardo, Antonio Ballista, Arturo Benedetti Michelangeli, Bruno Canino, Dino Ciani, Severino Gazzelloni, Franco Gulli, Nikita Magaloff, Nathan Milstein, Massimo Quarta, Maurizio Pollini, Corrado Rovaris e Uto Ughi. Tra i Direttori stabili dell\u2019Orchestra, ricordiamo Nino Sanzogno, il primo, Gianluigi Gelmetti, Giampiero Taverna e Othmar Maga, per arrivare ai milanesi Daniele Gatti, Antonello Manacorda e Aldo Ceccato, direttore emerito dell\u2019Orchestra. In alcuni casi, la direzione musicale \u00e8 stata affiancata da una direzione artistica; in questa veste: Italo Gomez, Carlo Majer, Marcello Panni, Marco Tutino, Gianni Tangucci, Ivan Fedele, Massimo Collarini e, da luglio 2013, Maurizio Salerno. L\u2019Orchestra I Pomeriggi Musicali svolge la sua attivit\u00e0 principalmente a Milano e nelle citt\u00e0 lombarde, mentre in autunno contribuisce alle stagioni liriche dei Teatri di Bergamo, Brescia, Como, Cremona, Mantova, Pavia \u2013 all\u2019interno del cartellone di Opera Lombardia \u2013 e alla stagione di balletto del Teatro alla Scala. Invitata nelle principali stagioni sinfoniche italiane, l\u2019Orchestra \u00e8 ospite anche delle maggiori sale da concerto europee. I Pomeriggi Musicali sono una Fondazione costituita dalla Regione Lombardia, dal Comune di Milano, dalla Provincia di Milano, e da enti privati, riconosciuta dallo Stato come istituzione concertistico-orchestrale e dalla Regione Lombardia come ente primario di produzione musicale. Sede dell\u2019Orchestra I Pomeriggi Musicali \u00e8 lo storico Teatro Dal Verme, sito nel cuore di Milano.<\/p>\n<p><strong>BIGLIETTI<\/strong><\/p>\n<p><strong>Interi<\/strong><\/p>\n<p>Primo Settore (Platea, dalla fila 1 alla 30): <strong>\u20ac 19,00 <\/strong>+ prevendita<\/p>\n<p>Secondo Settore (Platea, dalla fila 31 alla 40): <strong>\u20ac 13,50 <\/strong>+ prevendita<\/p>\n<p>Balconata: <strong>\u20ac 10,50 <\/strong>+ prevendita<\/p>\n<p>&nbsp;<\/p>\n<p><strong>Ridotti <\/strong>(Giovani under 26; Anziani over 60; Cral; Ass.<\/p>\n<p>Culturali, Biblioteche; Gruppi; Scuole e Universit\u00e0)<\/p>\n<p>Primo Settore (Platea, dalla fila 1 alla fila 30) <strong>\u20ac 15,00 <\/strong>+ prevendita<\/p>\n<p>Secondo Settore (Platea, dalla fila 31 alla fila 40) <strong>\u20ac 11,50 <\/strong>+ prevendita<\/p>\n<p>Balconata <strong>\u20ac 8,50 <\/strong>+ prevendita<\/p>\n<p>&nbsp;<\/p>\n<p><strong>Biglietteria TicketOne <\/strong><\/p>\n<p><strong>Teatro<\/strong> <strong>Dal Verme <\/strong><\/p>\n<p>Via San Giovanni Sul Muro, 2 \u2013 20121 Milano<\/p>\n<p>Tel. 02 87.905.201<\/p>\n<p>dal marted\u00ec al sabato dalle 11.00 alle 18.00<\/p>\n<p><a href=\"http:\/\/www.ipomeriggi.it\/\">www.ipomeriggi.it<\/a><\/p>\n<p><a href=\"http:\/\/www.ipomeriggi.it\/facebook\">www.ipomeriggi.it\/facebook<\/a><\/p>\n<p><a href=\"http:\/\/www.ipomeriggi.it\/youtube\">www.ipomeriggi.it\/youtube<\/a><\/p>\n","protected":false},"excerpt":{"rendered":"<p>71\u00aa STAGIONE SINFONICA ORCHESTRA I POMERIGGI MUSICALI Direttore Artistico, M\u00b0 Maurizio Salerno Stagione 2015-2016 Gioved\u00ec 3 marzo, ore 21.00 Sabato 5 marzo, ore 17.00 Generale aperta al pubblico \u2013 Gioved\u00ec 5 marzo, ore 10.00 Teatro Dal Verme Via San Giovanni sul Muro 2 \u2013 Milano Direttore e pianoforte: Louis Lortie Orchestra I Pomeriggi Musicali Sciortino,\u00a0Notturno &hellip; <a href=\"https:\/\/www.gdapress.it\/it\/index.php\/56340\/musica\/orchestra-i-pomeriggi-musicali-teatro-dal-verme-milano-4.html\" class=\"more-link\">Read more <span class=\"screen-reader-text\">ORCHESTRA I POMERIGGI MUSICALI Teatro Dal Verme Milano<\/span><\/a><\/p>\n","protected":false},"author":3,"featured_media":0,"comment_status":"closed","ping_status":"open","sticky":false,"template":"","format":"standard","meta":{"footnotes":""},"categories":[19],"tags":[17,14160,235],"class_list":["post-56340","post","type-post","status-publish","format-standard","hentry","category-musica","tag-milano","tag-orchestra-i-pomeriggi-musicali","tag-teatro-dal-verme"],"_links":{"self":[{"href":"https:\/\/www.gdapress.it\/it\/index.php\/wp-json\/wp\/v2\/posts\/56340","targetHints":{"allow":["GET"]}}],"collection":[{"href":"https:\/\/www.gdapress.it\/it\/index.php\/wp-json\/wp\/v2\/posts"}],"about":[{"href":"https:\/\/www.gdapress.it\/it\/index.php\/wp-json\/wp\/v2\/types\/post"}],"author":[{"embeddable":true,"href":"https:\/\/www.gdapress.it\/it\/index.php\/wp-json\/wp\/v2\/users\/3"}],"replies":[{"embeddable":true,"href":"https:\/\/www.gdapress.it\/it\/index.php\/wp-json\/wp\/v2\/comments?post=56340"}],"version-history":[{"count":1,"href":"https:\/\/www.gdapress.it\/it\/index.php\/wp-json\/wp\/v2\/posts\/56340\/revisions"}],"predecessor-version":[{"id":56342,"href":"https:\/\/www.gdapress.it\/it\/index.php\/wp-json\/wp\/v2\/posts\/56340\/revisions\/56342"}],"wp:attachment":[{"href":"https:\/\/www.gdapress.it\/it\/index.php\/wp-json\/wp\/v2\/media?parent=56340"}],"wp:term":[{"taxonomy":"category","embeddable":true,"href":"https:\/\/www.gdapress.it\/it\/index.php\/wp-json\/wp\/v2\/categories?post=56340"},{"taxonomy":"post_tag","embeddable":true,"href":"https:\/\/www.gdapress.it\/it\/index.php\/wp-json\/wp\/v2\/tags?post=56340"}],"curies":[{"name":"wp","href":"https:\/\/api.w.org\/{rel}","templated":true}]}}