
{"id":56321,"date":"2016-03-02T23:51:11","date_gmt":"2016-03-02T21:51:11","guid":{"rendered":"http:\/\/www.gdapress.it\/it\/?p=56321"},"modified":"2016-03-02T23:51:11","modified_gmt":"2016-03-02T21:51:11","slug":"flavio-oreglio-e-alberto-patrucco-a-zelig-cabaret","status":"publish","type":"post","link":"https:\/\/www.gdapress.it\/it\/index.php\/56321\/spettacoli\/flavio-oreglio-e-alberto-patrucco-a-zelig-cabaret.html","title":{"rendered":"FLAVIO OREGLIO e ALBERTO PATRUCCO a ZELIG CABARET"},"content":{"rendered":"<p class=\"ecxMsoNormal\" align=\"center\"><a href=\"http:\/\/www.gdapress.it\/it\/..\/public\/it\/2016\/03\/FLAVIO-OREGLIO-e-ALBERTO-PATRUCCO.jpg\"><img loading=\"lazy\" decoding=\"async\" class=\"alignnone size-medium wp-image-56322\" src=\"http:\/\/www.gdapress.it\/it\/..\/public\/it\/2016\/03\/FLAVIO-OREGLIO-e-ALBERTO-PATRUCCO-300x200.jpg\" alt=\"FLAVIO OREGLIO e ALBERTO PATRUCCO\" width=\"300\" height=\"200\" srcset=\"https:\/\/www.gdapress.it\/it\/..\/public\/it\/2016\/03\/FLAVIO-OREGLIO-e-ALBERTO-PATRUCCO-300x200.jpg 300w, https:\/\/www.gdapress.it\/it\/..\/public\/it\/2016\/03\/FLAVIO-OREGLIO-e-ALBERTO-PATRUCCO-500x333.jpg 500w, https:\/\/www.gdapress.it\/it\/..\/public\/it\/2016\/03\/FLAVIO-OREGLIO-e-ALBERTO-PATRUCCO-900x600.jpg 900w\" sizes=\"auto, (max-width: 300px) 100vw, 300px\" \/><\/a><\/p>\n<p class=\"ecxMsoNormal\" align=\"center\"><b>FLAVIO OREGLIO e ALBERTO PATRUCCO<\/b><\/p>\n<p class=\"ecxMsoNormal\" align=\"center\"><b>a ZELIG CABARET<\/b><\/p>\n<p class=\"ecxMsoNormal\" align=\"center\"><b>giovedi\u2019 3 marzo 2016 \u2013 ore 21<\/b><\/p>\n<p class=\"ecxMsoNormal\" align=\"center\"><b>Non facciamo mai la stessa cosa.<\/b><\/p>\n<p class=\"ecxMsoNormal\" align=\"center\"><b>Se poi cambia anche il pubblico, siamo a posto.<\/b><\/p>\n<p class=\"ecxMsoNormal\" align=\"center\">ZELIG CABARET &#8211; Viale Monza 140 &#8211; 20125 Milano &#8211;\u00a0<a href=\"http:\/\/customer34264.musvc5.net\/e\/t?q=5%3d6TNX7%26B%3dN%26F%3d5VP%26G%3dARRZ%26x%3d8F3d1wLs_HmuS_Sw_JTsl_Ti_HmuS_R2OzM.wJh1L7o93.Aw%264%3d9MvLyW.q5F\" target=\"_blank\">www.areazelig.it<\/a><\/p>\n<p class=\"ecxMsoNormal\" align=\"center\">Tavolo 12\u20ac &#8211; Tribuna 10\u20ac<\/p>\n<p class=\"ecxMsoNormal\" align=\"center\">Infoline e prenotazioni 022551774 \u2013 oppure prevendite ticketone.it<\/p>\n<p class=\"ecxMsoNormal\">Oreglio e Patrucco, insieme, per la prima volta, in teatro con un\u2019originale performance che \u2013 attraverso monologhi, canzoni, nuove idee e percorsi inesplorati \u2013 riscopre lo spirito originario del vero Cabaret.<\/p>\n<p class=\"ecxMsoNormal\">\u201c<i>\u00c8 da quando ci siamo conosciuti che pensiamo di fare qualcosa insieme <\/i>\u2013 dice Oreglio \u2013 <i>e finalmente abbiamo trovato lo spirito giusto per provarci<\/i>\u201d.<\/p>\n<p class=\"ecxMsoNormal\">Per la cronaca, i due si sono conosciuti nel 1987\u2026<\/p>\n<p class=\"ecxMsoNormal\">\u201c<i>Ci siamo presi il tempo per riflettere<\/i> \u2013 aggiunge Patrucco \u2013 <i>non amiamo agire d\u2019impulso<\/i>\u201d.<\/p>\n<p class=\"ecxMsoNormal\">S\u00ec, ma ventotto anni sono ventotto anni\u2026<\/p>\n<p class=\"ecxMsoNormal\">\u201c<i>Lo sappiamo<\/i> \u2013 riprende Flavio \u2013 <i>infatti, ho detto ad Alberto: sei sicuro che non sia un azzardo eccessivo? Fosse per me, aspetterei ancora una settimana<\/i>\u201d.<\/p>\n<p class=\"ecxMsoNormal\">Quasi sei lustri!\u2026<\/p>\n<p class=\"ecxMsoNormal\">\u201c<i>Del resto<\/i> \u2013 taglia corto Alberto \u2013 <i>il tempo vola<\/i>\u201d.<\/p>\n<p class=\"ecxMsoNormal\">Oreglio e Patrucco insieme sul palco con la voglia di divertire e divertirsi; con le idee chiare e un \u201cmanifesto\u201d d\u2019intenti essenziale e preciso: <i>Quello che sta succedendo al mondo della cosiddetta<\/i> \u201c<i>comicit\u00e0<\/i>\u201d <i>non ci interessa. A noi piace misurarci sui contenuti, amiamo \u201cfar ridere e pensare\u201d anzich\u00e9 \u201cpensare di far ridere\u201d. La partecipazione che ci piace \u00e8 \u201cemotiva\u201d, non fisica. In un clima confortevole, non confortante, vogliamo generare una situazione in grado di produrre una dimensione d\u2019ascolto ideale per poter raccontare, dialogare, suonare, leggere e cantare. Ricerchiamo il piacere di ritrovare l\u2019equilibrio sobrio di una normalit\u00e0 ormai dimenticata, distante dalle urla e dalle esagerazioni del sistema mediatico imperante. Perch\u00e9 oggi, la vera trasgressione \u00e8 \u2026 la normalit\u00e0<\/i>.<\/p>\n<p class=\"ecxMsoNormal\"><b><span style=\"text-decoration: underline;\">INFORMAZIONI PER IL PUBBLICO<\/span><\/b><\/p>\n<p class=\"ecxMsoNormal\">ZELIG CABARET &#8211; Viale Monza 140 &#8211; 20125 Milano &#8211;\u00a0<a title=\"http:\/\/www.areazelig.it\" href=\"http:\/\/customer34264.musvc5.net\/e\/t?q=8%3dJaFaK%26I%3dF%26I%3dIcH%26J%3dOYJc%26B%3dE8O7_Oexg_Zo_Mhzd_Ww_Oexg_Yt8BP8J4B6XKYJY.4R7Qtb.20A_Oexg_Yt0_9xgu_IC8_Mhzd_XwN_6vjw_G9R_Oexg_YIXuejsuf_6vjw_FZIcR_Mhzd_WLZrs_9xgu_IbFac_Oexg_YIXudht_9xgu_IbFad_Oexg_YIXujhuq_Oexg_YIWMW_6vjw_FZJANkPCGRiR_XHH2_iR_g39G_qH_XHH2_hWlYc.RgGGqTNOX.XV_6vjw_FZIcJ_Mhzd_WLZrdjUbTt.PKk%26u%3dJ9NC0I.6r8oIvQ\" target=\"_blank\">www.areazelig.it<\/a><\/p>\n<p class=\"ecxMsoNormal\">Tavolo 12\u20ac &#8211; Tribuna 10\u20ac<\/p>\n<p class=\"ecxMsoNormal\">I prezzi indicati si intendono senza consumazione ed eventuale prevendita<\/p>\n<p class=\"ecxMsoNormal\">Infoline e prenotazioni tel. 02.255.1774 (dal luned\u00ec al venerd\u00ec dalle 10.00 alle 13.00 e dalle 14.00 alle 18.00 \u2013 nelle sere di spettacolo anche dalle 18 alle 20.30 &#8211; sabato e domenica dalle 18.00 alle 20.30)<\/p>\n<p class=\"ecxMsoNormal\">Acquisti ondine su\u00a0<a title=\"http:\/\/www.ticketone.it\" href=\"http:\/\/customer34264.musvc5.net\/e\/t?q=7%3d9UBZ0%26C%3dB%26H%3d8WD%26I%3dDSFb%261%3d94Nv_IawV_Tk_LWtZ_Vl_IawV_Sp71J4Is62W0SFX.sL3PiV.x9z_IawV_Sp9_xrct_874_LWtZ_WlH_2uYq_C8B_IawV_SEWjfepeg_2uYq_BY8WM_LWtZ_VATnp_xrct_8VBZM_IawV_SEWjecq_xrct_8VBZN_IawV_SEWjkcra_IawV_SEVBX_2uYq_BY95Ih0DBOSS_SE23_dO_Q44D_aI_SE23_cTVZX.hHFLSSROS.HW_2uYq_BY8WE_LWtZ_VATnaTVWQd.QFh%26j%3dD5M24E.5g2kHkK\" target=\"_blank\">www.ticketone.it<\/a><\/p>\n<p class=\"ecxMsoNormal\">INIZIO SPETTACOLO ore 21.30 &#8211; Ingresso consentito ai maggiori di anni 14<\/p>\n<p class=\"ecxMsoNormal\">\n","protected":false},"excerpt":{"rendered":"<p>FLAVIO OREGLIO e ALBERTO PATRUCCO a ZELIG CABARET giovedi\u2019 3 marzo 2016 \u2013 ore 21 Non facciamo mai la stessa cosa. Se poi cambia anche il pubblico, siamo a posto. ZELIG CABARET &#8211; Viale Monza 140 &#8211; 20125 Milano &#8211;\u00a0www.areazelig.it Tavolo 12\u20ac &#8211; Tribuna 10\u20ac Infoline e prenotazioni 022551774 \u2013 oppure prevendite ticketone.it Oreglio e &hellip; <a href=\"https:\/\/www.gdapress.it\/it\/index.php\/56321\/spettacoli\/flavio-oreglio-e-alberto-patrucco-a-zelig-cabaret.html\" class=\"more-link\">Read more <span class=\"screen-reader-text\">FLAVIO OREGLIO e ALBERTO PATRUCCO a ZELIG CABARET<\/span><\/a><\/p>\n","protected":false},"author":3,"featured_media":0,"comment_status":"closed","ping_status":"open","sticky":false,"template":"","format":"standard","meta":{"footnotes":""},"categories":[8],"tags":[16985,17393,14360],"class_list":["post-56321","post","type-post","status-publish","format-standard","hentry","category-spettacoli","tag-alberto-patrucco","tag-flavio-oreglio","tag-zelig-cabaret"],"_links":{"self":[{"href":"https:\/\/www.gdapress.it\/it\/index.php\/wp-json\/wp\/v2\/posts\/56321","targetHints":{"allow":["GET"]}}],"collection":[{"href":"https:\/\/www.gdapress.it\/it\/index.php\/wp-json\/wp\/v2\/posts"}],"about":[{"href":"https:\/\/www.gdapress.it\/it\/index.php\/wp-json\/wp\/v2\/types\/post"}],"author":[{"embeddable":true,"href":"https:\/\/www.gdapress.it\/it\/index.php\/wp-json\/wp\/v2\/users\/3"}],"replies":[{"embeddable":true,"href":"https:\/\/www.gdapress.it\/it\/index.php\/wp-json\/wp\/v2\/comments?post=56321"}],"version-history":[{"count":1,"href":"https:\/\/www.gdapress.it\/it\/index.php\/wp-json\/wp\/v2\/posts\/56321\/revisions"}],"predecessor-version":[{"id":56323,"href":"https:\/\/www.gdapress.it\/it\/index.php\/wp-json\/wp\/v2\/posts\/56321\/revisions\/56323"}],"wp:attachment":[{"href":"https:\/\/www.gdapress.it\/it\/index.php\/wp-json\/wp\/v2\/media?parent=56321"}],"wp:term":[{"taxonomy":"category","embeddable":true,"href":"https:\/\/www.gdapress.it\/it\/index.php\/wp-json\/wp\/v2\/categories?post=56321"},{"taxonomy":"post_tag","embeddable":true,"href":"https:\/\/www.gdapress.it\/it\/index.php\/wp-json\/wp\/v2\/tags?post=56321"}],"curies":[{"name":"wp","href":"https:\/\/api.w.org\/{rel}","templated":true}]}}