
{"id":56301,"date":"2016-03-02T10:16:12","date_gmt":"2016-03-02T08:16:12","guid":{"rendered":"http:\/\/www.gdapress.it\/it\/?p=56301"},"modified":"2016-03-13T20:30:30","modified_gmt":"2016-03-13T18:30:30","slug":"nonostante-marras-presentazione-del-volume-volpi-e-leoni-i-medici-machiavelli-e-la-rovina-ditalia-di-marcello-simonetta","status":"publish","type":"post","link":"https:\/\/www.gdapress.it\/it\/index.php\/56301\/libri\/nonostante-marras-presentazione-del-volume-volpi-e-leoni-i-medici-machiavelli-e-la-rovina-ditalia-di-marcello-simonetta.html","title":{"rendered":"NONOSTANTE MARRAS Presentazione del volume  Volpi e leoni. I Medici, Machiavelli e la rovina d\u2019Italia  di Marcello Simonetta"},"content":{"rendered":"<p class=\"ecxMsoNormal\"><a href=\"http:\/\/www.gdapress.it\/it\/..\/public\/it\/2016\/03\/MSimonetta_VOLPIeLEONI_CopertinaLibro.jpg\"><img loading=\"lazy\" decoding=\"async\" class=\"alignnone size-medium wp-image-56302\" src=\"http:\/\/www.gdapress.it\/it\/..\/public\/it\/2016\/03\/MSimonetta_VOLPIeLEONI_CopertinaLibro-207x300.jpg\" alt=\"MSimonetta_VOLPIeLEONI_CopertinaLibro\" width=\"207\" height=\"300\" srcset=\"https:\/\/www.gdapress.it\/it\/..\/public\/it\/2016\/03\/MSimonetta_VOLPIeLEONI_CopertinaLibro-207x300.jpg 207w, https:\/\/www.gdapress.it\/it\/..\/public\/it\/2016\/03\/MSimonetta_VOLPIeLEONI_CopertinaLibro-276x400.jpg 276w, https:\/\/www.gdapress.it\/it\/..\/public\/it\/2016\/03\/MSimonetta_VOLPIeLEONI_CopertinaLibro-466x676.jpg 466w, https:\/\/www.gdapress.it\/it\/..\/public\/it\/2016\/03\/MSimonetta_VOLPIeLEONI_CopertinaLibro.jpg 935w\" sizes=\"auto, (max-width: 207px) 100vw, 207px\" \/><\/a><\/p>\n<p class=\"ecxMsoNormal\"><b>Presentazione del volume<\/b><\/p>\n<p class=\"ecxMsoNormal\"><b><i>Volpi e leoni. I Medici, Machiavelli e la rovina d\u2019Italia<\/i><\/b><\/p>\n<p class=\"ecxMsoNormal\"><b>di Marcello Simonetta<\/b><\/p>\n<p class=\"ecxMsoNormal\"><b><span style=\"text-decoration: underline;\">mercoled\u00ec 2 marzo 2016, ore 19.00<\/span><\/b><\/p>\n<p class=\"ecxMsoNormal\"><b>NONOSTANTE MARRAS<\/b><\/p>\n<p class=\"ecxMsoNormal\">Via Cola di Rienzo 8 \u2013 Milano<\/p>\n<p class=\"ecxMsoNormal\"><span style=\"font-size: medium;\"><i>Introduce <\/i><b>Francesca Alfano Miglietti<\/b><\/span><\/p>\n<p class=\"ecxMsoNormal\"><i><span style=\"font-size: medium;\">Intervengono<\/span> <\/i><b>Matteo Bordone, Federico Chiara, Geppi Cucciari<i> <\/i><\/b><i><span style=\"font-size: medium;\">\u00a0\u00a0\u00a0\u00a0\u00a0\u00a0\u00a0\u00a0\u00a0\u00a0\u00a0\u00a0\u00a0\u00a0\u00a0<\/span><\/i><\/p>\n<p class=\"ecxMsoNormal\"><i><span style=\"font-size: medium;\">Conclude <\/span><\/i><span style=\"font-size: medium;\"><b>Marcello Simonetta, autore del libro<\/b><\/span><\/p>\n<p class=\"ecxMsoNormal\"><b><span style=\"font-size: medium;\">Mercoled\u00ec 2 marzo 2016 alle ore 19.00<\/span><\/b><span style=\"font-size: medium;\"> nello spazio <b>NONOSTANTE MARRAS<\/b><\/span><span style=\"font-size: medium;\"> incontro con<\/span> <b><i><span style=\"font-size: medium;\">Marcello Simonetta<\/span><\/i><\/b><span style=\"font-size: medium;\">, per la presentazione del suo ultimo libro<\/span><b><i><span style=\"font-size: medium;\">Volpi e leoni. I Medici, Machiavelli e la rovina d\u2019Italia<\/span><\/i><\/b><span style=\"font-size: medium;\">, edito da Bompiani.<\/span><\/p>\n<p class=\"ecxMsoNormal\"><span style=\"font-size: medium;\">Alla presentazione intervengono <\/span><b><span style=\"font-size: medium;\">Matteo Bordone, Federico Chiara<\/span> <\/b><span style=\"font-size: medium;\">e<\/span><b><span style=\"font-size: medium;\"> Geppi Cucciari<\/span><\/b><span style=\"font-size: medium;\">, moderati da<\/span> <b><span style=\"font-size: medium;\">Francesca Alfano Miglietti<\/span><\/b><span style=\"font-size: medium;\">, con la conclusione dell\u2019autore,<\/span> <b><span style=\"font-size: medium;\">Marcello Simonetta<\/span><\/b><span style=\"font-size: medium;\">.<\/span><\/p>\n<p class=\"ecxMsoNormal\"><span style=\"font-size: medium;\">Il volume, ambientato nella Firenze rinascimentale degli intrighi di corte medicei, \u00e8 lo spunto da cui si articola una chiacchierata sull&#8217;Italia eternamente corrotta ma creativa, sul modo di raccontare la storia in una societ\u00e0 sempre pi\u00f9 \u201csmemorata\u201d.<\/span><\/p>\n<p class=\"ecxMsoNormal\"><span style=\"font-size: medium;\">Le vicende del Rinascimento fiorentino, spesso salutato come novella et\u00e0 dell\u2019oro, svelano gli ambienti e le realt\u00e0 in cui si \u00e8 sviluppata quella culla di vizi e virt\u00f9 che distingue la storia della politica italiana ancora ai giorni nostri.<\/span><\/p>\n<p class=\"ecxMsoNormal\"><span style=\"font-size: medium;\">Il romanzo racconta le vicende familiari della famiglia de\u2019 Medici dal 1492, morte di Lorenzo il Magnifico, al 1527, data del sacco di Roma, con un\u2019attenzione per il susseguirsi degli eventi storici e ricostruzioni minuziose dove c\u2019\u00e8 niente di inventato: i dettagli pi\u00f9 inverosimili, gli avvenimenti pi\u00f9 incredibili, le coincidenze pi\u00f9 improbabili, i presagi pi\u00f9 inverificabili sono tutti veri e comprovati.<\/span><\/p>\n<p class=\"ecxMsoNormal\"><span style=\"font-size: medium;\">La domanda cardine della discussione rimane sempre la stessa: si pu\u00f2 davvero imparare dalla Storia? Quella <i>magistra vitae<\/i><\/span><span style=\"font-size: medium;\"> che insegnano fin dai primi anni di scuola \u00e8 davvero foriera di un sapere evolutivo?<\/span><\/p>\n<p class=\"ecxMsoNormal\"><span style=\"font-size: medium;\">Le analogie tra ora e allora sono innumerevoli: le transazioni di denaro connesse all\u2019esercizio del potere (dal 1512 al 1527, per sovvenzionare i papi della famiglia Medici, Firenze stanzi\u00f2 a fondo perduto quattro milioni di ducati), l\u2019estorsione di debiti e favori, l\u2019arrivismo, la concussione, il mantenimento del consenso popolare attraverso mezzi demagogici, la connessione e l\u2019interconnessione tra politica e finanza. Il romanzo consente di cogliere un\u2019inquietante somiglianza tra la \u00abcorte dei miracoli\u00bb di Leone X, il primo papa de\u2019 Medici e la Roma dell\u2019ultimo ventennio.<\/span><\/p>\n<p class=\"ecxMsoNormal\"><b><span style=\"font-size: medium;\">\u00a0<\/span><\/b><\/p>\n<p class=\"ecxMsoNormal\"><b><span style=\"font-size: medium;\">Marcello Simonetta, note biografiche<\/span><\/b><\/p>\n<p class=\"ecxMsoNormal\"><span style=\"font-size: medium;\">Marcello Simonetta, laureato a Roma, ha conseguito un dottorato alla Yale University. \u00c8 stato documentarista, curatore di mostre e consulente di videogiochi di grande successo. Tra i suoi libri ricordiamo <i>Rinascimento segreto<\/i><\/span><span style=\"font-size: medium;\">.<\/span><\/p>\n<p class=\"ecxMsoNormal\"><i><span style=\"font-size: medium;\">Il mondo del segretario da Petrarca a Machiavelli<\/span><\/i><span style=\"font-size: medium;\"> (2004), <i>L\u2019enigma Montefeltro<\/i><\/span><span style=\"font-size: medium;\"> (2008), tradotto in quattro lingue,<\/span> <i><span style=\"font-size: medium;\">Il fratello ribelle di Napoleone<\/span><\/i><span style=\"font-size: medium;\">, scritto a quattro mani con Noga Arikha (Bompiani, 2011),<\/span> <i><span style=\"font-size: medium;\">La congiura della verit\u00e0<\/span><\/i><span style=\"font-size: medium;\"> (2012). Vive a Parigi, dove insegna Storia e Scienze politiche.<\/span><\/p>\n<p class=\"ecxMsoNormal\"><span style=\"font-size: medium;\">\u00a0<\/span><\/p>\n<p class=\"ecxMsoNormal\"><b><span style=\"font-size: medium;\">SCHEDA INFORMATIVA<\/span><\/b><\/p>\n<p class=\"ecxMsoNormal\"><b><\/b><span style=\"font-size: medium;\"><b>Volume:\u00a0\u00a0\u00a0\u00a0\u00a0\u00a0\u00a0 <\/b><i>Volpi e leoni. I Medici, Machiavelli e la rovina d\u2019Italia,<b> <\/b><\/i>di Marcello Simonetta, Bompiani 2014<b><\/b><\/span><\/p>\n<p class=\"ecxMsoNormal\"><b>Sede:\u00a0\u00a0\u00a0\u00a0\u00a0\u00a0\u00a0\u00a0\u00a0\u00a0\u00a0\u00a0\u00a0\u00a0\u00a0 \u00a0 NONOSTANTE MARRAS<\/b>,<b> <\/b>Via Cola di Rienzo 8, 20144 Milano<b><\/b><\/p>\n<p class=\"ecxMsoNormal\"><b><span style=\"text-decoration: underline;\"><span style=\"font-size: medium;\">Ingresso <\/span><span style=\"font-size: medium;\">libero fino a esaurimento posti<\/span><\/span><\/b><\/p>\n<p class=\"ecxMsoNormal\"><span style=\"font-size: medium;\"><b>Orario:\u00a0\u00a0\u00a0\u00a0\u00a0\u00a0\u00a0\u00a0\u00a0\u00a0 <\/b>mercoled\u00ec 2 marzo 2016, ore 19.00<b><\/b><\/span><\/p>\n<p class=\"ecxMsoNormal\"><b>Informazioni:\u00a0\u00a0\u00a0 <\/b>tel.:<b> <\/b>02 76280991 \u2013 mail: <a href=\"mailto:bottega@antoniomarras.it\"><span style=\"color: #0000ff;\">bottega@antoniomarras.it<\/span><\/a><\/p>\n<p class=\"ecxMsoNormal\"><b>Sito:\u00a0\u00a0\u00a0\u00a0\u00a0\u00a0\u00a0\u00a0\u00a0\u00a0\u00a0\u00a0\u00a0\u00a0\u00a0\u00a0\u00a0\u00a0\u00a0\u00a0\u00a0 <\/b><a href=\"http:\/\/www.nonostantemarras.it\/\" target=\"_blank\"><span style=\"color: #0000ff;\">www.nonostantemarras.it<\/span><\/a><\/p>\n","protected":false},"excerpt":{"rendered":"<p>Presentazione del volume Volpi e leoni. I Medici, Machiavelli e la rovina d\u2019Italia di Marcello Simonetta mercoled\u00ec 2 marzo 2016, ore 19.00 NONOSTANTE MARRAS Via Cola di Rienzo 8 \u2013 Milano Introduce Francesca Alfano Miglietti Intervengono Matteo Bordone, Federico Chiara, Geppi Cucciari \u00a0\u00a0\u00a0\u00a0\u00a0\u00a0\u00a0\u00a0\u00a0\u00a0\u00a0\u00a0\u00a0\u00a0\u00a0 Conclude Marcello Simonetta, autore del libro Mercoled\u00ec 2 marzo 2016 alle ore &hellip; <a href=\"https:\/\/www.gdapress.it\/it\/index.php\/56301\/libri\/nonostante-marras-presentazione-del-volume-volpi-e-leoni-i-medici-machiavelli-e-la-rovina-ditalia-di-marcello-simonetta.html\" class=\"more-link\">Read more <span class=\"screen-reader-text\">NONOSTANTE MARRAS Presentazione del volume  Volpi e leoni. I Medici, Machiavelli e la rovina d\u2019Italia  di Marcello Simonetta<\/span><\/a><\/p>\n","protected":false},"author":3,"featured_media":56670,"comment_status":"closed","ping_status":"open","sticky":false,"template":"","format":"standard","meta":{"footnotes":""},"categories":[6],"tags":[17388,17387],"class_list":["post-56301","post","type-post","status-publish","format-standard","has-post-thumbnail","hentry","category-libri","tag-marcello-simonetta","tag-nonostante-marras"],"_links":{"self":[{"href":"https:\/\/www.gdapress.it\/it\/index.php\/wp-json\/wp\/v2\/posts\/56301","targetHints":{"allow":["GET"]}}],"collection":[{"href":"https:\/\/www.gdapress.it\/it\/index.php\/wp-json\/wp\/v2\/posts"}],"about":[{"href":"https:\/\/www.gdapress.it\/it\/index.php\/wp-json\/wp\/v2\/types\/post"}],"author":[{"embeddable":true,"href":"https:\/\/www.gdapress.it\/it\/index.php\/wp-json\/wp\/v2\/users\/3"}],"replies":[{"embeddable":true,"href":"https:\/\/www.gdapress.it\/it\/index.php\/wp-json\/wp\/v2\/comments?post=56301"}],"version-history":[{"count":2,"href":"https:\/\/www.gdapress.it\/it\/index.php\/wp-json\/wp\/v2\/posts\/56301\/revisions"}],"predecessor-version":[{"id":56304,"href":"https:\/\/www.gdapress.it\/it\/index.php\/wp-json\/wp\/v2\/posts\/56301\/revisions\/56304"}],"wp:featuredmedia":[{"embeddable":true,"href":"https:\/\/www.gdapress.it\/it\/index.php\/wp-json\/wp\/v2\/media\/56670"}],"wp:attachment":[{"href":"https:\/\/www.gdapress.it\/it\/index.php\/wp-json\/wp\/v2\/media?parent=56301"}],"wp:term":[{"taxonomy":"category","embeddable":true,"href":"https:\/\/www.gdapress.it\/it\/index.php\/wp-json\/wp\/v2\/categories?post=56301"},{"taxonomy":"post_tag","embeddable":true,"href":"https:\/\/www.gdapress.it\/it\/index.php\/wp-json\/wp\/v2\/tags?post=56301"}],"curies":[{"name":"wp","href":"https:\/\/api.w.org\/{rel}","templated":true}]}}