
{"id":56178,"date":"2016-02-22T16:13:10","date_gmt":"2016-02-22T14:13:10","guid":{"rendered":"http:\/\/www.gdapress.it\/it\/?p=56178"},"modified":"2016-02-22T16:13:10","modified_gmt":"2016-02-22T14:13:10","slug":"sentieri-selvaggi-sala-fassbinder-elfo-puccini","status":"publish","type":"post","link":"https:\/\/www.gdapress.it\/it\/index.php\/56178\/musica\/sentieri-selvaggi-sala-fassbinder-elfo-puccini.html","title":{"rendered":"Sentieri selvaggi Sala Fassbinder Elfo Puccini"},"content":{"rendered":"<p><a href=\"http:\/\/www.gdapress.it\/it\/..\/public\/it\/2016\/02\/Sentieri-Selvaggi_ph-Laura-Ferrari_CT4A0106.jpg\"><img loading=\"lazy\" decoding=\"async\" class=\"alignnone size-large wp-image-56179\" src=\"http:\/\/www.gdapress.it\/it\/..\/public\/it\/2016\/02\/Sentieri-Selvaggi_ph-Laura-Ferrari_CT4A0106-500x333.jpg\" alt=\"Sentieri Selvaggi Ensemble Teatro Elfo Puccini Milano, dicembre 2015\" width=\"500\" height=\"333\" srcset=\"https:\/\/www.gdapress.it\/it\/..\/public\/it\/2016\/02\/Sentieri-Selvaggi_ph-Laura-Ferrari_CT4A0106-500x333.jpg 500w, https:\/\/www.gdapress.it\/it\/..\/public\/it\/2016\/02\/Sentieri-Selvaggi_ph-Laura-Ferrari_CT4A0106-300x200.jpg 300w, https:\/\/www.gdapress.it\/it\/..\/public\/it\/2016\/02\/Sentieri-Selvaggi_ph-Laura-Ferrari_CT4A0106-900x600.jpg 900w, https:\/\/www.gdapress.it\/it\/..\/public\/it\/2016\/02\/Sentieri-Selvaggi_ph-Laura-Ferrari_CT4A0106.jpg 1280w\" sizes=\"auto, (max-width: 500px) 100vw, 500px\" \/><\/a><\/p>\n<p><strong><em>Sentieri selvaggi<\/em><\/strong><\/p>\n<p>Inaugurazione della Stagione di concerti 2016<\/p>\n<p><strong><em>Primi Piani<\/em><\/strong><\/p>\n<p><strong><em>VERTIGE<\/em><\/strong><\/p>\n<p><em>Musiche di Luca Francesconi<\/em><\/p>\n<p><em>Luned\u00ec 22 febbraio prende il via la nuova stagione di concerti in residenza all\u2019<\/em><em>Sala Fassbinder alle 21.00 il ritratto musicale di uno dei pi\u00f9 interessanti compositori del nostro tempo<\/em><\/p>\n<p><em>Fino all\u20198 giugno, sei appuntamenti con la direzione di Carlo Boccadoro<\/em><\/p>\n<p>Biglietti \u20ac 17\/ 11\/ 5, info 02.00660606<\/p>\n<p>S\u2019intitola VERTIGE ed \u00e8 dedicato a <strong>Luca Francesconi<\/strong> (1956) il concerto d\u2019inaugurazione della stagione <strong><em>Primi piani <\/em>di Sentieri selvaggi (6 appuntamenti fino all\u20198 giugno), in programma luned\u00ec 22 febbraio 2016 alle 21:00 in Sala Shakespeare. <\/strong>Il concerto d\u2019apertura fa parte della serie <em>Ritratti italiani<\/em> realizzato grazie al sostegno della Societ\u00e0 Italiana degli Autori ed Editori per il progetto <strong><em>SIAE &#8211; Classici di Oggi<\/em><\/strong>. Il programma, eseguito dall\u2019ensemble con la direzione di <strong>Carlo Boccadoro<\/strong>, \u00e8 un percorso attraverso le tappe salienti dell\u2019intera produzione di Francesconi, da <em>Viaggiatore insonne<\/em> del 1983 sino al recentissimo <em>Insieme II<\/em>, terminato a febbraio 2016 e dedicato a Sentieri selvaggi, eseguito in prima assoluta. Il concerto sar\u00e0 registrato live e pubblicato dal label <em>A simple lunch.<\/em><\/p>\n<p>La ricca produzione musicale di Francesconi da sempre affascina l\u2019ensemble per la ricchezza, la forza e il lirismo che ne caratterizzano la scrittura. Le molteplici suggestioni (avanguardia, jazz, musica popolare) e la variet\u00e0 che le sue pagine sprigionano prendono forma nei brani eseguiti in questo eterogeneo e raffinato programma che alterna interventi solistici e orchestrali: da <em>Tracce<\/em> per clarinetto basso o <em>Charlie Chan<\/em> per viola, passando attraverso <em>Chemtrails <\/em>per duo e <em>Mambo <\/em>per pianoforte solo, il programma si chiude con il virtuosistico concerto per pianoforte e 12 strumenti<em> Islands, <\/em>affidato alle mani esperte di Andrea Rebaudengo.<\/p>\n<p>La consueta formula delle introduzioni informali ai concerti che da sempre contraddistingue gli appuntamenti con Sentieri selvaggi si arricchisce quest\u2019anno delle \u201cDomande selvagge\u201d, nuovo format d\u2019incontro tra esecutori, autori presenti in sala e pubblico a cura di Angelo Miotto. Nel primo appuntamento di stagione sar\u00e0 Carlo Boccadoro a raccontare il programma in una conversazione con il compositore Luca Francesconi, presente in sala.<\/p>\n<p>La rassegna <strong><em>Primi piani<\/em><\/strong>, realizzata grazie al sostegno del Comune di Milano, SIAE e Fondazione Musicale Umberto Micheli, con il patrocinio di Regione Lombardia e con la collaborazione dell&#8217;Istituto Musicale di Rivoli \u201cG. Balmas\u201d, La Repubblica Tuttomilano, Rai Radio3, Q Code Mag, Zero e La Fabbrica di Olinda \u201cfotografa\u201d ancora una volta la scena musicale contemporanea: saranno sei i concerti\/ritratti in calendario dedicati ai compositori pi\u00f9 interessanti del nostro tempo, in cui Sentieri selvaggi esplorer\u00e0 la scrittura musicale di autori quali <strong>Louis Andriessen<\/strong>, il candidato all&#8217;Oscar <strong>David Lang<\/strong> e la nuova generazione americana composta da <strong>Nico Muhly, Missy Mazzoli, Christopher Cerrone, Sean Shepherd, David T. Little e Armando Bayolo. <\/strong>Prossimo appuntamento in cartellone, il concerto dal titolo <strong><em>Life<\/em>,<\/strong> <strong>marted\u00ec 22 marzo 2016 alle 21:00 in Sala Fassbinder <\/strong>dedicato a <strong>Louis Andriessen<\/strong><\/p>\n<p>La community degli <strong>Amici di Sentieri selvaggi, <\/strong>cresce ogni anno di pi\u00f9. Dopo gli ottimi risultati del 2015, prosegue anche per il 2016 la campagna<strong> <em>Amici per gli Amici<\/em><\/strong>, l&#8217;iniziativa che garantisce sconti, omaggi e iniziative dedicate a tutti coloro che sostengono il progetto di Sentieri selvaggi con una donazione a partire da 20 \u20ac.<\/p>\n<p>Biglietteria del Teatro Elfo Puccini &#8211; Corso Buenos Aires 33 \u2013 20124, Milano<\/p>\n<p>Tel. +39 02.00660606<\/p>\n<p><a href=\"http:\/\/www.elfo.org\/biglietteria\">www.elfo.org\/biglietteria<\/a><\/p>\n<p>Biglietti 17\/11\/5 euro (Amici di Sentieri selvaggi) \u2013 Prevendita: 1.50 euro<\/p>\n<p><strong><span style=\"text-decoration: underline;\">Luned\u00ec 22 febbraio ore 21, Sala Fassbinder, Teatro Elfo Puccini<\/span><\/strong><\/p>\n<p>VERTIGE<\/p>\n<p>Musiche di Luca Francesconi<\/p>\n<p>Programma<\/p>\n<p><em>Viaggiatore insonne, <\/em>per soprano e cinque strumenti (1983)<\/p>\n<p><em>Charlie Chan<\/em>, per viola (1990)<\/p>\n<p><em>Insieme II<\/em>, per ensemble (2016, prima esecuzione assoluta)<\/p>\n<p><em>Chemtrails<\/em>, per violino e pianoforte (2014)<em><br \/>\nMambo<\/em>, per pianoforte (1987)<br \/>\n<em>Tracce<\/em>, per clarinetto basso (1986)<em><br \/>\nIslands, <\/em>per pianoforte e 12 strumenti (1991)<\/p>\n<p><strong><span style=\"text-decoration: underline;\">Sentieri selvaggi<\/span><\/strong><\/p>\n<p>Paola Fre &#8211;\u00a0flauto<br \/>\nRemo Peronato &#8211;\u00a0oboe<br \/>\nMirco Ghirardini &#8211;\u00a0clarinetto<br \/>\nMichele Colombo &#8211;\u00a0fagotto<br \/>\nSandro Ceccarelli &#8211;\u00a0corno<br \/>\nAndrea Dulbecco &#8211;\u00a0vibrafono, xilofono e percussioni<br \/>\nSimone Beneventi &#8211;\u00a0marimba e percussioni<br \/>\nAndrea Rebaudengo -pianoforte<br \/>\nPiercarlo Sacco &#8211;\u00a0violino e viola<br \/>\nPaolo Volta &#8211;\u00a0violino<br \/>\nMaria Ronchini &#8211;\u00a0viola<br \/>\nAya Shimura &#8211;\u00a0violoncello<br \/>\nAlberto Lo Gatto &#8211;\u00a0contrabbasso<\/p>\n<p>Giulia Peri &#8211;\u00a0voce<br \/>\nCarlo Boccadoro &#8211;\u00a0direzione<\/p>\n<p>Biografie<\/p>\n<p><strong>LUCA FRANCESCONI<\/strong><\/p>\n<p>Luca Francesconi ha studiato pianoforte al Conservatorio di Milano e composizione con Azio Corghi, Karlheinz Stockhausen (a Roma), Luciano Berio (a Tanglewood) e jazz a Boston. \u00a0E\u2019 anche stato assistente di Berio tra il 1981 e il 1984. Nel 1990 ha fondato a Milano Agon Acustica Informatica Musica, un centro di produzione e ricerca musicale con le nuove tecnologie.<\/p>\n<p>Ha scritto oltre cento lavori: dal solista all&#8217;opera al multimediale, commissionati da importanti istituzioni musicali ed emittenti radiofoniche. Collabora regolarmente con prestigiosi direttori, solisti, ensemble e le migliori orchestre del mondo.<\/p>\n<p>Ha scritto cinque opere radiofoniche per la RAI e diverse opere di teatro musicale, tra le quali Ballata su libretto di Umberto Fiori (da The Rime of the Ancient Mariner di Coleridge), commissionata dal Th\u00e9\u00e2tre de la Monnaie di Bruxelles e diretta da Kazushi Ono per la regia di Achim Freyer; Buffa Opera, su testi originali di Stefano Benni, con protagonista Antonio Albanese, commissionata e prodotta dal Piccolo Teatro di Milano; \u00a0Gesualdo Considered as a Murderer, \u00a0commissionata dall\u2019Holland Festival; l\u2019oratorio drammatico TERRA su testi di Valeria Parrella, presentato al Teatro San Carlo di Napoli e l\u2019opera Quartett da Heiner M\u00fcller, commissionata dal Teatro alla Scala e dai Wiener Festwochen, con la regia di \u00c0lex Oll\u00e9 \/ Fura dels Baus e la direzione di Susanna M\u00e4lkki (2011). L\u2019opera, a cui \u00e8 stato assegnato il Premio &#8216;Franco Abbiati&#8217; 2011 per la categoria &#8216;Novit\u00e0 assoluta\u2019, \u00e8 stata ripresa pi\u00f9 di quaranta volte negli ultimi quattro anni \u00a0(Wiener Festwochen, \u00a0 Cit\u00e9 de la Musique (Parigi), Holland Festival, Oporto, Musica di Strasburgo, Op\u00e9ra de Lille, Gulbenkian di Lisbona, Royal Opera House-Covent Garden (nuova produzione), Opera di M\u00e4lmo (nuova produzione) e al Teatro Col\u00f3n di Buenos Aires.<\/p>\n<p>Il suo ampio catalogo include anche Etymo per soprano, orchestra da camera ed elettronica (da Baudelaire); Wanderer per grande orchestra (commissione della Filarmonica della Scala) diretto in prima assoluta da Riccardo Muti; Cobalt, Scarlet commissionato da Mariss Jansson per la Oslo Philharmonic e ripreso da molte altre orchestre, tra cui la Los Angeles Philharmonic Orchestra, San Francisco Symphony, Gewandhaus di Lipsia, BBC Symphony, Orchestre Philharmonique di Radio France, G\u00f6teborg Symphoniker, Cleveland Orchestra, Israel Philarmonic; il concerto per tromba e orchestra Hard Pace scritto per H\u00e5kan Hardenberger e commissionato dall\u2019Accademia di Santa Cecilia (direttore Antonio Pappano) in collaborazione con Zaterdag Matin\u00e9e (Concertgebouw), la G\u00f6teborg Symphoniker, la Bergen Philharmonic Orchestra e il Festival MITO; la video-opera Striaz; il concerto per violoncello Unexpected End of Formula commissionato ed eseguito a Colonia \u00a0da musikFabrik, dedicato a Helmuth Lachenmann; \u00a0Terre del rimorso per solisti, coro e orchestra eseguita per la prima volta \u00a0a Strasburgo con l\u2019Orchestra Sinfonica e Coro della SWR Stuttgart diretti da Peter E\u00f6tv\u00f6s; Sir\u00e8nes per 5 cori, elettronica e orchestra commissionato \u00a0dall&#8217;IRCAM e diretto da Michael Tabachnik \u00a0(Festival AGORA, Cit\u00e9 de la Musique Parigi).<\/p>\n<p>Le composizioni degli ultimi anni includono: Duende, the Dark Notes concerto per violino scritto nel 2013 per Leila Josefowicz su commissione della Swedish Radio Orchestra, BBC Proms e RAI orchestra (direttore Susanna M\u00e4llki); Piano Concerto scritto per Nicolas Hodges (2013) e commissionato da Casa da M\u00f9sica di Oporto; Dentro non ha tempo &#8211; brano sinfonico commissionato dal Teatro alla Scala &#8211; eseguito nel 2014 sotto la direzione di Esa-Pekka Salonen; Vertical Invader, concerto grosso scritto per il quintetto olandese Calefax e la Radio Filharmonisch Orkest ed eseguito al Concertgebouw di \u00a0Amsterdam (maggio 2015); Macchine in echo, concerto per il duo pianistico Grau-Schumacher, commissionato dalla WDR, \u00a0Festival MUSICA di Strasburgo e Wiener Konzerthaus\/Ernst von Siemens Foundation (eseguito alla Philharmonie di Colonia ottobre 2015); Bread, Water and Salt \u00a0per soprano, coro e orchestra ispirato a Nelson Mandela (commissionato dall\u2019Accademia di Santa Cecilia e da Radio France) ed eseguito in prima assoluta a Roma (ottobre 2015) sotto la direzione di Antonio Pappano. Luca Francesconi svolge anche attivit\u00e0 di direttore d&#8217;orchestra. Insegna da 30 anni sia nei conservatori italiani che in corsi di perfezionamento in tutto il mondo.\u00a0\u00c8 docente e capo del dipartimento di composizione alla Musikh\u00f6gskolan di Malm\u00f6 in Svezia.<\/p>\n<p>Dal 2008 al 2011 ha realizzato quattro Festival come Direttore Artistico della Biennale Musica di Venezia. Nel 2011 \u00e8 stato nominato anche consulente artistico del festival Ultima a Oslo. Nel 2012 \u00e8 stato professore \u00a0residente sia alla Fondazione Gulbelkian, dopo Emanuel Nunes, che alla nuova Acad\u00e9mie Acanthes, trasferitasi all\u2019IRCAM di Parigi. Nel 2013 \u00e8 stato compositore residente alla Casa da M\u00fasica di Oporto.<\/p>\n<p>Lavora attualmente all\u2019opera Trompe la Mort (su testo di Balzac), commissionata dall\u2019Opera Bastille per essere rappresentata nel 2017. Nuovi progetti operistici includono due commissioni ricevute rispettivamente dalla Royal Opera House, per il 2020, e dalla Zurich Opernhaus, per il 2022.<\/p>\n<table>\n<tbody>\n<tr>\n<td width=\"226\"><strong>Biglietti<\/strong><\/p>\n<p>Intero \u2013 <strong>17 \u20ac<\/strong><\/p>\n<p>Ridotto \u2013 <strong>11 \u20ac<\/strong><\/p>\n<p>Riservato agli Under30, Over65 e convenzioni: Abbonamento Musei Lombardia, Associazione NoMus, ElfoCard, FAI, Feltrinelli Carta Pi\u00f9 e MultiPi\u00f9, Fondazione Milano \u2013 Civiche Scuole di Milano, MITOCard, Touring Club, Uovo performing arts festival<\/p>\n<p>Amici \u2013 <strong>5 \u20ac<\/strong><\/p>\n<p>Riservato agli Amici 2016 di Sentieri selvaggi<\/td>\n<td width=\"257\"><strong>Abbonamenti<\/strong><\/p>\n<p>Abbonamento Trio<\/p>\n<p>3 concerti a scelta \u2013 <strong>28 \u20ac<\/strong><\/p>\n<p>Abbonamento Sestetto<\/p>\n<p>6 concerti \u2013 <strong>50 \u20ac<\/strong><\/p>\n<p>Abbonamento Speciale Amici 2016<\/p>\n<p>6 concerti \u2013 <strong>28 \u20ac<\/strong><\/p>\n<p><strong>NOVIT\u00c0!<\/strong> Abbonamento Under30<\/p>\n<p>3 concerti a scelta \u2013 <strong>20 \u20ac<\/strong><\/td>\n<td width=\"184\"><strong>Sentieri in bici<\/strong><\/p>\n<p>2 biglietti omaggio ai primi due spettatori che arriveranno in bicicletta la sera stessa del concerto.<\/td>\n<\/tr>\n<tr>\n<td width=\"226\"><strong>Vendita biglietti e prenotazioni<\/strong><\/p>\n<p>Biglietteria del Teatro Elfo Puccini<\/p>\n<p>Corso Buenos Aires 33<\/p>\n<p>20124 \u2013 Milano<\/p>\n<p>Tel. +39 02.00660606<\/p>\n<p>www.elfo.org\/biglietteria<\/td>\n<td width=\"257\"><strong>Informazioni<\/strong><\/p>\n<p>Sentieri selvaggi<\/p>\n<p>Viale Monza 169<\/p>\n<p>20125 \u2013 Milano<\/p>\n<p>pubblicherelazioni@sentieriselvaggi.org<\/p>\n<p><a href=\"http:\/\/www.sentieriselvaggi.org\/\">www.sentieriselvaggi.org<\/a><\/td>\n<td width=\"184\">&nbsp;<\/p>\n<p>&nbsp;<\/td>\n<\/tr>\n<\/tbody>\n<\/table>\n","protected":false},"excerpt":{"rendered":"<p>Sentieri selvaggi Inaugurazione della Stagione di concerti 2016 Primi Piani VERTIGE Musiche di Luca Francesconi Luned\u00ec 22 febbraio prende il via la nuova stagione di concerti in residenza all\u2019Sala Fassbinder alle 21.00 il ritratto musicale di uno dei pi\u00f9 interessanti compositori del nostro tempo Fino all\u20198 giugno, sei appuntamenti con la direzione di Carlo Boccadoro &hellip; <a href=\"https:\/\/www.gdapress.it\/it\/index.php\/56178\/musica\/sentieri-selvaggi-sala-fassbinder-elfo-puccini.html\" class=\"more-link\">Read more <span class=\"screen-reader-text\">Sentieri selvaggi Sala Fassbinder Elfo Puccini<\/span><\/a><\/p>\n","protected":false},"author":3,"featured_media":0,"comment_status":"closed","ping_status":"open","sticky":false,"template":"","format":"standard","meta":{"footnotes":""},"categories":[19],"tags":[1902,6603,4459],"class_list":["post-56178","post","type-post","status-publish","format-standard","hentry","category-musica","tag-elfo-puccini","tag-sala-fassbinder","tag-sentieri-selvaggi"],"_links":{"self":[{"href":"https:\/\/www.gdapress.it\/it\/index.php\/wp-json\/wp\/v2\/posts\/56178","targetHints":{"allow":["GET"]}}],"collection":[{"href":"https:\/\/www.gdapress.it\/it\/index.php\/wp-json\/wp\/v2\/posts"}],"about":[{"href":"https:\/\/www.gdapress.it\/it\/index.php\/wp-json\/wp\/v2\/types\/post"}],"author":[{"embeddable":true,"href":"https:\/\/www.gdapress.it\/it\/index.php\/wp-json\/wp\/v2\/users\/3"}],"replies":[{"embeddable":true,"href":"https:\/\/www.gdapress.it\/it\/index.php\/wp-json\/wp\/v2\/comments?post=56178"}],"version-history":[{"count":1,"href":"https:\/\/www.gdapress.it\/it\/index.php\/wp-json\/wp\/v2\/posts\/56178\/revisions"}],"predecessor-version":[{"id":56180,"href":"https:\/\/www.gdapress.it\/it\/index.php\/wp-json\/wp\/v2\/posts\/56178\/revisions\/56180"}],"wp:attachment":[{"href":"https:\/\/www.gdapress.it\/it\/index.php\/wp-json\/wp\/v2\/media?parent=56178"}],"wp:term":[{"taxonomy":"category","embeddable":true,"href":"https:\/\/www.gdapress.it\/it\/index.php\/wp-json\/wp\/v2\/categories?post=56178"},{"taxonomy":"post_tag","embeddable":true,"href":"https:\/\/www.gdapress.it\/it\/index.php\/wp-json\/wp\/v2\/tags?post=56178"}],"curies":[{"name":"wp","href":"https:\/\/api.w.org\/{rel}","templated":true}]}}