
{"id":56090,"date":"2016-02-15T22:31:15","date_gmt":"2016-02-15T20:31:15","guid":{"rendered":"http:\/\/www.gdapress.it\/it\/?p=56090"},"modified":"2016-02-15T22:31:15","modified_gmt":"2016-02-15T20:31:15","slug":"renoir-mic-museo-interattivo-del-cinema","status":"publish","type":"post","link":"https:\/\/www.gdapress.it\/it\/index.php\/56090\/cinema\/renoir-mic-museo-interattivo-del-cinema.html","title":{"rendered":"RENOIR MIC \u2013 MUSEO INTERATTIVO DEL CINEMA"},"content":{"rendered":"<p><a href=\"http:\/\/www.gdapress.it\/it\/..\/public\/it\/2016\/02\/Renori-1.jpg\"><img loading=\"lazy\" decoding=\"async\" class=\"alignnone size-large wp-image-56091\" src=\"http:\/\/www.gdapress.it\/it\/..\/public\/it\/2016\/02\/Renori-1-500x301.jpg\" alt=\"Renori (1)\" width=\"500\" height=\"301\" srcset=\"https:\/\/www.gdapress.it\/it\/..\/public\/it\/2016\/02\/Renori-1-500x301.jpg 500w, https:\/\/www.gdapress.it\/it\/..\/public\/it\/2016\/02\/Renori-1-300x181.jpg 300w, https:\/\/www.gdapress.it\/it\/..\/public\/it\/2016\/02\/Renori-1.jpg 900w\" sizes=\"auto, (max-width: 500px) 100vw, 500px\" \/><\/a><\/p>\n<p><strong>MIC \u2013 MUSEO INTERATTIVO DEL CINEMA<\/strong><\/p>\n<p>Viale Fulvio Testi 121, Milano<\/p>\n<p><strong>RENOIR<\/strong><\/p>\n<p>Dal 16 al 28 febbraio<\/p>\n<p><strong>Dal 16 al 28 febbraio <\/strong>presso il MIC &#8211; Museo Interattivo del Cinema, Fondazione Cineteca Italiana presenta <strong>RENOIR<\/strong>, in occasione della riedizione al romanzo <strong><em>Renoir, mio padre<\/em><\/strong> (2015, Adelphi Edizioni), una rassegna dedicata al grande pittore impressionista Auguste e a suo figlio, il regista Jean.<\/p>\n<p>Apre la rassegna il film <strong><em>Renoir<\/em><\/strong>, del regista francese Gilles Bourdos, presentato alla 65\u00aa edizione del Festival di Cannes nella sezione Un Certain Regard: ambientato nel 1915, \u00e8 un grandioso omaggio alla vita e all\u2019arte di Pierre-Auguste Renoir (1841-1919), uno dei pi\u00f9 grandi pittori dell\u2019Impressionismo, meravigliosamente descritto partendo dai suoi ultimi anni di vita trascorsi in una casa di campagna in Costa Azzurra, circondato da una premurosa servit\u00f9 che si prende cura di lui. L\u00ec, un giorno, arriva la giovane e bella Andr\u00e9e Heuchling, che riuscir\u00e0 a infondere nuovo estro creativo in Auguste, divenendone l\u2019ultima modella. Di lei, Jean, il secondogenito del Maestro, appena ritornato dal fronte della Prima guerra mondiale, ben presto s\u2019innamorer\u00e0, sposandola nel 1920. Spiccano nel film le interpretazioni di Michel Bouquet, che interpreta il grande pittore, e della giovanissima Christa Th\u00e9ret, nella parte della Hessling.<\/p>\n<p>E proprio intorno a questa figura femminile, che fu \u201cil mezzo di un tortuoso flusso di desideri amorosi e artistici, di volta in volta modella e attrice, punto di unione tra pittura e cinema\u201d, ruotano altri due film in rassegna, perch\u00e9 Jean Renoir fece di lei l\u2019attrice protagonista delle sue prime opere con il nome d\u2019arte di Catherine Hessling: <strong><em>Fille de l\u2019eau<\/em><\/strong> (La ragazza dell\u2019acqua), primo lungometraggio del grande regista francese, e<strong><em> La Petite marchande d\u2019allumettes<\/em><\/strong> (La piccola fiammiferaia), dall\u2019omonimo racconto di Hans Christian Andersen.<\/p>\n<p>Non poteva certo mancare uno dei suoi pi\u00f9 grandi capolavori, <strong><em>Une Partie de Campagne<\/em><\/strong> (Una gita in campagna), tratto da una novella di Guy de Maupassant, dove l\u2019ironia della commedia viene stemperata da una impietosa critica dei costumi sociali, a cui \u00e8 stato associato il corto d\u2019avanguardia <strong>Sur un air de Charlestone <\/strong>(Charlestone) ambientato in un\u2019Europa deserta e selvaggia del 2028.<\/p>\n<p>A completare la rassegna il documentario <strong><em>Da Renoir a Picasso<\/em><\/strong> che racconta la vita e le poetiche di Renoir, Picasso e Seurat.<\/p>\n<p>Il libro <strong><em>Renoir, mio padre<\/em><\/strong> sar\u00e0 presentato <span style=\"text-decoration: underline;\">domenica 21 febbraio alle ore 17.15<\/span> alla presenza dell\u2019editor Matteo Codignola.<\/p>\n<p><strong>INFO<\/strong><\/p>\n<p><a href=\"mailto:info@cinetecamilano.it\">info@cinetecamilano.it<\/a><\/p>\n<p><a href=\"http:\/\/www.cinetecamilano.it\/\">www.cinetecamilano.it<\/a><\/p>\n<p>T 02 87242114<\/p>\n<p>Cineteca Milano @cinetecamilano<\/p>\n<p><strong>MODALIT\u00c0 D\u2019INGRESSO ALLE PROIEZIONI<\/strong><\/p>\n<p>Biglietto d\u2019ingresso intero: \u20ac 5,50<\/p>\n<p>Biglietto ridotto: \u20ac 4,00<\/p>\n<p>Biglietto d\u2019ingresso adulto + bambino: \u20ac 6,00<\/p>\n","protected":false},"excerpt":{"rendered":"<p>MIC \u2013 MUSEO INTERATTIVO DEL CINEMA Viale Fulvio Testi 121, Milano RENOIR Dal 16 al 28 febbraio Dal 16 al 28 febbraio presso il MIC &#8211; Museo Interattivo del Cinema, Fondazione Cineteca Italiana presenta RENOIR, in occasione della riedizione al romanzo Renoir, mio padre (2015, Adelphi Edizioni), una rassegna dedicata al grande pittore impressionista Auguste &hellip; <a href=\"https:\/\/www.gdapress.it\/it\/index.php\/56090\/cinema\/renoir-mic-museo-interattivo-del-cinema.html\" class=\"more-link\">Read more <span class=\"screen-reader-text\">RENOIR MIC \u2013 MUSEO INTERATTIVO DEL CINEMA<\/span><\/a><\/p>\n","protected":false},"author":3,"featured_media":0,"comment_status":"closed","ping_status":"open","sticky":false,"template":"","format":"standard","meta":{"footnotes":""},"categories":[21],"tags":[8624,17042,3647],"class_list":["post-56090","post","type-post","status-publish","format-standard","hentry","category-cinema","tag-mic","tag-museo-interattivo-del-cinema","tag-renoir"],"_links":{"self":[{"href":"https:\/\/www.gdapress.it\/it\/index.php\/wp-json\/wp\/v2\/posts\/56090","targetHints":{"allow":["GET"]}}],"collection":[{"href":"https:\/\/www.gdapress.it\/it\/index.php\/wp-json\/wp\/v2\/posts"}],"about":[{"href":"https:\/\/www.gdapress.it\/it\/index.php\/wp-json\/wp\/v2\/types\/post"}],"author":[{"embeddable":true,"href":"https:\/\/www.gdapress.it\/it\/index.php\/wp-json\/wp\/v2\/users\/3"}],"replies":[{"embeddable":true,"href":"https:\/\/www.gdapress.it\/it\/index.php\/wp-json\/wp\/v2\/comments?post=56090"}],"version-history":[{"count":1,"href":"https:\/\/www.gdapress.it\/it\/index.php\/wp-json\/wp\/v2\/posts\/56090\/revisions"}],"predecessor-version":[{"id":56092,"href":"https:\/\/www.gdapress.it\/it\/index.php\/wp-json\/wp\/v2\/posts\/56090\/revisions\/56092"}],"wp:attachment":[{"href":"https:\/\/www.gdapress.it\/it\/index.php\/wp-json\/wp\/v2\/media?parent=56090"}],"wp:term":[{"taxonomy":"category","embeddable":true,"href":"https:\/\/www.gdapress.it\/it\/index.php\/wp-json\/wp\/v2\/categories?post=56090"},{"taxonomy":"post_tag","embeddable":true,"href":"https:\/\/www.gdapress.it\/it\/index.php\/wp-json\/wp\/v2\/tags?post=56090"}],"curies":[{"name":"wp","href":"https:\/\/api.w.org\/{rel}","templated":true}]}}