
{"id":56079,"date":"2016-02-15T21:58:13","date_gmt":"2016-02-15T19:58:13","guid":{"rendered":"http:\/\/www.gdapress.it\/it\/?p=56079"},"modified":"2016-02-15T21:58:13","modified_gmt":"2016-02-15T19:58:13","slug":"chiude-il-salon-du-chocolat-con-grande-partecipazione-di-pubblico","status":"publish","type":"post","link":"https:\/\/www.gdapress.it\/it\/index.php\/56079\/enogastronomia\/chiude-il-salon-du-chocolat-con-grande-partecipazione-di-pubblico.html","title":{"rendered":"Chiude il Salon du Chocolat con grande partecipazione di pubblico"},"content":{"rendered":"<p><a href=\"http:\/\/www.gdapress.it\/it\/..\/public\/it\/2016\/02\/CarloCracco_arrivo.jpg\"><img loading=\"lazy\" decoding=\"async\" class=\"alignnone size-medium wp-image-56080\" src=\"http:\/\/www.gdapress.it\/it\/..\/public\/it\/2016\/02\/CarloCracco_arrivo-300x200.jpg\" alt=\"CarloCracco_arrivo\" width=\"300\" height=\"200\" srcset=\"https:\/\/www.gdapress.it\/it\/..\/public\/it\/2016\/02\/CarloCracco_arrivo-300x200.jpg 300w, https:\/\/www.gdapress.it\/it\/..\/public\/it\/2016\/02\/CarloCracco_arrivo-500x334.jpg 500w, https:\/\/www.gdapress.it\/it\/..\/public\/it\/2016\/02\/CarloCracco_arrivo-900x601.jpg 900w, https:\/\/www.gdapress.it\/it\/..\/public\/it\/2016\/02\/CarloCracco_arrivo.jpg 2000w\" sizes=\"auto, (max-width: 300px) 100vw, 300px\" \/><\/a>\u00a0<a href=\"http:\/\/www.gdapress.it\/it\/..\/public\/it\/2016\/02\/Illy-Comaschi.jpg\"><img loading=\"lazy\" decoding=\"async\" class=\"alignnone size-medium wp-image-56081\" src=\"http:\/\/www.gdapress.it\/it\/..\/public\/it\/2016\/02\/Illy-Comaschi-300x200.jpg\" alt=\"Illy+Comaschi\" width=\"300\" height=\"200\" srcset=\"https:\/\/www.gdapress.it\/it\/..\/public\/it\/2016\/02\/Illy-Comaschi-300x200.jpg 300w, https:\/\/www.gdapress.it\/it\/..\/public\/it\/2016\/02\/Illy-Comaschi-500x334.jpg 500w, https:\/\/www.gdapress.it\/it\/..\/public\/it\/2016\/02\/Illy-Comaschi-900x601.jpg 900w, https:\/\/www.gdapress.it\/it\/..\/public\/it\/2016\/02\/Illy-Comaschi.jpg 2000w\" sizes=\"auto, (max-width: 300px) 100vw, 300px\" \/><\/a>\u00a0<a href=\"http:\/\/www.gdapress.it\/it\/..\/public\/it\/2016\/02\/byColenghi.jpg\"><img loading=\"lazy\" decoding=\"async\" class=\"alignnone size-medium wp-image-56082\" src=\"http:\/\/www.gdapress.it\/it\/..\/public\/it\/2016\/02\/byColenghi-300x200.jpg\" alt=\"byColenghi\" width=\"300\" height=\"200\" srcset=\"https:\/\/www.gdapress.it\/it\/..\/public\/it\/2016\/02\/byColenghi-300x200.jpg 300w, https:\/\/www.gdapress.it\/it\/..\/public\/it\/2016\/02\/byColenghi-500x334.jpg 500w, https:\/\/www.gdapress.it\/it\/..\/public\/it\/2016\/02\/byColenghi-900x601.jpg 900w, https:\/\/www.gdapress.it\/it\/..\/public\/it\/2016\/02\/byColenghi.jpg 2000w\" sizes=\"auto, (max-width: 300px) 100vw, 300px\" \/><\/a><\/p>\n<p><b>Chiude il Salon du Chocolat con affluenza record di 19.500 presenze in tre giorni. Nell\u2019ultima giornata grande partecipazione di pubblico ai pastry show di Paolo Sacchetti, Andrea Provenzani, Alessandro Servida, Marco Bianchi, Rossano Boscolo, Lucia Tellone, Sara Preceruti, Paolo Griffa e Maurizio Colenghi. Centinaia di fan hanno affollato la presentazione dell\u2019ultimo libro di Carlo Cracco.<\/b><\/p>\n<p>La prima edizione italiana del Salon du Chocolat chiude con un record di 19.500 presenze complessive su tre giorni. Nella giornata conclusiva di oggi presenti anche numerosi operatori economici, scuole e troupe televisive.<\/p>\n<p>\u201cSiamo estremamente felici per il grande successo di pubblico ma soprattutto per la qualit\u00e0 degli stand e dei contenuti culturali e gastronomici proposti \u2013 ha dichiarato <b>Roberto Silva Coronel<\/b>, organizzatore del festival \u2013 e siamo molto soddisfatti per la risposta dei milanesi, pubblico curioso, competente e appassionato che ha potuto incontrare al Salon alcuni tra i massimi esperti del settore a livello internazionale. Protagonista \u00e8 stato il cioccolato e i suoi grandi interpreti \u2013 continua <b>Pietro Cerretani<\/b> curatore della manifestazione &#8211; quei pastry chef, da Iginio Massari a Davide Comaschi a Gino Fabbri, che hanno deliziato il pubblico con eventi di assoluto livello e letteralmente presi d\u2019assalto dal pubblico. Sono molti gli espositori che hanno gi\u00e0 confermato la loro presenza per la prossima edizione per la quale da domani saremo al lavoro per renderla ancora pi\u00f9 ricca di contenuti e di novit\u00e0\u201d.<\/p>\n<p>Anche nella terza giornata protagonisti gli show di maestri pasticceri e chef. Tra le ricette che hanno incantato il pubblico il \u201cCiocco-\u00f2sa!\u201d della chef<b>Lucia Tellone<\/b>, un risotto con brodo di fava tonka, bulbo di tulipano cotto sotto sale e passato al fondente e bacche di goji. Lo chef <b>Paolo Griffa<\/b> ha proposto un \u201cBoule perd\u00f9\u201d, una sfera di cioccolato, zenzero, rucola e arancia, un \u201cMuesli crock\u201d a base di yogurt, cereali e frolla al cioccolato e infine un dessert sanguinaccio, lamponi e\u00a0arachidi. La chef <b>Sara Preceruti<\/b> ha infine presentato \u201cIl cioccolato veste rosso\u201d, peperoni ripieni di cioccolato.<\/p>\n<p>Particolarmente apprezzato lo show cooking di <b>Andrea Provenzani<\/b>, che ha presentato il &#8220;Dolce &#8211; Salato&#8221;, un cremoso al caramello al sale maldon, sabl\u00e8 alle arachidi, sfoglia di cioccolato fondente, insalata di mango con pepe di sichuan e basilico.<\/p>\n<p>Nel corso della presentazione del suo ultimo libro davanti una folla incredibile di persone lo <b>chef Carlo Cracco<\/b>, raccontando l\u2019apprendistato del mestiere di cuoco, ha sottolineato come occorra girare molto, occorra aprirsi a culture diverse, e che in Italia esistono comunque opportunit\u00e0 per un giovane di aprire un proprio spazio di ristorazione. Ha inoltre dato un consiglio ai giovani, quello di essere curiosi. Da ultimo, al fianco del Campione del mondo di pasticceria <b>Davide Comaschi<\/b>, ha ricordato come sia fondamentale per un cuoco aver anche avuto una formazione nella pasticceria.<\/p>\n<p>Il Maestro <b>Paolo Sacchetti<\/b> ha deliziato il pubblico con pesche di prato al cioccolato con tegole (twill) al gru\u00e8 di cacao, mentre <b>Alessandro Servida<\/b>ha realizzato un\u2019Eclaire Cheescake. Infine <b>Marco Bianchi<\/b> ha presentato la ricetta del suo famoso Cuore di cioccolato. Particolarmente apprezzato anche il doppio pastry show di Rossano Boscolo e dei suoi assistenti del campus Etoile di Tuscania, che hanno proposto il \u201cChoc bon bon\u201d<\/p>\n<p>Il Salon du Chocolat ha chiuso la sua prima edizione con il cocktail \u201cChocolat\u201d firmato da Filippo Sisti e proposto da Bar Giornale.<\/p>\n","protected":false},"excerpt":{"rendered":"<p>\u00a0\u00a0 Chiude il Salon du Chocolat con affluenza record di 19.500 presenze in tre giorni. Nell\u2019ultima giornata grande partecipazione di pubblico ai pastry show di Paolo Sacchetti, Andrea Provenzani, Alessandro Servida, Marco Bianchi, Rossano Boscolo, Lucia Tellone, Sara Preceruti, Paolo Griffa e Maurizio Colenghi. Centinaia di fan hanno affollato la presentazione dell\u2019ultimo libro di Carlo &hellip; <a href=\"https:\/\/www.gdapress.it\/it\/index.php\/56079\/enogastronomia\/chiude-il-salon-du-chocolat-con-grande-partecipazione-di-pubblico.html\" class=\"more-link\">Read more <span class=\"screen-reader-text\">Chiude il Salon du Chocolat con grande partecipazione di pubblico<\/span><\/a><\/p>\n","protected":false},"author":3,"featured_media":0,"comment_status":"closed","ping_status":"open","sticky":false,"template":"","format":"standard","meta":{"footnotes":""},"categories":[20],"tags":[17,17121],"class_list":["post-56079","post","type-post","status-publish","format-standard","hentry","category-enogastronomia","tag-milano","tag-salon-du-chocolat"],"_links":{"self":[{"href":"https:\/\/www.gdapress.it\/it\/index.php\/wp-json\/wp\/v2\/posts\/56079","targetHints":{"allow":["GET"]}}],"collection":[{"href":"https:\/\/www.gdapress.it\/it\/index.php\/wp-json\/wp\/v2\/posts"}],"about":[{"href":"https:\/\/www.gdapress.it\/it\/index.php\/wp-json\/wp\/v2\/types\/post"}],"author":[{"embeddable":true,"href":"https:\/\/www.gdapress.it\/it\/index.php\/wp-json\/wp\/v2\/users\/3"}],"replies":[{"embeddable":true,"href":"https:\/\/www.gdapress.it\/it\/index.php\/wp-json\/wp\/v2\/comments?post=56079"}],"version-history":[{"count":1,"href":"https:\/\/www.gdapress.it\/it\/index.php\/wp-json\/wp\/v2\/posts\/56079\/revisions"}],"predecessor-version":[{"id":56083,"href":"https:\/\/www.gdapress.it\/it\/index.php\/wp-json\/wp\/v2\/posts\/56079\/revisions\/56083"}],"wp:attachment":[{"href":"https:\/\/www.gdapress.it\/it\/index.php\/wp-json\/wp\/v2\/media?parent=56079"}],"wp:term":[{"taxonomy":"category","embeddable":true,"href":"https:\/\/www.gdapress.it\/it\/index.php\/wp-json\/wp\/v2\/categories?post=56079"},{"taxonomy":"post_tag","embeddable":true,"href":"https:\/\/www.gdapress.it\/it\/index.php\/wp-json\/wp\/v2\/tags?post=56079"}],"curies":[{"name":"wp","href":"https:\/\/api.w.org\/{rel}","templated":true}]}}