
{"id":56068,"date":"2016-02-15T09:49:43","date_gmt":"2016-02-15T07:49:43","guid":{"rendered":"http:\/\/www.gdapress.it\/it\/?p=56068"},"modified":"2016-02-15T09:49:43","modified_gmt":"2016-02-15T07:49:43","slug":"renato-pozzetto-in-siccome-laltro-e-impegnato-barclays-teatro-nazionale","status":"publish","type":"post","link":"https:\/\/www.gdapress.it\/it\/index.php\/56068\/spettacoli\/renato-pozzetto-in-siccome-laltro-e-impegnato-barclays-teatro-nazionale.html","title":{"rendered":"Renato Pozzetto in   \u201cSICCOME L\u2019ALTRO \u00c8 IMPEGNATO\u201d Barclays Teatro Nazionale"},"content":{"rendered":"<p><a href=\"http:\/\/www.gdapress.it\/it\/..\/public\/it\/2016\/02\/12524097_520220068138487_4804366907851697001_n.jpg\"><img loading=\"lazy\" decoding=\"async\" class=\"alignnone size-large wp-image-56074\" src=\"http:\/\/www.gdapress.it\/it\/..\/public\/it\/2016\/02\/12524097_520220068138487_4804366907851697001_n-282x400.jpg\" alt=\"12524097_520220068138487_4804366907851697001_n\" width=\"282\" height=\"400\" srcset=\"https:\/\/www.gdapress.it\/it\/..\/public\/it\/2016\/02\/12524097_520220068138487_4804366907851697001_n-282x400.jpg 282w, https:\/\/www.gdapress.it\/it\/..\/public\/it\/2016\/02\/12524097_520220068138487_4804366907851697001_n-211x300.jpg 211w, https:\/\/www.gdapress.it\/it\/..\/public\/it\/2016\/02\/12524097_520220068138487_4804366907851697001_n-476x676.jpg 476w, https:\/\/www.gdapress.it\/it\/..\/public\/it\/2016\/02\/12524097_520220068138487_4804366907851697001_n.jpg 676w\" sizes=\"auto, (max-width: 282px) 100vw, 282px\" \/><\/a><\/p>\n<p><span style=\"text-decoration: underline;\">Luned\u00ec 15 e marted\u00ec 16 febbraio<\/span><\/p>\n<p><span style=\"text-decoration: underline;\">E a grande richiesta sabato 5 e domenica 6 marzo<\/span><\/p>\n<p><strong><em>Barclays Teatro Nazionale<\/em><\/strong><\/p>\n<p>presenta<\/p>\n<p><strong><em>Renato Pozzetto<\/em><\/strong>\u00a0in<\/p>\n<p><strong>\u201cSICCOME L\u2019ALTRO \u00c8 IMPEGNATO\u201d<\/strong><\/p>\n<p>da un\u2019idea di<strong><em> Renato Pozzetto<\/em><\/strong><\/p>\n<p>regia di <strong>Renato Pozzetto<\/strong><\/p>\n<p><strong>\u201cSICCOME L\u2019ALTRO \u00c8 IMPEGNATO\u201d<\/strong> \u00e8 lo straordinario spettacolo di Renato Pozzetto che lo vede unico interprete di questa nuovissima esperienza: un percorso artistico che attraversa 10 anni di cabaret, 15 anni di teatro e 30 anni di cinema.<\/p>\n<p>Torna al <strong><em>Barclays Teatro Nazionale<\/em><\/strong>, questa volta da solista,<strong><em> Renato Pozzetto<\/em><\/strong>\u00a0con un nuovo e originale esperimento teatrale: il cinecabaret. Un viaggio dentro tutte le sue pi\u00f9 celebri risate con videoproiezioni e commenti, inediti ed in diretta, di alcuni dei suoi pi\u00f9 famosi successi cinematografici.<\/p>\n<p>Ragionamenti, gags e momenti di grande cabaret permetteranno di ripercorrere tutta la carriera artistica dagli inizi, con il Derby di Milano, a tutte le grandi collaborazioni ed amicizie degli anni a seguire. \u00a0La novit\u00e0 di questo straordinario spettacolo sta nel saper coniugare queste due forme cos\u00ec diverse di intrattenimento: cinema e cabaret. Un alternarsi di momenti di grande comicit\u00e0 tratti dal suo tradizionale repertorio, con l\u2019intramontabile stile fatto di sketch e battute da teatro dell\u2019assurdo, a proiezioni di brevi clip, tratte dai suoi pi\u00f9 divertenti film.<\/p>\n<p>Cornice indispensabile delle serate sar\u00e0 la musica, eseguita dal vivo da un\u2019orchestra di 4 elementi e accompagnata dai suoi intramontabili brani evergreen come \u201cBella bionda\u201d, \u201cLa vita l\u2019\u00e8 bela\u201d, \u201cNebbia in Val Padana\u201d\u2026<\/p>\n<p>Il nostro cantastorie, che ha fatto e, senza saperlo, ha inventato il cabaret, con un particolare linguaggio surreale e stralunato, vi far\u00e0 trascorrere due ore di sorprendente comicit\u00e0.<\/p>\n<p><strong><em><span style=\"text-decoration: underline;\">Orari spettacolo<\/span><\/em><\/strong><\/p>\n<p>Luned\u00ec 15 febbraio, marted\u00ec 16 febbraio e sabato 5 marzo ore 20.45 \u2013 domenica 6 marzo ore 16.30<\/p>\n<p><strong>Prezzi dei biglietti comprensivi di prevendita:<\/strong><\/p>\n<p>Poltronissima \u20ac 37,00 &#8211; Poltrona \u20ac 25,00 \u2013 Visibilit\u00e0 ridotta \u20ac 18,00<\/p>\n<p><strong><em><span style=\"text-decoration: underline;\">Per informazioni e vendita:<\/span><\/em><\/strong><\/p>\n<p><strong><em><span style=\"text-decoration: underline;\">info line pubblico 02\/00 64 08 88\u00a0 (dal mercoled\u00ec al sabato dalle 15.00 alle 18.00) <\/span><\/em><\/strong><\/p>\n<p><strong><em><a href=\"http:\/\/www.teatronazionale.it\/\">www.teatronazionale.it<\/a>, <a href=\"http:\/\/www.ticketone.it\/\">www.ticketone.it<\/a> <\/em><\/strong><\/p>\n<p><strong><em>Box office Barclays Teatro Nazionale (da marted\u00ec a domenica dalle ore 12.00 alle ore 19.00)<\/em><\/strong><\/p>\n<p>&nbsp;<\/p>\n","protected":false},"excerpt":{"rendered":"<p>Luned\u00ec 15 e marted\u00ec 16 febbraio E a grande richiesta sabato 5 e domenica 6 marzo Barclays Teatro Nazionale presenta Renato Pozzetto\u00a0in \u201cSICCOME L\u2019ALTRO \u00c8 IMPEGNATO\u201d da un\u2019idea di Renato Pozzetto regia di Renato Pozzetto \u201cSICCOME L\u2019ALTRO \u00c8 IMPEGNATO\u201d \u00e8 lo straordinario spettacolo di Renato Pozzetto che lo vede unico interprete di questa nuovissima esperienza: &hellip; <a href=\"https:\/\/www.gdapress.it\/it\/index.php\/56068\/spettacoli\/renato-pozzetto-in-siccome-laltro-e-impegnato-barclays-teatro-nazionale.html\" class=\"more-link\">Read more <span class=\"screen-reader-text\">Renato Pozzetto in   \u201cSICCOME L\u2019ALTRO \u00c8 IMPEGNATO\u201d Barclays Teatro Nazionale<\/span><\/a><\/p>\n","protected":false},"author":3,"featured_media":0,"comment_status":"closed","ping_status":"open","sticky":false,"template":"","format":"standard","meta":{"footnotes":""},"categories":[8],"tags":[16436,17305,17306],"class_list":["post-56068","post","type-post","status-publish","format-standard","hentry","category-spettacoli","tag-barclays-teatro-nazionale","tag-renato-pozzetto","tag-siccome-laltro-e-impegnato"],"_links":{"self":[{"href":"https:\/\/www.gdapress.it\/it\/index.php\/wp-json\/wp\/v2\/posts\/56068","targetHints":{"allow":["GET"]}}],"collection":[{"href":"https:\/\/www.gdapress.it\/it\/index.php\/wp-json\/wp\/v2\/posts"}],"about":[{"href":"https:\/\/www.gdapress.it\/it\/index.php\/wp-json\/wp\/v2\/types\/post"}],"author":[{"embeddable":true,"href":"https:\/\/www.gdapress.it\/it\/index.php\/wp-json\/wp\/v2\/users\/3"}],"replies":[{"embeddable":true,"href":"https:\/\/www.gdapress.it\/it\/index.php\/wp-json\/wp\/v2\/comments?post=56068"}],"version-history":[{"count":1,"href":"https:\/\/www.gdapress.it\/it\/index.php\/wp-json\/wp\/v2\/posts\/56068\/revisions"}],"predecessor-version":[{"id":56075,"href":"https:\/\/www.gdapress.it\/it\/index.php\/wp-json\/wp\/v2\/posts\/56068\/revisions\/56075"}],"wp:attachment":[{"href":"https:\/\/www.gdapress.it\/it\/index.php\/wp-json\/wp\/v2\/media?parent=56068"}],"wp:term":[{"taxonomy":"category","embeddable":true,"href":"https:\/\/www.gdapress.it\/it\/index.php\/wp-json\/wp\/v2\/categories?post=56068"},{"taxonomy":"post_tag","embeddable":true,"href":"https:\/\/www.gdapress.it\/it\/index.php\/wp-json\/wp\/v2\/tags?post=56068"}],"curies":[{"name":"wp","href":"https:\/\/api.w.org\/{rel}","templated":true}]}}