
{"id":55945,"date":"2016-02-09T23:24:05","date_gmt":"2016-02-09T21:24:05","guid":{"rendered":"http:\/\/www.gdapress.it\/it\/?p=55945"},"modified":"2016-02-09T23:24:05","modified_gmt":"2016-02-09T21:24:05","slug":"damir-doma-collezione-ai-2016-fashion-show","status":"publish","type":"post","link":"https:\/\/www.gdapress.it\/it\/index.php\/55945\/costume\/damir-doma-collezione-ai-2016-fashion-show.html","title":{"rendered":"DAMIR DOMA Collezione A\/I 2016 FASHION SHOW"},"content":{"rendered":"<p><a href=\"http:\/\/www.gdapress.it\/it\/..\/public\/it\/2016\/02\/TIGI-2016-MFW-AW16-Mens-Damir-Doma_ABH_6916sml.jpg\"><img loading=\"lazy\" decoding=\"async\" class=\"alignnone size-medium wp-image-55946\" src=\"http:\/\/www.gdapress.it\/it\/..\/public\/it\/2016\/02\/TIGI-2016-MFW-AW16-Mens-Damir-Doma_ABH_6916sml-200x300.jpg\" alt=\"TIGI 2016 MFW AW16 Mens Damir Doma_ABH_6916sml\" width=\"200\" height=\"300\" srcset=\"https:\/\/www.gdapress.it\/it\/..\/public\/it\/2016\/02\/TIGI-2016-MFW-AW16-Mens-Damir-Doma_ABH_6916sml-200x300.jpg 200w, https:\/\/www.gdapress.it\/it\/..\/public\/it\/2016\/02\/TIGI-2016-MFW-AW16-Mens-Damir-Doma_ABH_6916sml-266x400.jpg 266w, https:\/\/www.gdapress.it\/it\/..\/public\/it\/2016\/02\/TIGI-2016-MFW-AW16-Mens-Damir-Doma_ABH_6916sml-450x676.jpg 450w\" sizes=\"auto, (max-width: 200px) 100vw, 200px\" \/><\/a>\u00a0\u00a0<a href=\"http:\/\/www.gdapress.it\/it\/..\/public\/it\/2016\/02\/TIGI-2016-MFW-AW16-Mens-Damir-Doma_ABH_7772sml-1.jpg\"><img loading=\"lazy\" decoding=\"async\" class=\"alignnone size-medium wp-image-55948\" src=\"http:\/\/www.gdapress.it\/it\/..\/public\/it\/2016\/02\/TIGI-2016-MFW-AW16-Mens-Damir-Doma_ABH_7772sml-1-200x300.jpg\" alt=\"TIGI 2016 MFW AW16 Mens Damir Doma_ABH_7772sml-1\" width=\"200\" height=\"300\" srcset=\"https:\/\/www.gdapress.it\/it\/..\/public\/it\/2016\/02\/TIGI-2016-MFW-AW16-Mens-Damir-Doma_ABH_7772sml-1-200x300.jpg 200w, https:\/\/www.gdapress.it\/it\/..\/public\/it\/2016\/02\/TIGI-2016-MFW-AW16-Mens-Damir-Doma_ABH_7772sml-1-266x400.jpg 266w, https:\/\/www.gdapress.it\/it\/..\/public\/it\/2016\/02\/TIGI-2016-MFW-AW16-Mens-Damir-Doma_ABH_7772sml-1-450x676.jpg 450w\" sizes=\"auto, (max-width: 200px) 100vw, 200px\" \/><\/a>\u00a0<a href=\"http:\/\/www.gdapress.it\/it\/..\/public\/it\/2016\/02\/TIGI-2016-MFW-AW16-Mens-Damir-Doma_ABH_7154sml-1.jpg\"><img loading=\"lazy\" decoding=\"async\" class=\"alignnone size-medium wp-image-55949\" src=\"http:\/\/www.gdapress.it\/it\/..\/public\/it\/2016\/02\/TIGI-2016-MFW-AW16-Mens-Damir-Doma_ABH_7154sml-1-300x200.jpg\" alt=\"-TIGI 2016 MFW AW16 Mens Damir Doma_ABH_7154sml-1\" width=\"300\" height=\"200\" srcset=\"https:\/\/www.gdapress.it\/it\/..\/public\/it\/2016\/02\/TIGI-2016-MFW-AW16-Mens-Damir-Doma_ABH_7154sml-1-300x200.jpg 300w, https:\/\/www.gdapress.it\/it\/..\/public\/it\/2016\/02\/TIGI-2016-MFW-AW16-Mens-Damir-Doma_ABH_7154sml-1-500x333.jpg 500w, https:\/\/www.gdapress.it\/it\/..\/public\/it\/2016\/02\/TIGI-2016-MFW-AW16-Mens-Damir-Doma_ABH_7154sml-1-900x599.jpg 900w\" sizes=\"auto, (max-width: 300px) 100vw, 300px\" \/><\/a>\u00a0<a href=\"http:\/\/www.gdapress.it\/it\/..\/public\/it\/2016\/02\/TIGI-2016-MFW-AW16-Mens-Damir-Doma_ABH_6737sml-1.jpg\"><img loading=\"lazy\" decoding=\"async\" class=\"alignnone size-medium wp-image-55950\" src=\"http:\/\/www.gdapress.it\/it\/..\/public\/it\/2016\/02\/TIGI-2016-MFW-AW16-Mens-Damir-Doma_ABH_6737sml-1-300x200.jpg\" alt=\"TIGI 2016 MFW AW16 Mens Damir Doma_ABH_6737sml-1\" width=\"300\" height=\"200\" srcset=\"https:\/\/www.gdapress.it\/it\/..\/public\/it\/2016\/02\/TIGI-2016-MFW-AW16-Mens-Damir-Doma_ABH_6737sml-1-300x200.jpg 300w, https:\/\/www.gdapress.it\/it\/..\/public\/it\/2016\/02\/TIGI-2016-MFW-AW16-Mens-Damir-Doma_ABH_6737sml-1-500x333.jpg 500w, https:\/\/www.gdapress.it\/it\/..\/public\/it\/2016\/02\/TIGI-2016-MFW-AW16-Mens-Damir-Doma_ABH_6737sml-1-900x599.jpg 900w\" sizes=\"auto, (max-width: 300px) 100vw, 300px\" \/><\/a><\/p>\n<p>HAIRSTYLING REALIZZATO DA MARCO IAFRATE, TIGI ITALY CREATIVE DIRECTOR UTILIZZANDO PRODOTTI BED HEAD FOR MEN<\/p>\n<p>ISPIRAZIONE<\/p>\n<p>La collezione Menswear A\/I 2016-2017 di Damir Doma si sviluppa grazie ad eleganti dialoghi tra concetti a prima vista opposti, che raggiungono l\u2019equilibrio perfetto una volta trasformati in materia e delineano la figura di un uomo misterioso alla ricerca di una bellezza quasi poetica.<\/p>\n<p>Costruzione e decostruzione, maschile e femminile, semplicit\u00e0 e ricercatezza, tangibile ed intangibile. Duelli di creativit\u00e0, che raccontano forza e cultura e definiscono tutti gli elementi chiave della collezione.<\/p>\n<p>GET THE LOOK<\/p>\n<p>Marco Iafrate ha creato due look molto simili, uno femminile e uno maschile, uniti alla base dallo stesso principio \u201cdefinito\/indefinito\u201d (al naturale).<\/p>\n<p>Per l\u2019uomo \u00e8 stato utilizzato Pure texture Molding Paste per creare texture e donare flessibilit\u00e0. Il look \u00e8 stato poi completato con Silck Trick Firm Hold Pomade per offrire tenuta e resistenza ai capelli senza ungerli. Per la donna \u00e8 stato scelto After Party per controllare ed eliminare il crespo. L\u2019hairlook \u00e8 stato completato vaporizzando uno spray fissante. I modelli sono stati pettinati con una riga naturale e le lunghezze da un lato sui capelli medio-lunghi in modo da avere un look individuale per ciascun outfit. In alcune zone dono state utilizzate trecce finissime per dare controllo alla giacca ed \u00e8 stato ricreato il concetto proposto nella collezione di Damir Doma ossia pezzi di materiale che vengono intrecciati negli abiti e si muovono mentre i modelli camminano, ricostruendo la stessa sinergia.<\/p>\n<p>Per creare questo effetto \u00e8 stata utilizzata sui capelli asciutti BED HEAD Superstar Queen For a Day, spray volumizzante e texturizzante, per controllare la forma.<\/p>\n<p>Marco Iafrate, TIGI Creative Director e Educational Manager Italia e Head Hair Stylist dello show, ha spiegato il concept del look \u201cabbiamo creato due look molto simili, uno per la donna e uno per l\u2019uomo. Entrambi i look sono stati ideati per mantenere la forma e controllare il look finale, come se fossero stati pettinati il giorno prima: un vero e proprio Bed Head style. Il risultato \u00e8 naturale ma disciplinato, come se i modelli si fossero modellati il look con le proprie mani, poco prima di uscire in passerella\u201d.<\/p>\n<p>TIGI \u201cby hairdressers for haidressers\u201d.<\/p>\n<p>Il brand TIGI \u00e8 stato fondato dai fratelli Mascolo, una famiglia di parrucchieri che ha saputo interpretare al meglio la quotidianit\u00e0 del salone.<\/p>\n<p>La mission del marchio \u00e8 infatti ideare e creare prodotti e servizi per i parrucchieri. Il TIGI International Creative Team guidato da Anthony Mascolo lavora a stretto contatto con il team di Ricerca &amp; Sviluppo nell\u2019ideazione di nuovi prodotti, cos\u00ec da aumentare la professionalit\u00e0 dei parrucchieri nel mondo.<\/p>\n<p>I prodotti nascono per migliorare, amplificare e intensificare ogni acconciatura, dando la perfetta base per lavorare con libert\u00e0 e creativit\u00e0.<\/p>\n<p>Il plus di tigi \u00e8 il cocktailing, la possibilit\u00e0 di unire nell\u2019utilizzo pi\u00f9 prodotti per potenziare le caratteristiche in base allo stile unico di ogni persona.<\/p>\n<p>Marco Iafrate Background:<\/p>\n<p>Dopo essersi formato in Italia, Marco si trasferisce in UK dove lavora con Anthony Mascolo presso il salone di Myfair. Nel 2006, Anthony Mascolo lo invita a diventare uno dei membri fondatori del TIGI Creative Team, fino a diventare Creative Director dell\u2019Accademia Europea di TIGI a Londra. Durante questo periodo ga tenuto diversi seminari TIGI e ha partecipato a diversi hair show nel mondo. Nel 2011, con il lancio dell\u2019accademia TIGI a Milano, Marco \u00e8 stato nominato TIGI Creative Director and Educational Manager Italia, mantenendo il suo ruolo durante gli hair show di TIGI e partecipando alla fashion weeks internazionali.<\/p>\n<p>Parlando delle sue esperienze\u00a0 con il team creativo di TIGI Marco afferma: \u201cFar parte del Team Creativo Internazionale \u00e8 un\u2019esperienza dura ma incredibilmente motivante. Siamo sempre impegnati per migliorare la nostra performance come team e ci supportiamo a vicenda. Condividiamo le nostre idee e creativit\u00e0 per sviluppare nuovi trend e raggiungere traguardi sempre pi\u00f9 alti\u201d.<\/p>\n<p>TIGI Italy Creative and Education Director:<\/p>\n<p>Dopo 14 anni a Londra, Marco torna in Italia per dirigere l\u2019Educational e lo sviluppo creativo di TIGI in Italia.<\/p>\n<p>Marco continua a mantenere il suo ruolo nel TIGI International Creative Team continuando a lavorare alle collezioni TIGI, shooting fotografici e partecipando alle Fashion Week di New York, Londra, Milano, Parigi e Mumbai.<\/p>\n<p>It.tigiprofessional.com<\/p>\n","protected":false},"excerpt":{"rendered":"<p>\u00a0\u00a0\u00a0\u00a0 HAIRSTYLING REALIZZATO DA MARCO IAFRATE, TIGI ITALY CREATIVE DIRECTOR UTILIZZANDO PRODOTTI BED HEAD FOR MEN ISPIRAZIONE La collezione Menswear A\/I 2016-2017 di Damir Doma si sviluppa grazie ad eleganti dialoghi tra concetti a prima vista opposti, che raggiungono l\u2019equilibrio perfetto una volta trasformati in materia e delineano la figura di un uomo misterioso alla &hellip; <a href=\"https:\/\/www.gdapress.it\/it\/index.php\/55945\/costume\/damir-doma-collezione-ai-2016-fashion-show.html\" class=\"more-link\">Read more <span class=\"screen-reader-text\">DAMIR DOMA Collezione A\/I 2016 FASHION SHOW<\/span><\/a><\/p>\n","protected":false},"author":3,"featured_media":0,"comment_status":"closed","ping_status":"open","sticky":false,"template":"","format":"standard","meta":{"footnotes":""},"categories":[2244],"tags":[17270,17269,17271],"class_list":["post-55945","post","type-post","status-publish","format-standard","hentry","category-costume","tag-collezione-ai-2016","tag-damir-doma","tag-fashion-show"],"_links":{"self":[{"href":"https:\/\/www.gdapress.it\/it\/index.php\/wp-json\/wp\/v2\/posts\/55945","targetHints":{"allow":["GET"]}}],"collection":[{"href":"https:\/\/www.gdapress.it\/it\/index.php\/wp-json\/wp\/v2\/posts"}],"about":[{"href":"https:\/\/www.gdapress.it\/it\/index.php\/wp-json\/wp\/v2\/types\/post"}],"author":[{"embeddable":true,"href":"https:\/\/www.gdapress.it\/it\/index.php\/wp-json\/wp\/v2\/users\/3"}],"replies":[{"embeddable":true,"href":"https:\/\/www.gdapress.it\/it\/index.php\/wp-json\/wp\/v2\/comments?post=55945"}],"version-history":[{"count":1,"href":"https:\/\/www.gdapress.it\/it\/index.php\/wp-json\/wp\/v2\/posts\/55945\/revisions"}],"predecessor-version":[{"id":55951,"href":"https:\/\/www.gdapress.it\/it\/index.php\/wp-json\/wp\/v2\/posts\/55945\/revisions\/55951"}],"wp:attachment":[{"href":"https:\/\/www.gdapress.it\/it\/index.php\/wp-json\/wp\/v2\/media?parent=55945"}],"wp:term":[{"taxonomy":"category","embeddable":true,"href":"https:\/\/www.gdapress.it\/it\/index.php\/wp-json\/wp\/v2\/categories?post=55945"},{"taxonomy":"post_tag","embeddable":true,"href":"https:\/\/www.gdapress.it\/it\/index.php\/wp-json\/wp\/v2\/tags?post=55945"}],"curies":[{"name":"wp","href":"https:\/\/api.w.org\/{rel}","templated":true}]}}