
{"id":55777,"date":"2016-01-26T17:08:29","date_gmt":"2016-01-26T15:08:29","guid":{"rendered":"http:\/\/www.gdapress.it\/it\/?p=55777"},"modified":"2016-01-26T17:08:29","modified_gmt":"2016-01-26T15:08:29","slug":"milano-teatro-verdi-le-el-di-di-mort-alegher","status":"publish","type":"post","link":"https:\/\/www.gdapress.it\/it\/index.php\/55777\/teatro\/milano-teatro-verdi-le-el-di-di-mort-alegher.html","title":{"rendered":"MILANO  TEATRO VERDI L\u2019E\u2019 EL DI DI MORT, ALEGHER!"},"content":{"rendered":"<p><a href=\"http:\/\/www.gdapress.it\/it\/..\/public\/it\/2016\/01\/12524294_954648024572852_1380336560254944096_n.jpg\"><img loading=\"lazy\" decoding=\"async\" class=\"alignnone size-large wp-image-55779\" src=\"http:\/\/www.gdapress.it\/it\/..\/public\/it\/2016\/01\/12524294_954648024572852_1380336560254944096_n-267x400.jpg\" alt=\"12524294_954648024572852_1380336560254944096_n\" width=\"267\" height=\"400\" srcset=\"https:\/\/www.gdapress.it\/it\/..\/public\/it\/2016\/01\/12524294_954648024572852_1380336560254944096_n-267x400.jpg 267w, https:\/\/www.gdapress.it\/it\/..\/public\/it\/2016\/01\/12524294_954648024572852_1380336560254944096_n-200x300.jpg 200w, https:\/\/www.gdapress.it\/it\/..\/public\/it\/2016\/01\/12524294_954648024572852_1380336560254944096_n-451x676.jpg 451w, https:\/\/www.gdapress.it\/it\/..\/public\/it\/2016\/01\/12524294_954648024572852_1380336560254944096_n.jpg 640w\" sizes=\"auto, (max-width: 267px) 100vw, 267px\" \/><\/a><\/p>\n<p><strong>IL TEATRO MENOTTI <\/strong><\/p>\n<p><strong>AL TEATRO VERDI<\/strong><\/p>\n<p>Dal 26 al 31 gennaio 2016<\/p>\n<p><strong>Tieffe Teatro Milano<\/strong><\/p>\n<p>presenta<\/p>\n<p><strong>Marco Balbi<\/strong> e <strong>Alarico Salaroli<\/strong><\/p>\n<p>in<\/p>\n<p><strong>L\u2019E\u2019 EL DI DI MORT, ALEGHER!<\/strong><\/p>\n<p><strong><em>NAVIGLI E TRINCEE<\/em><\/strong><\/p>\n<p><strong><em>Storie e canzoni della Grande Guerra<\/em><\/strong><\/p>\n<p><em>da <\/em>Delio Tessa, Carlo Salsa, Emilio Lussu, Enzo Jannacci, Boris Vian, Corrado Alvaro<\/p>\n<p><em>alla fisarmonica <\/em>Riccardo Dell\u2019Orfano<\/p>\n<p><em>musiche arrangiate e dirette da <\/em>Alessandro Nidi<\/p>\n<p><em>luci <\/em>Mario Loprevite<\/p>\n<p><em>regia <\/em>Emilio Russo<\/p>\n<p><em>produzione <\/em>TieffeTeatro Milano<\/p>\n<p>Durata <em>70 minuti senza intervallo<\/em><\/p>\n<p>Uno spettacolo di narrazione, di parole, di musica di immagini<em> L&#8217;\u00e8 el d\u00ec di mort, alegher!<\/em><\/p>\n<p>Le parole sono quelle della Grande Guerra, quelle di uomini perduti e sperduti. Le parole di Delio Tessa, Carlo Salsa, Emilio Lussu, Enzo Jannacci, Boris Vian, Corrado Alvaro, che hanno vissuto quei giorni, quella guerra, tra ci\u00f2 che \u00e8 rimasto in mezzo alle macerie e ai paradossi. Lo sforzo di sorridere in faccia alla tragedia. In scena due attori <em>Alarico Salaroli<\/em>, <em>Marco Balbi<\/em> e la musica dal vivo per sottolineare i passaggi dello straordinario poema di Delio Tessa, considerato, forse malgrado lui e troppo tardi, uno dei pi\u00f9 grandi autori del Novecento italiano.<\/p>\n<p>Prodotto dal <em>Tieffe Teatro<\/em> lo spettacolo sar\u00e0 in scena dal 26 al 31 gennaio <em>per la Stagione del Teatro Menotti al Teatro Verdi <\/em>ed \u00e8 proposto ad un pubblico limitato di 45 spettatori, per cui la prenotazione \u00e8 obbligatoria.<\/p>\n<p><em>Uno spettacolo semplice e avvolgente, capace di unire il collettivo con l&#8217;individuale, la tragedia con la commedia. Un&#8217;aria dal retrogusto sapido, che diverte e commuove.<\/em><\/p>\n<p><strong>Vincenzo Sardelli<\/strong> \u2013 Klpteatro.it<\/p>\n<p><em>Ricordare i cento anni del pi\u00f9 doloroso avvenimento dell\u2019umanit\u00e0 deve trasformarsi nell\u2019urlo ancora pi\u00f9 forte e globale contro la guerra, in un momento in cui gli echi non troppo lontani delle zone polveriere del mondo stanno facendo vibrare il pianeta e le coscienze individuali e collettive. Il primo conflitto mondiale \u00e8 stato anche uno straordinario<\/em> teatro di posa <em>dei primi esperimenti cinematografici, che sono riusciti a documentare le zone della battaglia e soprattutto continuano a regalarci la verit\u00e0 non mediata di trincee cariche di uomini e di fango, volti scavati dal dolore e dalla paura, corpi stremati dalla fatica. Immagini senza didascalie, sfuocate, sgranate e necessarie.<\/em><\/p>\n<p>&nbsp;<\/p>\n<p>Delio Tessa <em>nel suo straordinario poema<\/em> Caporetto 1917 <em>pare quasi partire da queste immagini, sicuramente da lui non viste, per il suo viaggio in tram dentro una Milano surreale, che ascolta l\u2019eco delle battaglie lontane e prova a sopravvivere, osservata dallo sguardo lancinante del poeta, in un linguaggio che miscela tragico e comico per raccontare la commedia di un\u2019umanit\u00e0 sospesa ed in attesa. A fare da controcanto abbiamo scelto le parole e le canzoni dissidenti, quelle di chi proprio non ci sta. Testimoni e testimonianze di diserzione morale e concreta come spiragli di luce sul buio di una perduta dignit\u00e0.<\/em><\/p>\n<p><em>Memoria storica e collettiva che viene sottolineata dalla partecipazione degli spettatori seduti allo stesso tavolo degli attori per una comunanza non solo emotiva. Una condivisione vera di riflessioni e pensieri tra immagini,\u00a0parole, musica e canzoni e&#8230; un piatto di minestrone e un bicchiere di vino.\u00a0<\/em><\/p>\n<p><strong>Emilio Russo<\/strong><\/p>\n<p><strong>TESTI<\/strong><\/p>\n<ul>\n<li><em>Caporetto 1917<\/em> (<em>L\u2019\u00e8 el d\u00ec di Mort, alegher<\/em>) &#8211; Delio Tessa<\/li>\n<li><em>Trincee<\/em> &#8211; Carlo Sansa<\/li>\n<li><em>Un anno sull\u2019altopiano<\/em> &#8211; Emilio Lussu<\/li>\n<li><em>A un compagno<\/em> &#8211; Corrado Alvaro<\/li>\n<li><em>Pro patria mori<\/em> &#8211; Wilfred Owen<\/li>\n<li><em>Il reduce<\/em> &#8211; Enzo Jannacci<\/li>\n<li><em>Lettere di ufficiali dissidenti<\/em> &#8211; Anonimi<\/li>\n<\/ul>\n<p><strong>BRANI MUSICALI<\/strong><\/p>\n<ul>\n<li><em>Monte Canino &#8211; <\/em>Anonimo<\/li>\n<li><em>Il disertore<\/em> &#8211; Boris Vian<\/li>\n<li><em>Addio padre e madre addio<\/em> &#8211; Anonimo<\/li>\n<li><em>Stelutis Alpinis<\/em> &#8211; Anonimo<\/li>\n<li><em>Oh Gorizia tu sia maledetta<\/em> -i Anonimo<\/li>\n<\/ul>\n<p><strong>TEATRO MENOTTI<\/strong><\/p>\n<p>Via Ciro Menotti 11, Milano<\/p>\n<p>tel. 02 36592544<\/p>\n<p><a href=\"mailto:biglietteria@tieffeteatro.it\">biglietteria@tieffeteatro.it<\/a><\/p>\n<p><strong>Orari di biglietteria<\/strong><\/p>\n<p>luned\u00ec e mercoled\u00ec dalle 15.00 alle 18.00<\/p>\n<p>marted\u00ec, gioved\u00ec, venerd\u00ec dalle 15.00 alle 19.00<\/p>\n<p>sabato dalle 15.30 alle 19.00<\/p>\n<p>Acquisti online<\/p>\n<p>con carta di credito su <a href=\"http:\/\/www.teatromenotti.org\/\">www.teatromenotti.or<\/a>g<\/p>\n<p>PREZZI<\/p>\n<p>intero &#8211; \u20ac 20.00<\/p>\n<p>ridotto &#8211; \u20ac 10.00<\/p>\n<p>mercoled\u00ec &#8211; \u20ac 10.00<\/p>\n<p><strong>TEATRO VERDI<\/strong><\/p>\n<p>Via Pastrengo 16 \u2013 Milano<\/p>\n<p>Tel. 02.6880038<\/p>\n<p>www.teatrodelburatto.it<\/p>\n<p><strong>ORARI SPETTACOLI AL TEATRO VERDI<\/strong><\/p>\n<p>feriali ore 20.30<\/p>\n<p>domenica ore 16.30<\/p>\n","protected":false},"excerpt":{"rendered":"<p>IL TEATRO MENOTTI AL TEATRO VERDI Dal 26 al 31 gennaio 2016 Tieffe Teatro Milano presenta Marco Balbi e Alarico Salaroli in L\u2019E\u2019 EL DI DI MORT, ALEGHER! NAVIGLI E TRINCEE Storie e canzoni della Grande Guerra da Delio Tessa, Carlo Salsa, Emilio Lussu, Enzo Jannacci, Boris Vian, Corrado Alvaro alla fisarmonica Riccardo Dell\u2019Orfano musiche &hellip; <a href=\"https:\/\/www.gdapress.it\/it\/index.php\/55777\/teatro\/milano-teatro-verdi-le-el-di-di-mort-alegher.html\" class=\"more-link\">Read more <span class=\"screen-reader-text\">MILANO  TEATRO VERDI L\u2019E\u2019 EL DI DI MORT, ALEGHER!<\/span><\/a><\/p>\n","protected":false},"author":3,"featured_media":0,"comment_status":"closed","ping_status":"open","sticky":false,"template":"","format":"standard","meta":{"footnotes":""},"categories":[1],"tags":[17212,17211,17,14110],"class_list":["post-55777","post","type-post","status-publish","format-standard","hentry","category-teatro","tag-alegher","tag-le-el-di-di-mort","tag-milano","tag-teatro-verdi"],"_links":{"self":[{"href":"https:\/\/www.gdapress.it\/it\/index.php\/wp-json\/wp\/v2\/posts\/55777","targetHints":{"allow":["GET"]}}],"collection":[{"href":"https:\/\/www.gdapress.it\/it\/index.php\/wp-json\/wp\/v2\/posts"}],"about":[{"href":"https:\/\/www.gdapress.it\/it\/index.php\/wp-json\/wp\/v2\/types\/post"}],"author":[{"embeddable":true,"href":"https:\/\/www.gdapress.it\/it\/index.php\/wp-json\/wp\/v2\/users\/3"}],"replies":[{"embeddable":true,"href":"https:\/\/www.gdapress.it\/it\/index.php\/wp-json\/wp\/v2\/comments?post=55777"}],"version-history":[{"count":1,"href":"https:\/\/www.gdapress.it\/it\/index.php\/wp-json\/wp\/v2\/posts\/55777\/revisions"}],"predecessor-version":[{"id":55780,"href":"https:\/\/www.gdapress.it\/it\/index.php\/wp-json\/wp\/v2\/posts\/55777\/revisions\/55780"}],"wp:attachment":[{"href":"https:\/\/www.gdapress.it\/it\/index.php\/wp-json\/wp\/v2\/media?parent=55777"}],"wp:term":[{"taxonomy":"category","embeddable":true,"href":"https:\/\/www.gdapress.it\/it\/index.php\/wp-json\/wp\/v2\/categories?post=55777"},{"taxonomy":"post_tag","embeddable":true,"href":"https:\/\/www.gdapress.it\/it\/index.php\/wp-json\/wp\/v2\/tags?post=55777"}],"curies":[{"name":"wp","href":"https:\/\/api.w.org\/{rel}","templated":true}]}}