
{"id":55466,"date":"2016-01-12T01:01:08","date_gmt":"2016-01-11T23:01:08","guid":{"rendered":"http:\/\/www.gdapress.it\/it\/?p=55466"},"modified":"2016-01-12T01:01:08","modified_gmt":"2016-01-11T23:01:08","slug":"studio-museo-francesco-messina-eracle-dartizio-morte-di-una-stella-e-altrove","status":"publish","type":"post","link":"https:\/\/www.gdapress.it\/it\/index.php\/55466\/arte\/studio-museo-francesco-messina-eracle-dartizio-morte-di-una-stella-e-altrove.html","title":{"rendered":"Studio Museo Francesco Messina ERACLE DARTIZIO  MORTE DI UNA STELLA E ALTROVE"},"content":{"rendered":"<p><a href=\"http:\/\/www.gdapress.it\/it\/..\/public\/it\/2016\/01\/1-Firmamento.jpg\"><img loading=\"lazy\" decoding=\"async\" class=\"alignnone size-medium wp-image-55467\" src=\"http:\/\/www.gdapress.it\/it\/..\/public\/it\/2016\/01\/1-Firmamento-300x221.jpg\" alt=\"1 Firmamento\" width=\"300\" height=\"221\" srcset=\"https:\/\/www.gdapress.it\/it\/..\/public\/it\/2016\/01\/1-Firmamento-300x221.jpg 300w, https:\/\/www.gdapress.it\/it\/..\/public\/it\/2016\/01\/1-Firmamento-500x368.jpg 500w, https:\/\/www.gdapress.it\/it\/..\/public\/it\/2016\/01\/1-Firmamento.jpg 800w\" sizes=\"auto, (max-width: 300px) 100vw, 300px\" \/><\/a>\u00a0<a href=\"http:\/\/www.gdapress.it\/it\/..\/public\/it\/2016\/01\/3-Pozzanghere.jpg\"><img loading=\"lazy\" decoding=\"async\" class=\"alignnone size-medium wp-image-55468\" src=\"http:\/\/www.gdapress.it\/it\/..\/public\/it\/2016\/01\/3-Pozzanghere-300x225.jpg\" alt=\"3 Pozzanghere\" width=\"300\" height=\"225\" srcset=\"https:\/\/www.gdapress.it\/it\/..\/public\/it\/2016\/01\/3-Pozzanghere-300x225.jpg 300w, https:\/\/www.gdapress.it\/it\/..\/public\/it\/2016\/01\/3-Pozzanghere-500x375.jpg 500w, https:\/\/www.gdapress.it\/it\/..\/public\/it\/2016\/01\/3-Pozzanghere.jpg 800w\" sizes=\"auto, (max-width: 300px) 100vw, 300px\" \/><\/a><\/p>\n<p>A MILANO LA MOSTRA DI <strong>ERACLE DARTIZIO<\/strong><\/p>\n<p><strong>MORTE DI UNA STELLA E ALTROVE<\/strong><\/p>\n<p><strong>Una preghiera laica per la piccolezza dell&#8217;uomo contemporaneo<\/strong><\/p>\n<p><strong>a cura di Sabino Maria Frass\u00e0<\/strong><\/p>\n<p>Studio Museo Francesco Messina<\/p>\n<p>Chiesa di San Sisto &#8211; Via San Sisto 4\/A (Via Torino) Milano<\/p>\n<p>13\u00a0&#8211; 24 Gennaio 2016<\/p>\n<p>da marted\u00ec a domenica dalle 10.00 alle 18.00<\/p>\n<p>Vernissage\u00a012\u00a0Gennaio &#8211; 18.00<\/p>\n<p>Il Comune di Milano, la Fondazione Giorgio Pardi e l\u2019associazione cramum inaugurano il 12 gennaio alle 18,00 allo Studio Museo Francesco Messina di Via San Sisto 4\/a la mostra site-specific <strong>MORTE DI UNA STELLA E ALTROVE <\/strong>di <strong>Eracle Dartizio<\/strong>, curata da Sabino Maria Frass\u00e0. Cosa ci fa comprendere meglio il nostro essere finiti e mortali se non la perdita della mamma? La ricerca umana e artistica di Eracle Dartizio parte di qui per poi riflettere sulla piccolezza dell&#8217;esperienza umana e sulla difficile e incessante ricerca di un \u201caltrove\u201d, di un rifugio e di una speranza.<\/p>\n<p>L\u2019artista mette cos\u00ec lo <strong>spettatore di fronte alla morte dell&#8217;universo<\/strong>: i cieli crollano travolgendo anche le sculture equestri di Francesco Messina, le \u201cpozzanghere\u201d sono innalzate e finiscono per essere le uniche stelle e fonti di luce. <strong>Eracle Dartizio<\/strong> enfatizza ancor pi\u00f9 tale drammaticit\u00e0 attraverso la <strong>ricerca dei materiali <\/strong>e il loro accostamento: l\u2019opera \u201c<strong>Supernova<\/strong>\u201d \u00e8 ad esempio composta dal tessuto pi\u00f9 leggero al mondo (stampa su super organza giapponese) e dal materiale pi\u00f9 duro (rivestimento in nitruro di boro cubico).<\/p>\n<p>Come ricorda il <strong>curatore, Sabino Maria Frass\u00e0<\/strong>: \u00abAlla Chiesa di San Sisto, oggi Studio Museo Francesco Messina, <strong>l\u2019artista rappresenta la preghiera laica per l\u2019uomo moderno<\/strong>, cos\u00ec consapevole della propria piccolezza di fronte all\u2019universo, al mondo e alla storia umana.\u00a0 In questa preghiera non c\u2019\u00e8 spazio per le immagini. L\u2019uomo \u00e8 di fronte alla materia ed \u00e8 da solo. Tutto ci\u00f2 che lo circonda \u00e8 materia, persino il cielo, \u00a0spesso caricato di significati salvifici. Come ogni materia anche il cielo si trasformer\u00e0, collasser\u00e0, morir\u00e0. <strong>Ai cieli di Eracle Dartizio non ci si pu\u00f2 quindi aggrappare.<\/strong><\/p>\n<p>Eracle Dartizio non pu\u00f2 che proporre di <strong>ricercare quell\u2019altrove e quella speranza dentro se stessi<\/strong>. <strong>L\u2019unica luce<\/strong> della mostra non sono infatti le stelle, bens\u00ec <strong>una pozzanghera, posta al centro della Chiesa<\/strong>\u00bb<\/p>\n<p>In collaborazione con: Amaike Textile Industry, Ishikawa (J); Cafro srl, Fino Mornasco; Galleria Moitre, Torino; Silhouette Eyewear, Como.<\/p>\n<p>Si ringrazia per la concessione dell\u2019opera Pozzanghere: Fonderia Artistica Battaglia, Milano; Galleria Toselli, Milano.<\/p>\n<p><strong>ERACLE DARTIZIO<\/strong><\/p>\n<p>Eracle Dartizio, nato a Vaprio d\u2019Adda nel 1989. Ha frequentato con borsa di studio la NABA \u2013 Nuova Accademia di Belle Arti di Milano. Nel 2012 si diploma con lode in Graphic Design &amp; Art direction. Dal 2013 lavora in provincia di Milano. E\u2019 stato in residenza artistica presso la Fonderia Artistica Battaglia, in collaborazione con il Premio Arte Laguna di Venezia. Nel 2014 \u00e8 finalista del premio e lo stesso anno vince il Premio Arte Mondadori, promosso da Cairo Editore. Nel 2015 la UAL \u2013 University of the Arts London gli assegna una borsa di studio.\u00a0 Espone in Italia e all\u2019estero. Si segnala: OLTRE (Istituto di Cultura Italiana, Budapest); Open 17 (Isola di San Servolo, Venezia); Milano Citt\u00e0 Mondo (Fabbrica del Vapore, Milano). www.eracledartizio.com<\/p>\n<p><strong>Associazione cramum<\/strong><\/p>\n<p>Associazione cramum \u00e8 nato come work in progress culturale nel novembre del 2012 per promuovere l&#8217;arte contemporanea in tutte le sue forme. L\u2019associazione promuove e supporta i migliori giovani artisti che operano in Italia a prescindere dalla loro origine. L\u2019obiettivo ultimo \u00e8 mettere nelle condizioni questi talenti di vivere della propria arte. www.cramum.it |www.facebook.com\/cramum\/<\/p>\n<p>Fondazione Giorgio Pardi<\/p>\n<p>La Fondazione Giorgio Pardi lavora dal 2008 per migliorare la qualit\u00e0 della vita delle nuove generazioni. La Fondazione \u00e8 un ente non-profit che ricorda il Professor Giorgio Pardi, combattendo la fuga di cervelli e sostenendo i migliori giovani in Italia. &#8220;Sapere, Saper Fare, Saper Essere. Gli italiani devono imparare a superare le divergenze e fare squadra per affrontare con successo un mondo sempre pi\u00f9 complesso.&#8221; www.amanutricresci.com<\/p>\n<p>Per maggiori informazioni: info@cramum.org<\/p>\n<table width=\"643\">\n<tbody>\n<tr>\n<td width=\"643\">\u00a0<strong>SCHEDA MOSTRA<\/strong><\/p>\n<p><strong>MORTE DI UNA STELLA E ALTROVE di ERACLE DARTIZIO<\/strong><\/p>\n<p>a cura di<strong> Sabino Maria Frass\u00e0<\/strong><\/p>\n<p>Studio Museo Francesco Messina<\/p>\n<p>Via San Sisto 4\/a (Via Torino) Milano<\/p>\n<p>Dal 13 al 24 Gennaio 2016<\/p>\n<p>Inaugurazione marted\u00ec 12 gennaio 2016, ore 18:00<\/p>\n<p>Sito <a href=\"http:\/\/www.cramum.it\">www.cramum.it<\/a><\/p>\n<p>La visita \u00e8 gratuita<\/p>\n<p>Dal marted\u00ec alla domenica dalle 10.00 alle 18.00 Lunedi chiuso<\/td>\n<\/tr>\n<\/tbody>\n<\/table>\n","protected":false},"excerpt":{"rendered":"<p>\u00a0 A MILANO LA MOSTRA DI ERACLE DARTIZIO MORTE DI UNA STELLA E ALTROVE Una preghiera laica per la piccolezza dell&#8217;uomo contemporaneo a cura di Sabino Maria Frass\u00e0 Studio Museo Francesco Messina Chiesa di San Sisto &#8211; Via San Sisto 4\/A (Via Torino) Milano 13\u00a0&#8211; 24 Gennaio 2016 da marted\u00ec a domenica dalle 10.00 alle &hellip; <a href=\"https:\/\/www.gdapress.it\/it\/index.php\/55466\/arte\/studio-museo-francesco-messina-eracle-dartizio-morte-di-una-stella-e-altrove.html\" class=\"more-link\">Read more <span class=\"screen-reader-text\">Studio Museo Francesco Messina ERACLE DARTIZIO  MORTE DI UNA STELLA E ALTROVE<\/span><\/a><\/p>\n","protected":false},"author":3,"featured_media":0,"comment_status":"closed","ping_status":"open","sticky":false,"template":"","format":"standard","meta":{"footnotes":""},"categories":[4],"tags":[17091,14996],"class_list":["post-55466","post","type-post","status-publish","format-standard","hentry","category-arte","tag-eracle-dartizio","tag-studio-museo-francesco-messina"],"_links":{"self":[{"href":"https:\/\/www.gdapress.it\/it\/index.php\/wp-json\/wp\/v2\/posts\/55466","targetHints":{"allow":["GET"]}}],"collection":[{"href":"https:\/\/www.gdapress.it\/it\/index.php\/wp-json\/wp\/v2\/posts"}],"about":[{"href":"https:\/\/www.gdapress.it\/it\/index.php\/wp-json\/wp\/v2\/types\/post"}],"author":[{"embeddable":true,"href":"https:\/\/www.gdapress.it\/it\/index.php\/wp-json\/wp\/v2\/users\/3"}],"replies":[{"embeddable":true,"href":"https:\/\/www.gdapress.it\/it\/index.php\/wp-json\/wp\/v2\/comments?post=55466"}],"version-history":[{"count":1,"href":"https:\/\/www.gdapress.it\/it\/index.php\/wp-json\/wp\/v2\/posts\/55466\/revisions"}],"predecessor-version":[{"id":55469,"href":"https:\/\/www.gdapress.it\/it\/index.php\/wp-json\/wp\/v2\/posts\/55466\/revisions\/55469"}],"wp:attachment":[{"href":"https:\/\/www.gdapress.it\/it\/index.php\/wp-json\/wp\/v2\/media?parent=55466"}],"wp:term":[{"taxonomy":"category","embeddable":true,"href":"https:\/\/www.gdapress.it\/it\/index.php\/wp-json\/wp\/v2\/categories?post=55466"},{"taxonomy":"post_tag","embeddable":true,"href":"https:\/\/www.gdapress.it\/it\/index.php\/wp-json\/wp\/v2\/tags?post=55466"}],"curies":[{"name":"wp","href":"https:\/\/api.w.org\/{rel}","templated":true}]}}